{"id":39775,"date":"2026-02-07T18:46:34","date_gmt":"2026-02-07T18:46:34","guid":{"rendered":"https:\/\/parosrentcar.com\/fr\/?p=39775"},"modified":"2026-02-07T19:08:39","modified_gmt":"2026-02-07T19:08:39","slug":"location-de-vehicules-premium-a-paros","status":"publish","type":"post","link":"https:\/\/parosrentcar.com\/fr\/location-de-vehicules-premium-a-paros\/","title":{"rendered":"Pourquoi Paros European Rent est le Meilleur Choix pour la Location de V\u00e9hicules \u00e0 Paros"},"content":{"rendered":"<p>&nbsp;<br \/>\nLorsque vous recherchez une location de v\u00e9hicule \u00e0 Paros, le choix de la bonne entreprise joue un r\u00f4le d\u00e9terminant dans l\u2019exp\u00e9rience globale de vos vacances. Paros European Rent a r\u00e9ussi \u00e0 se d\u00e9marquer et constitue constamment l\u2019un des premiers choix des visiteurs de l\u2019\u00eele, gr\u00e2ce \u00e0 sa philosophie, \u00e0 sa longue exp\u00e9rience et \u00e0 son engagement continu envers la qualit\u00e9.<\/p>\n<p data-start=\"1133\" data-end=\"1171\"><strong>Plus de 30 ans d\u2019exp\u00e9rience locale<\/strong><\/p>\n<p data-start=\"1173\" data-end=\"1528\">Paros European Rent est active \u00e0 Paros depuis plus de 30 ans en tant qu\u2019entreprise purement locale. Cela signifie une connaissance approfondie de l\u2019\u00eele, de ses routes, des besoins des voyageurs et une assistance imm\u00e9diate \u00e0 chaque \u00e9tape de la location. Cette exp\u00e9rience se traduit par des recommandations adapt\u00e9es de v\u00e9hicules et un service irr\u00e9prochable.<\/p>\n<p data-start=\"1530\" data-end=\"1581\"><strong>Une large gamme de v\u00e9hicules pour chaque besoin<\/strong><\/p>\n<p data-start=\"1583\" data-end=\"1677\">L\u2019entreprise propose une flotte compl\u00e8te et moderne qui couvre tous les profils de visiteurs :<\/p>\n<ul>\n<li data-start=\"1679\" data-end=\"1824\">voitures citadines et familiales<\/li>\n<li data-start=\"1679\" data-end=\"1824\">SUV et v\u00e9hicules 7 places<\/li>\n<li data-start=\"1679\" data-end=\"1824\">scooters et motos<\/li>\n<li data-start=\"1679\" data-end=\"1824\">quads \/ ATV et buggies pour des exp\u00e9riences off-road<\/li>\n<\/ul>\n<p data-start=\"1826\" data-end=\"1909\">Tous les v\u00e9hicules sont parfaitement entretenus et contr\u00f4l\u00e9s apr\u00e8s chaque location.<\/p>\n<p data-start=\"1911\" data-end=\"1953\"><strong>Transparence des prix \u2013 sans surprises<\/strong><\/p>\n<p data-start=\"1955\" data-end=\"2072\">L\u2019un des principaux avantages de Paros European Rent r\u00e9side dans ses prix clairs et d\u00e9finitifs. Les tarifs incluent :<\/p>\n<ul>\n<li data-start=\"2074\" data-end=\"2147\">TVA 24 %<\/li>\n<li data-start=\"2074\" data-end=\"2147\">kilom\u00e9trage illimit\u00e9<\/li>\n<li data-start=\"2074\" data-end=\"2147\">assurance responsabilit\u00e9 civile<\/li>\n<\/ul>\n<p data-start=\"2149\" data-end=\"2190\">Sans frais cach\u00e9s et sans petites lignes.<\/p>\n<p data-start=\"2192\" data-end=\"2240\"><strong>Des services gratuits qui font la diff\u00e9rence<\/strong><\/p>\n<p data-start=\"2242\" data-end=\"2336\">Les visiteurs choisissent \u00e9galement Paros European Rent pour ses prestations suppl\u00e9mentaires :<\/p>\n<ul>\n<li data-start=\"2338\" data-end=\"2578\">&#x1f6a2; Livraison et restitution gratuites au port et \u00e0 l\u2019a\u00e9roport<\/li>\n<li data-start=\"2338\" data-end=\"2578\">&#x1f476; Si\u00e8ges enfants gratuits<\/li>\n<li data-start=\"2338\" data-end=\"2578\">&#x1fa96; Casques gratuits pour scooters, motos, quads et buggies<\/li>\n<li data-start=\"2338\" data-end=\"2578\">&#x1f4bb; R\u00e9ductions jusqu\u2019\u00e0 15 % pour les r\u00e9servations en ligne et de longue dur\u00e9e<\/li>\n<\/ul>\n<p data-start=\"2580\" data-end=\"2624\"><strong>Avis excellents et confiance des clients<\/strong><\/p>\n<p data-start=\"2626\" data-end=\"2866\">Les centaines d\u2019avis positifs et excellents sur Google confirment la constance, la courtoisie et le professionnalisme de l\u2019\u00e9quipe. De nombreux visiteurs reviennent encore et encore, choisissant Paros European Rent \u00e0 chaque s\u00e9jour sur l\u2019\u00eele.<\/p>\n<p data-start=\"2868\" data-end=\"2920\"><strong>Explorez Paros avec le partenaire le plus fiable<\/strong><\/p>\n<p data-start=\"2922\" data-end=\"3201\">Paros European Rent n\u2019est pas simplement une soci\u00e9t\u00e9 de location de v\u00e9hicules. C\u2019est un partenaire local fiable qui veille \u00e0 ce que vos d\u00e9placements \u00e0 Paros soient simples, s\u00fbrs et sans souci. Si vous recherchez s\u00e9curit\u00e9, qualit\u00e9 et v\u00e9ritable service en 2026, le choix est clair.<\/p>\n","protected":false},"excerpt":{"rendered":"<p>D\u00e9couvrez pourquoi Paros European Rent se distingue dans la location de v\u00e9hicules \u00e0 Paros. 30+ ans d\u2019exp\u00e9rience, excellents avis, prix transparents et avantages gratuits.<\/p>\n","protected":false},"author":1,"featured_media":39776,"comment_status":"open","ping_status":"open","sticky":false,"template":"","format":"standard","meta":{"footnotes":""},"categories":[118,109,117,110,116,108],"tags":[111,96,180,97,112,61],"class_list":["post-39775","post","type-post","status-publish","format-standard","has-post-thumbnail","hentry","category-location-de-atv-a-paros","category-location-de-buggy-a-paros","category-location-de-motos-a-paros","category-location-de-quad-a-paros","category-location-de-scooter-a-paros","category-location-de-voiture-a-paros","tag-location-de-atv-a-paros","tag-location-de-buggy-a-paros","tag-location-de-moto-a-paros","tag-location-de-quad-a-paros","tag-location-de-scooter-a-paros","tag-location-de-voiture-a-paros"],"yoast_head":"<!-- This site is optimized with the Yoast SEO plugin v27.1.1 - https:\/\/yoast.com\/product\/yoast-seo-wordpress\/ -->\n<title>Paros European Rent | Location de V\u00e9hicules Premium \u00e0 Paros<\/title>\n<meta name=\"description\" content=\"D\u00e9couvrez pourquoi Paros European Rent se distingue dans la location de v\u00e9hicules \u00e0 Paros. 30+ ans d\u2019exp\u00e9rience, excellents avis, prix transparents et avantages gratuits.\" \/>\n<meta name=\"robots\" content=\"index, follow, max-snippet:-1, max-image-preview:large, max-video-preview:-1\" \/>\n<link rel=\"canonical\" href=\"https:\/\/parosrentcar.com\/fr\/location-de-vehicules-premium-a-paros\/\" \/>\n<meta property=\"og:locale\" content=\"fr_FR\" \/>\n<meta property=\"og:type\" content=\"article\" \/>\n<meta property=\"og:title\" content=\"Paros European Rent | Location de V\u00e9hicules Premium \u00e0 Paros\" \/>\n<meta property=\"og:description\" content=\"D\u00e9couvrez pourquoi Paros European Rent se distingue dans la location de v\u00e9hicules \u00e0 Paros. 30+ ans d\u2019exp\u00e9rience, excellents avis, prix transparents et avantages gratuits.\" \/>\n<meta property=\"og:url\" content=\"https:\/\/parosrentcar.com\/fr\/location-de-vehicules-premium-a-paros\/\" \/>\n<meta property=\"og:site_name\" content=\"Location de voitures \u00e0 Paros Gr\u00e8ce - ParosEuropeanRent\" \/>\n<meta property=\"article:publisher\" content=\"https:\/\/www.facebook.com\/paroscarrental\" \/>\n<meta property=\"article:published_time\" content=\"2026-02-07T18:46:34+00:00\" \/>\n<meta property=\"article:modified_time\" content=\"2026-02-07T19:08:39+00:00\" \/>\n<meta property=\"og:image\" content=\"https:\/\/parosrentcar.com\/fr\/wp-content\/uploads\/2026\/02\/european-1000-400-feb.jpg\" \/>\n\t<meta property=\"og:image:width\" content=\"1000\" \/>\n\t<meta property=\"og:image:height\" content=\"400\" \/>\n\t<meta property=\"og:image:type\" content=\"image\/jpeg\" \/>\n<meta name=\"author\" content=\"admin\" \/>\n<meta name=\"twitter:label1\" content=\"\u00c9crit par\" \/>\n\t<meta name=\"twitter:data1\" content=\"admin\" \/>\n\t<meta name=\"twitter:label2\" content=\"Dur\u00e9e de lecture estim\u00e9e\" \/>\n\t<meta name=\"twitter:data2\" content=\"3 minutes\" \/>\n<script type=\"application\/ld+json\" class=\"yoast-schema-graph\">{\"@context\":\"https:\/\/schema.org\",\"@graph\":[{\"@type\":\"Article\",\"@id\":\"https:\/\/parosrentcar.com\/fr\/location-de-vehicules-premium-a-paros\/#article\",\"isPartOf\":{\"@id\":\"https:\/\/parosrentcar.com\/fr\/location-de-vehicules-premium-a-paros\/\"},\"author\":{\"name\":\"admin\",\"@id\":\"https:\/\/parosrentcar.com\/fr\/#\/schema\/person\/d743451aad44d2f5e7839544ed91721e\"},\"headline\":\"Pourquoi Paros European Rent est le Meilleur Choix pour la Location de V\u00e9hicules \u00e0 Paros\",\"datePublished\":\"2026-02-07T18:46:34+00:00\",\"dateModified\":\"2026-02-07T19:08:39+00:00\",\"mainEntityOfPage\":{\"@id\":\"https:\/\/parosrentcar.com\/fr\/location-de-vehicules-premium-a-paros\/\"},\"wordCount\":418,\"commentCount\":0,\"image\":{\"@id\":\"https:\/\/parosrentcar.com\/fr\/location-de-vehicules-premium-a-paros\/#primaryimage\"},\"thumbnailUrl\":\"https:\/\/parosrentcar.com\/fr\/wp-content\/uploads\/2026\/02\/european-1000-400-feb.jpg\",\"keywords\":[\"location de atv \u00e0 Paros\",\"location de buggy \u00e0 Paros\",\"location de moto \u00e0 Paros\",\"location de quad \u00e0 Paros\",\"location de scooter \u00e0 Paros\",\"location de voiture \u00e0 Paros\"],\"articleSection\":[\"location de atv \u00e0 Paros\",\"location de buggy \u00e0 Paros\",\"location de moto \u00e0 Paros\",\"location de quad \u00e0 Paros\",\"location de scooter \u00e0 Paros\",\"location de voiture \u00e0 Paros\"],\"inLanguage\":\"fr-FR\",\"potentialAction\":[{\"@type\":\"CommentAction\",\"name\":\"Comment\",\"target\":[\"https:\/\/parosrentcar.com\/fr\/location-de-vehicules-premium-a-paros\/#respond\"]}]},{\"@type\":\"WebPage\",\"@id\":\"https:\/\/parosrentcar.com\/fr\/location-de-vehicules-premium-a-paros\/\",\"url\":\"https:\/\/parosrentcar.com\/fr\/location-de-vehicules-premium-a-paros\/\",\"name\":\"Paros European Rent | Location de V\u00e9hicules Premium \u00e0 Paros\",\"isPartOf\":{\"@id\":\"https:\/\/parosrentcar.com\/fr\/#website\"},\"primaryImageOfPage\":{\"@id\":\"https:\/\/parosrentcar.com\/fr\/location-de-vehicules-premium-a-paros\/#primaryimage\"},\"image\":{\"@id\":\"https:\/\/parosrentcar.com\/fr\/location-de-vehicules-premium-a-paros\/#primaryimage\"},\"thumbnailUrl\":\"https:\/\/parosrentcar.com\/fr\/wp-content\/uploads\/2026\/02\/european-1000-400-feb.jpg\",\"datePublished\":\"2026-02-07T18:46:34+00:00\",\"dateModified\":\"2026-02-07T19:08:39+00:00\",\"author\":{\"@id\":\"https:\/\/parosrentcar.com\/fr\/#\/schema\/person\/d743451aad44d2f5e7839544ed91721e\"},\"description\":\"D\u00e9couvrez pourquoi Paros European Rent se distingue dans la location de v\u00e9hicules \u00e0 Paros. 30+ ans d\u2019exp\u00e9rience, excellents avis, prix transparents et avantages gratuits.\",\"breadcrumb\":{\"@id\":\"https:\/\/parosrentcar.com\/fr\/location-de-vehicules-premium-a-paros\/#breadcrumb\"},\"inLanguage\":\"fr-FR\",\"potentialAction\":[{\"@type\":\"ReadAction\",\"target\":[\"https:\/\/parosrentcar.com\/fr\/location-de-vehicules-premium-a-paros\/\"]}]},{\"@type\":\"ImageObject\",\"inLanguage\":\"fr-FR\",\"@id\":\"https:\/\/parosrentcar.com\/fr\/location-de-vehicules-premium-a-paros\/#primaryimage\",\"url\":\"https:\/\/parosrentcar.com\/fr\/wp-content\/uploads\/2026\/02\/european-1000-400-feb.jpg\",\"contentUrl\":\"https:\/\/parosrentcar.com\/fr\/wp-content\/uploads\/2026\/02\/european-1000-400-feb.jpg\",\"width\":1000,\"height\":400,\"caption\":\"Paros European Rent | Location de V\u00e9hicules Premium \u00e0 Paros\"},{\"@type\":\"BreadcrumbList\",\"@id\":\"https:\/\/parosrentcar.com\/fr\/location-de-vehicules-premium-a-paros\/#breadcrumb\",\"itemListElement\":[{\"@type\":\"ListItem\",\"position\":1,\"name\":\"Home\",\"item\":\"https:\/\/parosrentcar.com\/fr\/\"},{\"@type\":\"ListItem\",\"position\":2,\"name\":\"Pourquoi Paros European Rent est le Meilleur Choix pour la Location de V\u00e9hicules \u00e0 Paros\"}]},{\"@type\":\"WebSite\",\"@id\":\"https:\/\/parosrentcar.com\/fr\/#website\",\"url\":\"https:\/\/parosrentcar.com\/fr\/\",\"name\":\"Location de voitures \u00e0 Paros Gr\u00e8ce - ParosEuropeanRent\",\"description\":\"Location de voiture, buggy, quad, atv, scooter, moto et v\u00e9lo \u00e0 Paros\",\"potentialAction\":[{\"@type\":\"SearchAction\",\"target\":{\"@type\":\"EntryPoint\",\"urlTemplate\":\"https:\/\/parosrentcar.com\/fr\/?s={search_term_string}\"},\"query-input\":{\"@type\":\"PropertyValueSpecification\",\"valueRequired\":true,\"valueName\":\"search_term_string\"}}],\"inLanguage\":\"fr-FR\"},{\"@type\":\"Person\",\"@id\":\"https:\/\/parosrentcar.com\/fr\/#\/schema\/person\/d743451aad44d2f5e7839544ed91721e\",\"name\":\"admin\",\"image\":{\"@type\":\"ImageObject\",\"inLanguage\":\"fr-FR\",\"@id\":\"https:\/\/parosrentcar.com\/fr\/#\/schema\/person\/image\/\",\"url\":\"https:\/\/secure.gravatar.com\/avatar\/e8373ef91d847108770c709f685a900c4549230f96552692edf55206b4e6cdac?s=96&d=mm&r=g\",\"contentUrl\":\"https:\/\/secure.gravatar.com\/avatar\/e8373ef91d847108770c709f685a900c4549230f96552692edf55206b4e6cdac?s=96&d=mm&r=g\",\"caption\":\"admin\"},\"url\":\"https:\/\/parosrentcar.com\/fr\/author\/admin\/\"}]}<\/script>\n<!-- \/ Yoast SEO plugin. -->","yoast_head_json":{"title":"Paros European Rent | Location de V\u00e9hicules Premium \u00e0 Paros","description":"D\u00e9couvrez pourquoi Paros European Rent se distingue dans la location de v\u00e9hicules \u00e0 Paros. 30+ ans d\u2019exp\u00e9rience, excellents avis, prix transparents et avantages gratuits.","robots":{"index":"index","follow":"follow","max-snippet":"max-snippet:-1","max-image-preview":"max-image-preview:large","max-video-preview":"max-video-preview:-1"},"canonical":"https:\/\/parosrentcar.com\/fr\/location-de-vehicules-premium-a-paros\/","og_locale":"fr_FR","og_type":"article","og_title":"Paros European Rent | Location de V\u00e9hicules Premium \u00e0 Paros","og_description":"D\u00e9couvrez pourquoi Paros European Rent se distingue dans la location de v\u00e9hicules \u00e0 Paros. 30+ ans d\u2019exp\u00e9rience, excellents avis, prix transparents et avantages gratuits.","og_url":"https:\/\/parosrentcar.com\/fr\/location-de-vehicules-premium-a-paros\/","og_site_name":"Location de voitures \u00e0 Paros Gr\u00e8ce - ParosEuropeanRent","article_publisher":"https:\/\/www.facebook.com\/paroscarrental","article_published_time":"2026-02-07T18:46:34+00:00","article_modified_time":"2026-02-07T19:08:39+00:00","og_image":[{"width":1000,"height":400,"url":"https:\/\/parosrentcar.com\/fr\/wp-content\/uploads\/2026\/02\/european-1000-400-feb.jpg","type":"image\/jpeg"}],"author":"admin","twitter_misc":{"\u00c9crit par":"admin","Dur\u00e9e de lecture estim\u00e9e":"3 minutes"},"schema":{"@context":"https:\/\/schema.org","@graph":[{"@type":"Article","@id":"https:\/\/parosrentcar.com\/fr\/location-de-vehicules-premium-a-paros\/#article","isPartOf":{"@id":"https:\/\/parosrentcar.com\/fr\/location-de-vehicules-premium-a-paros\/"},"author":{"name":"admin","@id":"https:\/\/parosrentcar.com\/fr\/#\/schema\/person\/d743451aad44d2f5e7839544ed91721e"},"headline":"Pourquoi Paros European Rent est le Meilleur Choix pour la Location de V\u00e9hicules \u00e0 Paros","datePublished":"2026-02-07T18:46:34+00:00","dateModified":"2026-02-07T19:08:39+00:00","mainEntityOfPage":{"@id":"https:\/\/parosrentcar.com\/fr\/location-de-vehicules-premium-a-paros\/"},"wordCount":418,"commentCount":0,"image":{"@id":"https:\/\/parosrentcar.com\/fr\/location-de-vehicules-premium-a-paros\/#primaryimage"},"thumbnailUrl":"https:\/\/parosrentcar.com\/fr\/wp-content\/uploads\/2026\/02\/european-1000-400-feb.jpg","keywords":["location de atv \u00e0 Paros","location de buggy \u00e0 Paros","location de moto \u00e0 Paros","location de quad \u00e0 Paros","location de scooter \u00e0 Paros","location de voiture \u00e0 Paros"],"articleSection":["location de atv \u00e0 Paros","location de buggy \u00e0 Paros","location de moto \u00e0 Paros","location de quad \u00e0 Paros","location de scooter \u00e0 Paros","location de voiture \u00e0 Paros"],"inLanguage":"fr-FR","potentialAction":[{"@type":"CommentAction","name":"Comment","target":["https:\/\/parosrentcar.com\/fr\/location-de-vehicules-premium-a-paros\/#respond"]}]},{"@type":"WebPage","@id":"https:\/\/parosrentcar.com\/fr\/location-de-vehicules-premium-a-paros\/","url":"https:\/\/parosrentcar.com\/fr\/location-de-vehicules-premium-a-paros\/","name":"Paros European Rent | Location de V\u00e9hicules Premium \u00e0 Paros","isPartOf":{"@id":"https:\/\/parosrentcar.com\/fr\/#website"},"primaryImageOfPage":{"@id":"https:\/\/parosrentcar.com\/fr\/location-de-vehicules-premium-a-paros\/#primaryimage"},"image":{"@id":"https:\/\/parosrentcar.com\/fr\/location-de-vehicules-premium-a-paros\/#primaryimage"},"thumbnailUrl":"https:\/\/parosrentcar.com\/fr\/wp-content\/uploads\/2026\/02\/european-1000-400-feb.jpg","datePublished":"2026-02-07T18:46:34+00:00","dateModified":"2026-02-07T19:08:39+00:00","author":{"@id":"https:\/\/parosrentcar.com\/fr\/#\/schema\/person\/d743451aad44d2f5e7839544ed91721e"},"description":"D\u00e9couvrez pourquoi Paros European Rent se distingue dans la location de v\u00e9hicules \u00e0 Paros. 30+ ans d\u2019exp\u00e9rience, excellents avis, prix transparents et avantages gratuits.","breadcrumb":{"@id":"https:\/\/parosrentcar.com\/fr\/location-de-vehicules-premium-a-paros\/#breadcrumb"},"inLanguage":"fr-FR","potentialAction":[{"@type":"ReadAction","target":["https:\/\/parosrentcar.com\/fr\/location-de-vehicules-premium-a-paros\/"]}]},{"@type":"ImageObject","inLanguage":"fr-FR","@id":"https:\/\/parosrentcar.com\/fr\/location-de-vehicules-premium-a-paros\/#primaryimage","url":"https:\/\/parosrentcar.com\/fr\/wp-content\/uploads\/2026\/02\/european-1000-400-feb.jpg","contentUrl":"https:\/\/parosrentcar.com\/fr\/wp-content\/uploads\/2026\/02\/european-1000-400-feb.jpg","width":1000,"height":400,"caption":"Paros European Rent | Location de V\u00e9hicules Premium \u00e0 Paros"},{"@type":"BreadcrumbList","@id":"https:\/\/parosrentcar.com\/fr\/location-de-vehicules-premium-a-paros\/#breadcrumb","itemListElement":[{"@type":"ListItem","position":1,"name":"Home","item":"https:\/\/parosrentcar.com\/fr\/"},{"@type":"ListItem","position":2,"name":"Pourquoi Paros European Rent est le Meilleur Choix pour la Location de V\u00e9hicules \u00e0 Paros"}]},{"@type":"WebSite","@id":"https:\/\/parosrentcar.com\/fr\/#website","url":"https:\/\/parosrentcar.com\/fr\/","name":"Location de voitures \u00e0 Paros Gr\u00e8ce - ParosEuropeanRent","description":"Location de voiture, buggy, quad, atv, scooter, moto et v\u00e9lo \u00e0 Paros","potentialAction":[{"@type":"SearchAction","target":{"@type":"EntryPoint","urlTemplate":"https:\/\/parosrentcar.com\/fr\/?s={search_term_string}"},"query-input":{"@type":"PropertyValueSpecification","valueRequired":true,"valueName":"search_term_string"}}],"inLanguage":"fr-FR"},{"@type":"Person","@id":"https:\/\/parosrentcar.com\/fr\/#\/schema\/person\/d743451aad44d2f5e7839544ed91721e","name":"admin","image":{"@type":"ImageObject","inLanguage":"fr-FR","@id":"https:\/\/parosrentcar.com\/fr\/#\/schema\/person\/image\/","url":"https:\/\/secure.gravatar.com\/avatar\/e8373ef91d847108770c709f685a900c4549230f96552692edf55206b4e6cdac?s=96&d=mm&r=g","contentUrl":"https:\/\/secure.gravatar.com\/avatar\/e8373ef91d847108770c709f685a900c4549230f96552692edf55206b4e6cdac?s=96&d=mm&r=g","caption":"admin"},"url":"https:\/\/parosrentcar.com\/fr\/author\/admin\/"}]}},"_links":{"self":[{"href":"https:\/\/parosrentcar.com\/fr\/wp-json\/wp\/v2\/posts\/39775","targetHints":{"allow":["GET"]}}],"collection":[{"href":"https:\/\/parosrentcar.com\/fr\/wp-json\/wp\/v2\/posts"}],"about":[{"href":"https:\/\/parosrentcar.com\/fr\/wp-json\/wp\/v2\/types\/post"}],"author":[{"embeddable":true,"href":"https:\/\/parosrentcar.com\/fr\/wp-json\/wp\/v2\/users\/1"}],"replies":[{"embeddable":true,"href":"https:\/\/parosrentcar.com\/fr\/wp-json\/wp\/v2\/comments?post=39775"}],"version-history":[{"count":3,"href":"https:\/\/parosrentcar.com\/fr\/wp-json\/wp\/v2\/posts\/39775\/revisions"}],"predecessor-version":[{"id":39779,"href":"https:\/\/parosrentcar.com\/fr\/wp-json\/wp\/v2\/posts\/39775\/revisions\/39779"}],"wp:featuredmedia":[{"embeddable":true,"href":"https:\/\/parosrentcar.com\/fr\/wp-json\/wp\/v2\/media\/39776"}],"wp:attachment":[{"href":"https:\/\/parosrentcar.com\/fr\/wp-json\/wp\/v2\/media?parent=39775"}],"wp:term":[{"taxonomy":"category","embeddable":true,"href":"https:\/\/parosrentcar.com\/fr\/wp-json\/wp\/v2\/categories?post=39775"},{"taxonomy":"post_tag","embeddable":true,"href":"https:\/\/parosrentcar.com\/fr\/wp-json\/wp\/v2\/tags?post=39775"}],"curies":[{"name":"wp","href":"https:\/\/api.w.org\/{rel}","templated":true}]}}