{"id":39582,"date":"2025-07-10T06:16:21","date_gmt":"2025-07-10T06:16:21","guid":{"rendered":"https:\/\/parosrentcar.com\/fr\/?p=39582"},"modified":"2025-07-10T06:16:21","modified_gmt":"2025-07-10T06:16:21","slug":"location-suv-a-paros","status":"publish","type":"post","link":"https:\/\/parosrentcar.com\/fr\/location-suv-a-paros\/","title":{"rendered":"D\u00e9couvrez Paros avec les SUV BMW X1, Citro\u00ebn C3 Aircross, Opel Crossland et Suzuki Vitara de Paros European Rent !"},"content":{"rendered":"<p data-start=\"2488\" data-end=\"3084\">\n<p data-start=\"2488\" data-end=\"3084\">Paros regorge de beaut\u00e9s naturelles et de paysages uniques \u00e0 explorer de la mani\u00e8re la plus confortable et \u00e9l\u00e9gante possible. Les SUV de Paros European Rent sont le choix id\u00e9al pour d\u00e9couvrir l\u2019\u00eele en toute s\u00e9curit\u00e9, avec style et confort. Les mod\u00e8les BMW X1, Citro\u00ebn C3 Aircross, Opel Crossland et Suzuki Vitara, tous parfaitement \u00e9quip\u00e9s, vous permettent de profiter pleinement de la beaut\u00e9 de Paros, tout en ayant la libert\u00e9 d\u2019acc\u00e9der aux recoins les plus cach\u00e9s de l\u2019\u00eele.<\/p>\n<p data-start=\"3086\" data-end=\"3567\">Choisir un SUV pour visiter Paros, c\u2019est s\u2019offrir une sensation d\u2019exploration avec un maximum de libert\u00e9 et de confort. Des plages pittoresques aux eaux cristallines jusqu\u2019aux sentiers menant \u00e0 des c\u00f4tes escarp\u00e9es et des couchers de soleil magiques, les SUV sont parfaits pour d\u00e9couvrir la diversit\u00e9 des paysages de l\u2019\u00eele. Leur espace et stabilit\u00e9 vous permettent de circuler en toute confiance, m\u00eame dans les zones les plus isol\u00e9es accessibles uniquement en v\u00e9hicule tout-terrain.<\/p>\n<p data-start=\"3569\" data-end=\"3973\">Paros European Rent offre un excellent rapport qualit\u00e9-prix, avec des SUV disponibles \u00e0 partir de 60 \u20ac par jour. La location inclut kilom\u00e9trage illimit\u00e9, assurance au tiers, ainsi que le transfert gratuit depuis le port, l\u2019a\u00e9roport ou votre h\u00f4tel. Pour les familles ou groupes avec enfants, nous fournissons \u00e9galement des si\u00e8ges auto gratuitement, rendant votre exp\u00e9rience encore plus simple et agr\u00e9able.<\/p>\n<p data-start=\"3975\" data-end=\"4339\">Paros European Rent est le choix par excellence pour ceux qui recherchent un service fiable et agr\u00e9able. Nos clients fid\u00e8les laissent des avis \u00e9logieux sur la qualit\u00e9, l\u2019\u00e9tat des v\u00e9hicules et notre service personnalis\u00e9. Nos offres longue dur\u00e9e, comme la remise de 10 % pour 3 jours ou plus et 15 % pour plus de 8 jours, rendent votre s\u00e9jour encore plus avantageux.<\/p>\n<p data-start=\"4341\" data-end=\"4580\">Explorez Paros avec nos SUV, profitez du beau temps, des plages idylliques et des routes panoramiques. Les SUV de Paros European Rent sont la meilleure option pour vivre la libert\u00e9 et l\u2019aventure en toute s\u00e9curit\u00e9, avec confort et \u00e9l\u00e9gance.<\/p>\n<p data-start=\"4582\" data-end=\"4766\"><strong data-start=\"4582\" data-end=\"4687\">Contactez-nous pour r\u00e9server votre SUV et commencer votre aventure \u00e0 Paros avec Paros European Rent !<\/strong><\/p>\n","protected":false},"excerpt":{"rendered":"<p>D\u00e9couvrez Paros en SUV avec Paros European Rent. BMW X1, Vitara et plus, avec offres, assurance et prise en charge gratuite.<\/p>\n","protected":false},"author":1,"featured_media":39583,"comment_status":"open","ping_status":"open","sticky":false,"template":"","format":"standard","meta":{"footnotes":""},"categories":[360,294,392,361,295,391,300],"tags":[362,301,394,302,393,307],"class_list":["post-39582","post","type-post","status-publish","format-standard","has-post-thumbnail","hentry","category-location-de-suv-a-paros","category-location-de-voiture-suv-a-paros","category-location-suv-paros","category-locations-de-suv-a-paros","category-locations-de-voitures-suv-a-paros","category-louer-suv-a-paros","category-suv-a-paros","tag-location-de-suv-a-paros","tag-location-de-voiture-suv-a-paros","tag-location-suv-paros","tag-locations-de-voitures-suv-a-paros","tag-louer-suv-a-paros","tag-suv-a-paros"],"yoast_head":"<!-- This site is optimized with the Yoast SEO plugin v27.1.1 - https:\/\/yoast.com\/product\/yoast-seo-wordpress\/ -->\n<title>Location SUV \u00e0 Paros | Paros European Rent \u2013 Confort, s\u00e9curit\u00e9 &amp; style d\u00e8s 60 \u20ac\/jour<\/title>\n<meta name=\"description\" content=\"D\u00e9couvrez Paros en SUV avec Paros European Rent. BMW X1, Vitara et plus, avec offres, assurance et prise en charge gratuite.\" \/>\n<meta name=\"robots\" content=\"index, follow, max-snippet:-1, max-image-preview:large, max-video-preview:-1\" \/>\n<link rel=\"canonical\" href=\"https:\/\/parosrentcar.com\/fr\/location-suv-a-paros\/\" \/>\n<meta property=\"og:locale\" content=\"fr_FR\" \/>\n<meta property=\"og:type\" content=\"article\" \/>\n<meta property=\"og:title\" content=\"Location SUV \u00e0 Paros | Paros European Rent \u2013 Confort, s\u00e9curit\u00e9 &amp; style d\u00e8s 60 \u20ac\/jour\" \/>\n<meta property=\"og:description\" content=\"D\u00e9couvrez Paros en SUV avec Paros European Rent. BMW X1, Vitara et plus, avec offres, assurance et prise en charge gratuite.\" \/>\n<meta property=\"og:url\" content=\"https:\/\/parosrentcar.com\/fr\/location-suv-a-paros\/\" \/>\n<meta property=\"og:site_name\" content=\"Location de voitures \u00e0 Paros Gr\u00e8ce - ParosEuropeanRent\" \/>\n<meta property=\"article:publisher\" content=\"https:\/\/www.facebook.com\/paroscarrental\" \/>\n<meta property=\"article:published_time\" content=\"2025-07-10T06:16:21+00:00\" \/>\n<meta property=\"og:image\" content=\"https:\/\/parosrentcar.com\/fr\/wp-content\/uploads\/2025\/07\/suv-paros-european-rent.jpg\" \/>\n\t<meta property=\"og:image:width\" content=\"1000\" \/>\n\t<meta property=\"og:image:height\" content=\"400\" \/>\n\t<meta property=\"og:image:type\" content=\"image\/jpeg\" \/>\n<meta name=\"author\" content=\"admin\" \/>\n<meta name=\"twitter:label1\" content=\"\u00c9crit par\" \/>\n\t<meta name=\"twitter:data1\" content=\"admin\" \/>\n\t<meta name=\"twitter:label2\" content=\"Dur\u00e9e de lecture estim\u00e9e\" \/>\n\t<meta name=\"twitter:data2\" content=\"2 minutes\" \/>\n<script type=\"application\/ld+json\" class=\"yoast-schema-graph\">{\"@context\":\"https:\/\/schema.org\",\"@graph\":[{\"@type\":\"Article\",\"@id\":\"https:\/\/parosrentcar.com\/fr\/location-suv-a-paros\/#article\",\"isPartOf\":{\"@id\":\"https:\/\/parosrentcar.com\/fr\/location-suv-a-paros\/\"},\"author\":{\"name\":\"admin\",\"@id\":\"https:\/\/parosrentcar.com\/fr\/#\/schema\/person\/d743451aad44d2f5e7839544ed91721e\"},\"headline\":\"D\u00e9couvrez Paros avec les SUV BMW X1, Citro\u00ebn C3 Aircross, Opel Crossland et Suzuki Vitara de Paros European Rent !\",\"datePublished\":\"2025-07-10T06:16:21+00:00\",\"mainEntityOfPage\":{\"@id\":\"https:\/\/parosrentcar.com\/fr\/location-suv-a-paros\/\"},\"wordCount\":381,\"commentCount\":0,\"image\":{\"@id\":\"https:\/\/parosrentcar.com\/fr\/location-suv-a-paros\/#primaryimage\"},\"thumbnailUrl\":\"https:\/\/parosrentcar.com\/fr\/wp-content\/uploads\/2025\/07\/suv-paros-european-rent.jpg\",\"keywords\":[\"location de SUV \u00e0 Paros\",\"location de voiture SUV \u00e0 Paros\",\"location SUV Paros\",\"locations de voitures SUV \u00e0 Paros\",\"louer SUV \u00e0 Paros\",\"SUV \u00e0 Paros\"],\"articleSection\":[\"location de SUV \u00e0 Paros\",\"location de voiture SUV \u00e0 Paros\",\"location SUV Paros\",\"locations de SUV \u00e0 Paros\",\"locations de voitures SUV \u00e0 Paros\",\"louer SUV \u00e0 Paros\",\"SUV \u00e0 Paros\"],\"inLanguage\":\"fr-FR\",\"potentialAction\":[{\"@type\":\"CommentAction\",\"name\":\"Comment\",\"target\":[\"https:\/\/parosrentcar.com\/fr\/location-suv-a-paros\/#respond\"]}]},{\"@type\":\"WebPage\",\"@id\":\"https:\/\/parosrentcar.com\/fr\/location-suv-a-paros\/\",\"url\":\"https:\/\/parosrentcar.com\/fr\/location-suv-a-paros\/\",\"name\":\"Location SUV \u00e0 Paros | Paros European Rent \u2013 Confort, s\u00e9curit\u00e9 & style d\u00e8s 60 \u20ac\/jour\",\"isPartOf\":{\"@id\":\"https:\/\/parosrentcar.com\/fr\/#website\"},\"primaryImageOfPage\":{\"@id\":\"https:\/\/parosrentcar.com\/fr\/location-suv-a-paros\/#primaryimage\"},\"image\":{\"@id\":\"https:\/\/parosrentcar.com\/fr\/location-suv-a-paros\/#primaryimage\"},\"thumbnailUrl\":\"https:\/\/parosrentcar.com\/fr\/wp-content\/uploads\/2025\/07\/suv-paros-european-rent.jpg\",\"datePublished\":\"2025-07-10T06:16:21+00:00\",\"author\":{\"@id\":\"https:\/\/parosrentcar.com\/fr\/#\/schema\/person\/d743451aad44d2f5e7839544ed91721e\"},\"description\":\"D\u00e9couvrez Paros en SUV avec Paros European Rent. BMW X1, Vitara et plus, avec offres, assurance et prise en charge gratuite.\",\"breadcrumb\":{\"@id\":\"https:\/\/parosrentcar.com\/fr\/location-suv-a-paros\/#breadcrumb\"},\"inLanguage\":\"fr-FR\",\"potentialAction\":[{\"@type\":\"ReadAction\",\"target\":[\"https:\/\/parosrentcar.com\/fr\/location-suv-a-paros\/\"]}]},{\"@type\":\"ImageObject\",\"inLanguage\":\"fr-FR\",\"@id\":\"https:\/\/parosrentcar.com\/fr\/location-suv-a-paros\/#primaryimage\",\"url\":\"https:\/\/parosrentcar.com\/fr\/wp-content\/uploads\/2025\/07\/suv-paros-european-rent.jpg\",\"contentUrl\":\"https:\/\/parosrentcar.com\/fr\/wp-content\/uploads\/2025\/07\/suv-paros-european-rent.jpg\",\"width\":1000,\"height\":400,\"caption\":\"Location SUV \u00e0 Paros | Paros European Rent\"},{\"@type\":\"BreadcrumbList\",\"@id\":\"https:\/\/parosrentcar.com\/fr\/location-suv-a-paros\/#breadcrumb\",\"itemListElement\":[{\"@type\":\"ListItem\",\"position\":1,\"name\":\"Home\",\"item\":\"https:\/\/parosrentcar.com\/fr\/\"},{\"@type\":\"ListItem\",\"position\":2,\"name\":\"D\u00e9couvrez Paros avec les SUV BMW X1, Citro\u00ebn C3 Aircross, Opel Crossland et Suzuki Vitara de Paros European Rent !\"}]},{\"@type\":\"WebSite\",\"@id\":\"https:\/\/parosrentcar.com\/fr\/#website\",\"url\":\"https:\/\/parosrentcar.com\/fr\/\",\"name\":\"Location de voitures \u00e0 Paros Gr\u00e8ce - ParosEuropeanRent\",\"description\":\"Location de voiture, buggy, quad, atv, scooter, moto et v\u00e9lo \u00e0 Paros\",\"potentialAction\":[{\"@type\":\"SearchAction\",\"target\":{\"@type\":\"EntryPoint\",\"urlTemplate\":\"https:\/\/parosrentcar.com\/fr\/?s={search_term_string}\"},\"query-input\":{\"@type\":\"PropertyValueSpecification\",\"valueRequired\":true,\"valueName\":\"search_term_string\"}}],\"inLanguage\":\"fr-FR\"},{\"@type\":\"Person\",\"@id\":\"https:\/\/parosrentcar.com\/fr\/#\/schema\/person\/d743451aad44d2f5e7839544ed91721e\",\"name\":\"admin\",\"image\":{\"@type\":\"ImageObject\",\"inLanguage\":\"fr-FR\",\"@id\":\"https:\/\/parosrentcar.com\/fr\/#\/schema\/person\/image\/\",\"url\":\"https:\/\/secure.gravatar.com\/avatar\/e8373ef91d847108770c709f685a900c4549230f96552692edf55206b4e6cdac?s=96&d=mm&r=g\",\"contentUrl\":\"https:\/\/secure.gravatar.com\/avatar\/e8373ef91d847108770c709f685a900c4549230f96552692edf55206b4e6cdac?s=96&d=mm&r=g\",\"caption\":\"admin\"},\"url\":\"https:\/\/parosrentcar.com\/fr\/author\/admin\/\"}]}<\/script>\n<!-- \/ Yoast SEO plugin. -->","yoast_head_json":{"title":"Location SUV \u00e0 Paros | Paros European Rent \u2013 Confort, s\u00e9curit\u00e9 & style d\u00e8s 60 \u20ac\/jour","description":"D\u00e9couvrez Paros en SUV avec Paros European Rent. BMW X1, Vitara et plus, avec offres, assurance et prise en charge gratuite.","robots":{"index":"index","follow":"follow","max-snippet":"max-snippet:-1","max-image-preview":"max-image-preview:large","max-video-preview":"max-video-preview:-1"},"canonical":"https:\/\/parosrentcar.com\/fr\/location-suv-a-paros\/","og_locale":"fr_FR","og_type":"article","og_title":"Location SUV \u00e0 Paros | Paros European Rent \u2013 Confort, s\u00e9curit\u00e9 & style d\u00e8s 60 \u20ac\/jour","og_description":"D\u00e9couvrez Paros en SUV avec Paros European Rent. BMW X1, Vitara et plus, avec offres, assurance et prise en charge gratuite.","og_url":"https:\/\/parosrentcar.com\/fr\/location-suv-a-paros\/","og_site_name":"Location de voitures \u00e0 Paros Gr\u00e8ce - ParosEuropeanRent","article_publisher":"https:\/\/www.facebook.com\/paroscarrental","article_published_time":"2025-07-10T06:16:21+00:00","og_image":[{"width":1000,"height":400,"url":"https:\/\/parosrentcar.com\/fr\/wp-content\/uploads\/2025\/07\/suv-paros-european-rent.jpg","type":"image\/jpeg"}],"author":"admin","twitter_misc":{"\u00c9crit par":"admin","Dur\u00e9e de lecture estim\u00e9e":"2 minutes"},"schema":{"@context":"https:\/\/schema.org","@graph":[{"@type":"Article","@id":"https:\/\/parosrentcar.com\/fr\/location-suv-a-paros\/#article","isPartOf":{"@id":"https:\/\/parosrentcar.com\/fr\/location-suv-a-paros\/"},"author":{"name":"admin","@id":"https:\/\/parosrentcar.com\/fr\/#\/schema\/person\/d743451aad44d2f5e7839544ed91721e"},"headline":"D\u00e9couvrez Paros avec les SUV BMW X1, Citro\u00ebn C3 Aircross, Opel Crossland et Suzuki Vitara de Paros European Rent !","datePublished":"2025-07-10T06:16:21+00:00","mainEntityOfPage":{"@id":"https:\/\/parosrentcar.com\/fr\/location-suv-a-paros\/"},"wordCount":381,"commentCount":0,"image":{"@id":"https:\/\/parosrentcar.com\/fr\/location-suv-a-paros\/#primaryimage"},"thumbnailUrl":"https:\/\/parosrentcar.com\/fr\/wp-content\/uploads\/2025\/07\/suv-paros-european-rent.jpg","keywords":["location de SUV \u00e0 Paros","location de voiture SUV \u00e0 Paros","location SUV Paros","locations de voitures SUV \u00e0 Paros","louer SUV \u00e0 Paros","SUV \u00e0 Paros"],"articleSection":["location de SUV \u00e0 Paros","location de voiture SUV \u00e0 Paros","location SUV Paros","locations de SUV \u00e0 Paros","locations de voitures SUV \u00e0 Paros","louer SUV \u00e0 Paros","SUV \u00e0 Paros"],"inLanguage":"fr-FR","potentialAction":[{"@type":"CommentAction","name":"Comment","target":["https:\/\/parosrentcar.com\/fr\/location-suv-a-paros\/#respond"]}]},{"@type":"WebPage","@id":"https:\/\/parosrentcar.com\/fr\/location-suv-a-paros\/","url":"https:\/\/parosrentcar.com\/fr\/location-suv-a-paros\/","name":"Location SUV \u00e0 Paros | Paros European Rent \u2013 Confort, s\u00e9curit\u00e9 & style d\u00e8s 60 \u20ac\/jour","isPartOf":{"@id":"https:\/\/parosrentcar.com\/fr\/#website"},"primaryImageOfPage":{"@id":"https:\/\/parosrentcar.com\/fr\/location-suv-a-paros\/#primaryimage"},"image":{"@id":"https:\/\/parosrentcar.com\/fr\/location-suv-a-paros\/#primaryimage"},"thumbnailUrl":"https:\/\/parosrentcar.com\/fr\/wp-content\/uploads\/2025\/07\/suv-paros-european-rent.jpg","datePublished":"2025-07-10T06:16:21+00:00","author":{"@id":"https:\/\/parosrentcar.com\/fr\/#\/schema\/person\/d743451aad44d2f5e7839544ed91721e"},"description":"D\u00e9couvrez Paros en SUV avec Paros European Rent. BMW X1, Vitara et plus, avec offres, assurance et prise en charge gratuite.","breadcrumb":{"@id":"https:\/\/parosrentcar.com\/fr\/location-suv-a-paros\/#breadcrumb"},"inLanguage":"fr-FR","potentialAction":[{"@type":"ReadAction","target":["https:\/\/parosrentcar.com\/fr\/location-suv-a-paros\/"]}]},{"@type":"ImageObject","inLanguage":"fr-FR","@id":"https:\/\/parosrentcar.com\/fr\/location-suv-a-paros\/#primaryimage","url":"https:\/\/parosrentcar.com\/fr\/wp-content\/uploads\/2025\/07\/suv-paros-european-rent.jpg","contentUrl":"https:\/\/parosrentcar.com\/fr\/wp-content\/uploads\/2025\/07\/suv-paros-european-rent.jpg","width":1000,"height":400,"caption":"Location SUV \u00e0 Paros | Paros European Rent"},{"@type":"BreadcrumbList","@id":"https:\/\/parosrentcar.com\/fr\/location-suv-a-paros\/#breadcrumb","itemListElement":[{"@type":"ListItem","position":1,"name":"Home","item":"https:\/\/parosrentcar.com\/fr\/"},{"@type":"ListItem","position":2,"name":"D\u00e9couvrez Paros avec les SUV BMW X1, Citro\u00ebn C3 Aircross, Opel Crossland et Suzuki Vitara de Paros European Rent !"}]},{"@type":"WebSite","@id":"https:\/\/parosrentcar.com\/fr\/#website","url":"https:\/\/parosrentcar.com\/fr\/","name":"Location de voitures \u00e0 Paros Gr\u00e8ce - ParosEuropeanRent","description":"Location de voiture, buggy, quad, atv, scooter, moto et v\u00e9lo \u00e0 Paros","potentialAction":[{"@type":"SearchAction","target":{"@type":"EntryPoint","urlTemplate":"https:\/\/parosrentcar.com\/fr\/?s={search_term_string}"},"query-input":{"@type":"PropertyValueSpecification","valueRequired":true,"valueName":"search_term_string"}}],"inLanguage":"fr-FR"},{"@type":"Person","@id":"https:\/\/parosrentcar.com\/fr\/#\/schema\/person\/d743451aad44d2f5e7839544ed91721e","name":"admin","image":{"@type":"ImageObject","inLanguage":"fr-FR","@id":"https:\/\/parosrentcar.com\/fr\/#\/schema\/person\/image\/","url":"https:\/\/secure.gravatar.com\/avatar\/e8373ef91d847108770c709f685a900c4549230f96552692edf55206b4e6cdac?s=96&d=mm&r=g","contentUrl":"https:\/\/secure.gravatar.com\/avatar\/e8373ef91d847108770c709f685a900c4549230f96552692edf55206b4e6cdac?s=96&d=mm&r=g","caption":"admin"},"url":"https:\/\/parosrentcar.com\/fr\/author\/admin\/"}]}},"_links":{"self":[{"href":"https:\/\/parosrentcar.com\/fr\/wp-json\/wp\/v2\/posts\/39582","targetHints":{"allow":["GET"]}}],"collection":[{"href":"https:\/\/parosrentcar.com\/fr\/wp-json\/wp\/v2\/posts"}],"about":[{"href":"https:\/\/parosrentcar.com\/fr\/wp-json\/wp\/v2\/types\/post"}],"author":[{"embeddable":true,"href":"https:\/\/parosrentcar.com\/fr\/wp-json\/wp\/v2\/users\/1"}],"replies":[{"embeddable":true,"href":"https:\/\/parosrentcar.com\/fr\/wp-json\/wp\/v2\/comments?post=39582"}],"version-history":[{"count":1,"href":"https:\/\/parosrentcar.com\/fr\/wp-json\/wp\/v2\/posts\/39582\/revisions"}],"predecessor-version":[{"id":39584,"href":"https:\/\/parosrentcar.com\/fr\/wp-json\/wp\/v2\/posts\/39582\/revisions\/39584"}],"wp:featuredmedia":[{"embeddable":true,"href":"https:\/\/parosrentcar.com\/fr\/wp-json\/wp\/v2\/media\/39583"}],"wp:attachment":[{"href":"https:\/\/parosrentcar.com\/fr\/wp-json\/wp\/v2\/media?parent=39582"}],"wp:term":[{"taxonomy":"category","embeddable":true,"href":"https:\/\/parosrentcar.com\/fr\/wp-json\/wp\/v2\/categories?post=39582"},{"taxonomy":"post_tag","embeddable":true,"href":"https:\/\/parosrentcar.com\/fr\/wp-json\/wp\/v2\/tags?post=39582"}],"curies":[{"name":"wp","href":"https:\/\/api.w.org\/{rel}","templated":true}]}}