{"id":39406,"date":"2025-04-16T03:56:56","date_gmt":"2025-04-16T03:56:56","guid":{"rendered":"https:\/\/parosrentcar.com\/fr\/?p=39406"},"modified":"2025-04-16T03:56:56","modified_gmt":"2025-04-16T03:56:56","slug":"voeux-de-paques-de-la-part-de-paros-european-rent","status":"publish","type":"post","link":"https:\/\/parosrentcar.com\/fr\/voeux-de-paques-de-la-part-de-paros-european-rent\/","title":{"rendered":"V\u0153ux de P\u00e2ques de la part de Paros European Rent"},"content":{"rendered":"<p>&nbsp;<br \/>\n<img loading=\"lazy\" decoding=\"async\" class=\"alignleft size-full wp-image-39407\" src=\"https:\/\/parosrentcar.com\/fr\/wp-content\/uploads\/2025\/04\/vasilis-parais-easter.png\" alt=\"V\u0153ux de P\u00e2ques de la part de Paros European Rent\" width=\"1536\" height=\"1024\" srcset=\"https:\/\/parosrentcar.com\/fr\/wp-content\/uploads\/2025\/04\/vasilis-parais-easter.png 1536w, https:\/\/parosrentcar.com\/fr\/wp-content\/uploads\/2025\/04\/vasilis-parais-easter-300x200.png 300w, https:\/\/parosrentcar.com\/fr\/wp-content\/uploads\/2025\/04\/vasilis-parais-easter-1024x683.png 1024w, https:\/\/parosrentcar.com\/fr\/wp-content\/uploads\/2025\/04\/vasilis-parais-easter-768x512.png 768w\" sizes=\"auto, (max-width: 1536px) 100vw, 1536px\" \/><\/p>\n<p><strong>Le printemps apporte une nouvelle lumi\u00e8re \u00e0 Paros, inondant l\u2019\u00eele de couleurs, de parfums et de la douce attente de P\u00e2ques. <\/strong><\/p>\n<p><strong>L\u2019\u00e9quipe de Paros European Rent vous adresse ses v\u0153ux les plus sinc\u00e8res pour une joyeuse f\u00eate de P\u00e2ques et une belle R\u00e9surrection, empreinte de sant\u00e9, d\u2019amour et d\u2019espoir.<\/strong><\/p>\n<p><strong>Que ces jours de f\u00eate vous apportent paix, renouveau et pr\u00e9cieux moments avec ceux que vous aimez.<\/strong><\/p>\n","protected":false},"excerpt":{"rendered":"<p>L\u2019\u00e9quipe de Paros European Rent vous adresse ses v\u0153ux les plus sinc\u00e8res pour une joyeuse f\u00eate de P\u00e2ques et une belle R\u00e9surrection, empreinte de sant\u00e9, d\u2019amour et d\u2019espoir.<\/p>\n","protected":false},"author":1,"featured_media":0,"comment_status":"open","ping_status":"open","sticky":false,"template":"","format":"standard","meta":{"footnotes":""},"categories":[354],"tags":[355],"class_list":["post-39406","post","type-post","status-publish","format-standard","hentry","category-joyeuses-paques","tag-joyeuses-paques"],"yoast_head":"<!-- This site is optimized with the Yoast SEO plugin v27.1.1 - https:\/\/yoast.com\/product\/yoast-seo-wordpress\/ -->\n<title>V\u0153ux de P\u00e2ques de la part de Paros European Rent<\/title>\n<meta name=\"description\" content=\"L\u2019\u00e9quipe de Paros European Rent vous adresse ses v\u0153ux les plus sinc\u00e8res pour une joyeuse f\u00eate de P\u00e2ques et une belle R\u00e9surrection, empreinte de sant\u00e9, d\u2019amour et d\u2019espoir.\" \/>\n<meta name=\"robots\" content=\"index, follow, max-snippet:-1, max-image-preview:large, max-video-preview:-1\" \/>\n<link rel=\"canonical\" href=\"https:\/\/parosrentcar.com\/fr\/voeux-de-paques-de-la-part-de-paros-european-rent\/\" \/>\n<meta property=\"og:locale\" content=\"fr_FR\" \/>\n<meta property=\"og:type\" content=\"article\" \/>\n<meta property=\"og:title\" content=\"V\u0153ux de P\u00e2ques de la part de Paros European Rent\" \/>\n<meta property=\"og:description\" content=\"L\u2019\u00e9quipe de Paros European Rent vous adresse ses v\u0153ux les plus sinc\u00e8res pour une joyeuse f\u00eate de P\u00e2ques et une belle R\u00e9surrection, empreinte de sant\u00e9, d\u2019amour et d\u2019espoir.\" \/>\n<meta property=\"og:url\" content=\"https:\/\/parosrentcar.com\/fr\/voeux-de-paques-de-la-part-de-paros-european-rent\/\" \/>\n<meta property=\"og:site_name\" content=\"Location de voitures \u00e0 Paros Gr\u00e8ce - ParosEuropeanRent\" \/>\n<meta property=\"article:publisher\" content=\"https:\/\/www.facebook.com\/paroscarrental\" \/>\n<meta property=\"article:published_time\" content=\"2025-04-16T03:56:56+00:00\" \/>\n<meta property=\"og:image\" content=\"https:\/\/parosrentcar.com\/fr\/wp-content\/uploads\/2025\/04\/vasilis-parais-easter-1024x683.png\" \/>\n\t<meta property=\"og:image:width\" content=\"1024\" \/>\n\t<meta property=\"og:image:height\" content=\"683\" \/>\n\t<meta property=\"og:image:type\" content=\"image\/png\" \/>\n<meta name=\"author\" content=\"admin\" \/>\n<meta name=\"twitter:label1\" content=\"\u00c9crit par\" \/>\n\t<meta name=\"twitter:data1\" content=\"admin\" \/>\n\t<meta name=\"twitter:label2\" content=\"Dur\u00e9e de lecture estim\u00e9e\" \/>\n\t<meta name=\"twitter:data2\" content=\"1 minute\" \/>\n<script type=\"application\/ld+json\" class=\"yoast-schema-graph\">{\"@context\":\"https:\/\/schema.org\",\"@graph\":[{\"@type\":\"Article\",\"@id\":\"https:\/\/parosrentcar.com\/fr\/voeux-de-paques-de-la-part-de-paros-european-rent\/#article\",\"isPartOf\":{\"@id\":\"https:\/\/parosrentcar.com\/fr\/voeux-de-paques-de-la-part-de-paros-european-rent\/\"},\"author\":{\"name\":\"admin\",\"@id\":\"https:\/\/parosrentcar.com\/fr\/#\/schema\/person\/d743451aad44d2f5e7839544ed91721e\"},\"headline\":\"V\u0153ux de P\u00e2ques de la part de Paros European Rent\",\"datePublished\":\"2025-04-16T03:56:56+00:00\",\"mainEntityOfPage\":{\"@id\":\"https:\/\/parosrentcar.com\/fr\/voeux-de-paques-de-la-part-de-paros-european-rent\/\"},\"wordCount\":91,\"commentCount\":0,\"image\":{\"@id\":\"https:\/\/parosrentcar.com\/fr\/voeux-de-paques-de-la-part-de-paros-european-rent\/#primaryimage\"},\"thumbnailUrl\":\"https:\/\/parosrentcar.com\/fr\/wp-content\/uploads\/2025\/04\/vasilis-parais-easter.png\",\"keywords\":[\"Joyeuses P\u00e2ques\"],\"articleSection\":[\"Joyeuses P\u00e2ques\"],\"inLanguage\":\"fr-FR\",\"potentialAction\":[{\"@type\":\"CommentAction\",\"name\":\"Comment\",\"target\":[\"https:\/\/parosrentcar.com\/fr\/voeux-de-paques-de-la-part-de-paros-european-rent\/#respond\"]}]},{\"@type\":\"WebPage\",\"@id\":\"https:\/\/parosrentcar.com\/fr\/voeux-de-paques-de-la-part-de-paros-european-rent\/\",\"url\":\"https:\/\/parosrentcar.com\/fr\/voeux-de-paques-de-la-part-de-paros-european-rent\/\",\"name\":\"V\u0153ux de P\u00e2ques de la part de Paros European Rent\",\"isPartOf\":{\"@id\":\"https:\/\/parosrentcar.com\/fr\/#website\"},\"primaryImageOfPage\":{\"@id\":\"https:\/\/parosrentcar.com\/fr\/voeux-de-paques-de-la-part-de-paros-european-rent\/#primaryimage\"},\"image\":{\"@id\":\"https:\/\/parosrentcar.com\/fr\/voeux-de-paques-de-la-part-de-paros-european-rent\/#primaryimage\"},\"thumbnailUrl\":\"https:\/\/parosrentcar.com\/fr\/wp-content\/uploads\/2025\/04\/vasilis-parais-easter.png\",\"datePublished\":\"2025-04-16T03:56:56+00:00\",\"author\":{\"@id\":\"https:\/\/parosrentcar.com\/fr\/#\/schema\/person\/d743451aad44d2f5e7839544ed91721e\"},\"description\":\"L\u2019\u00e9quipe de Paros European Rent vous adresse ses v\u0153ux les plus sinc\u00e8res pour une joyeuse f\u00eate de P\u00e2ques et une belle R\u00e9surrection, empreinte de sant\u00e9, d\u2019amour et d\u2019espoir.\",\"breadcrumb\":{\"@id\":\"https:\/\/parosrentcar.com\/fr\/voeux-de-paques-de-la-part-de-paros-european-rent\/#breadcrumb\"},\"inLanguage\":\"fr-FR\",\"potentialAction\":[{\"@type\":\"ReadAction\",\"target\":[\"https:\/\/parosrentcar.com\/fr\/voeux-de-paques-de-la-part-de-paros-european-rent\/\"]}]},{\"@type\":\"ImageObject\",\"inLanguage\":\"fr-FR\",\"@id\":\"https:\/\/parosrentcar.com\/fr\/voeux-de-paques-de-la-part-de-paros-european-rent\/#primaryimage\",\"url\":\"https:\/\/parosrentcar.com\/fr\/wp-content\/uploads\/2025\/04\/vasilis-parais-easter.png\",\"contentUrl\":\"https:\/\/parosrentcar.com\/fr\/wp-content\/uploads\/2025\/04\/vasilis-parais-easter.png\",\"width\":1536,\"height\":1024,\"caption\":\"V\u0153ux de P\u00e2ques de la part de Paros European Rent\"},{\"@type\":\"BreadcrumbList\",\"@id\":\"https:\/\/parosrentcar.com\/fr\/voeux-de-paques-de-la-part-de-paros-european-rent\/#breadcrumb\",\"itemListElement\":[{\"@type\":\"ListItem\",\"position\":1,\"name\":\"Home\",\"item\":\"https:\/\/parosrentcar.com\/fr\/\"},{\"@type\":\"ListItem\",\"position\":2,\"name\":\"V\u0153ux de P\u00e2ques de la part de Paros European Rent\"}]},{\"@type\":\"WebSite\",\"@id\":\"https:\/\/parosrentcar.com\/fr\/#website\",\"url\":\"https:\/\/parosrentcar.com\/fr\/\",\"name\":\"Location de voitures \u00e0 Paros Gr\u00e8ce - ParosEuropeanRent\",\"description\":\"Location de voiture, buggy, quad, atv, scooter, moto et v\u00e9lo \u00e0 Paros\",\"potentialAction\":[{\"@type\":\"SearchAction\",\"target\":{\"@type\":\"EntryPoint\",\"urlTemplate\":\"https:\/\/parosrentcar.com\/fr\/?s={search_term_string}\"},\"query-input\":{\"@type\":\"PropertyValueSpecification\",\"valueRequired\":true,\"valueName\":\"search_term_string\"}}],\"inLanguage\":\"fr-FR\"},{\"@type\":\"Person\",\"@id\":\"https:\/\/parosrentcar.com\/fr\/#\/schema\/person\/d743451aad44d2f5e7839544ed91721e\",\"name\":\"admin\",\"image\":{\"@type\":\"ImageObject\",\"inLanguage\":\"fr-FR\",\"@id\":\"https:\/\/parosrentcar.com\/fr\/#\/schema\/person\/image\/\",\"url\":\"https:\/\/secure.gravatar.com\/avatar\/e8373ef91d847108770c709f685a900c4549230f96552692edf55206b4e6cdac?s=96&d=mm&r=g\",\"contentUrl\":\"https:\/\/secure.gravatar.com\/avatar\/e8373ef91d847108770c709f685a900c4549230f96552692edf55206b4e6cdac?s=96&d=mm&r=g\",\"caption\":\"admin\"},\"url\":\"https:\/\/parosrentcar.com\/fr\/author\/admin\/\"}]}<\/script>\n<!-- \/ Yoast SEO plugin. -->","yoast_head_json":{"title":"V\u0153ux de P\u00e2ques de la part de Paros European Rent","description":"L\u2019\u00e9quipe de Paros European Rent vous adresse ses v\u0153ux les plus sinc\u00e8res pour une joyeuse f\u00eate de P\u00e2ques et une belle R\u00e9surrection, empreinte de sant\u00e9, d\u2019amour et d\u2019espoir.","robots":{"index":"index","follow":"follow","max-snippet":"max-snippet:-1","max-image-preview":"max-image-preview:large","max-video-preview":"max-video-preview:-1"},"canonical":"https:\/\/parosrentcar.com\/fr\/voeux-de-paques-de-la-part-de-paros-european-rent\/","og_locale":"fr_FR","og_type":"article","og_title":"V\u0153ux de P\u00e2ques de la part de Paros European Rent","og_description":"L\u2019\u00e9quipe de Paros European Rent vous adresse ses v\u0153ux les plus sinc\u00e8res pour une joyeuse f\u00eate de P\u00e2ques et une belle R\u00e9surrection, empreinte de sant\u00e9, d\u2019amour et d\u2019espoir.","og_url":"https:\/\/parosrentcar.com\/fr\/voeux-de-paques-de-la-part-de-paros-european-rent\/","og_site_name":"Location de voitures \u00e0 Paros Gr\u00e8ce - ParosEuropeanRent","article_publisher":"https:\/\/www.facebook.com\/paroscarrental","article_published_time":"2025-04-16T03:56:56+00:00","og_image":[{"width":1024,"height":683,"url":"https:\/\/parosrentcar.com\/fr\/wp-content\/uploads\/2025\/04\/vasilis-parais-easter-1024x683.png","type":"image\/png"}],"author":"admin","twitter_misc":{"\u00c9crit par":"admin","Dur\u00e9e de lecture estim\u00e9e":"1 minute"},"schema":{"@context":"https:\/\/schema.org","@graph":[{"@type":"Article","@id":"https:\/\/parosrentcar.com\/fr\/voeux-de-paques-de-la-part-de-paros-european-rent\/#article","isPartOf":{"@id":"https:\/\/parosrentcar.com\/fr\/voeux-de-paques-de-la-part-de-paros-european-rent\/"},"author":{"name":"admin","@id":"https:\/\/parosrentcar.com\/fr\/#\/schema\/person\/d743451aad44d2f5e7839544ed91721e"},"headline":"V\u0153ux de P\u00e2ques de la part de Paros European Rent","datePublished":"2025-04-16T03:56:56+00:00","mainEntityOfPage":{"@id":"https:\/\/parosrentcar.com\/fr\/voeux-de-paques-de-la-part-de-paros-european-rent\/"},"wordCount":91,"commentCount":0,"image":{"@id":"https:\/\/parosrentcar.com\/fr\/voeux-de-paques-de-la-part-de-paros-european-rent\/#primaryimage"},"thumbnailUrl":"https:\/\/parosrentcar.com\/fr\/wp-content\/uploads\/2025\/04\/vasilis-parais-easter.png","keywords":["Joyeuses P\u00e2ques"],"articleSection":["Joyeuses P\u00e2ques"],"inLanguage":"fr-FR","potentialAction":[{"@type":"CommentAction","name":"Comment","target":["https:\/\/parosrentcar.com\/fr\/voeux-de-paques-de-la-part-de-paros-european-rent\/#respond"]}]},{"@type":"WebPage","@id":"https:\/\/parosrentcar.com\/fr\/voeux-de-paques-de-la-part-de-paros-european-rent\/","url":"https:\/\/parosrentcar.com\/fr\/voeux-de-paques-de-la-part-de-paros-european-rent\/","name":"V\u0153ux de P\u00e2ques de la part de Paros European Rent","isPartOf":{"@id":"https:\/\/parosrentcar.com\/fr\/#website"},"primaryImageOfPage":{"@id":"https:\/\/parosrentcar.com\/fr\/voeux-de-paques-de-la-part-de-paros-european-rent\/#primaryimage"},"image":{"@id":"https:\/\/parosrentcar.com\/fr\/voeux-de-paques-de-la-part-de-paros-european-rent\/#primaryimage"},"thumbnailUrl":"https:\/\/parosrentcar.com\/fr\/wp-content\/uploads\/2025\/04\/vasilis-parais-easter.png","datePublished":"2025-04-16T03:56:56+00:00","author":{"@id":"https:\/\/parosrentcar.com\/fr\/#\/schema\/person\/d743451aad44d2f5e7839544ed91721e"},"description":"L\u2019\u00e9quipe de Paros European Rent vous adresse ses v\u0153ux les plus sinc\u00e8res pour une joyeuse f\u00eate de P\u00e2ques et une belle R\u00e9surrection, empreinte de sant\u00e9, d\u2019amour et d\u2019espoir.","breadcrumb":{"@id":"https:\/\/parosrentcar.com\/fr\/voeux-de-paques-de-la-part-de-paros-european-rent\/#breadcrumb"},"inLanguage":"fr-FR","potentialAction":[{"@type":"ReadAction","target":["https:\/\/parosrentcar.com\/fr\/voeux-de-paques-de-la-part-de-paros-european-rent\/"]}]},{"@type":"ImageObject","inLanguage":"fr-FR","@id":"https:\/\/parosrentcar.com\/fr\/voeux-de-paques-de-la-part-de-paros-european-rent\/#primaryimage","url":"https:\/\/parosrentcar.com\/fr\/wp-content\/uploads\/2025\/04\/vasilis-parais-easter.png","contentUrl":"https:\/\/parosrentcar.com\/fr\/wp-content\/uploads\/2025\/04\/vasilis-parais-easter.png","width":1536,"height":1024,"caption":"V\u0153ux de P\u00e2ques de la part de Paros European Rent"},{"@type":"BreadcrumbList","@id":"https:\/\/parosrentcar.com\/fr\/voeux-de-paques-de-la-part-de-paros-european-rent\/#breadcrumb","itemListElement":[{"@type":"ListItem","position":1,"name":"Home","item":"https:\/\/parosrentcar.com\/fr\/"},{"@type":"ListItem","position":2,"name":"V\u0153ux de P\u00e2ques de la part de Paros European Rent"}]},{"@type":"WebSite","@id":"https:\/\/parosrentcar.com\/fr\/#website","url":"https:\/\/parosrentcar.com\/fr\/","name":"Location de voitures \u00e0 Paros Gr\u00e8ce - ParosEuropeanRent","description":"Location de voiture, buggy, quad, atv, scooter, moto et v\u00e9lo \u00e0 Paros","potentialAction":[{"@type":"SearchAction","target":{"@type":"EntryPoint","urlTemplate":"https:\/\/parosrentcar.com\/fr\/?s={search_term_string}"},"query-input":{"@type":"PropertyValueSpecification","valueRequired":true,"valueName":"search_term_string"}}],"inLanguage":"fr-FR"},{"@type":"Person","@id":"https:\/\/parosrentcar.com\/fr\/#\/schema\/person\/d743451aad44d2f5e7839544ed91721e","name":"admin","image":{"@type":"ImageObject","inLanguage":"fr-FR","@id":"https:\/\/parosrentcar.com\/fr\/#\/schema\/person\/image\/","url":"https:\/\/secure.gravatar.com\/avatar\/e8373ef91d847108770c709f685a900c4549230f96552692edf55206b4e6cdac?s=96&d=mm&r=g","contentUrl":"https:\/\/secure.gravatar.com\/avatar\/e8373ef91d847108770c709f685a900c4549230f96552692edf55206b4e6cdac?s=96&d=mm&r=g","caption":"admin"},"url":"https:\/\/parosrentcar.com\/fr\/author\/admin\/"}]}},"_links":{"self":[{"href":"https:\/\/parosrentcar.com\/fr\/wp-json\/wp\/v2\/posts\/39406","targetHints":{"allow":["GET"]}}],"collection":[{"href":"https:\/\/parosrentcar.com\/fr\/wp-json\/wp\/v2\/posts"}],"about":[{"href":"https:\/\/parosrentcar.com\/fr\/wp-json\/wp\/v2\/types\/post"}],"author":[{"embeddable":true,"href":"https:\/\/parosrentcar.com\/fr\/wp-json\/wp\/v2\/users\/1"}],"replies":[{"embeddable":true,"href":"https:\/\/parosrentcar.com\/fr\/wp-json\/wp\/v2\/comments?post=39406"}],"version-history":[{"count":1,"href":"https:\/\/parosrentcar.com\/fr\/wp-json\/wp\/v2\/posts\/39406\/revisions"}],"predecessor-version":[{"id":39408,"href":"https:\/\/parosrentcar.com\/fr\/wp-json\/wp\/v2\/posts\/39406\/revisions\/39408"}],"wp:attachment":[{"href":"https:\/\/parosrentcar.com\/fr\/wp-json\/wp\/v2\/media?parent=39406"}],"wp:term":[{"taxonomy":"category","embeddable":true,"href":"https:\/\/parosrentcar.com\/fr\/wp-json\/wp\/v2\/categories?post=39406"},{"taxonomy":"post_tag","embeddable":true,"href":"https:\/\/parosrentcar.com\/fr\/wp-json\/wp\/v2\/tags?post=39406"}],"curies":[{"name":"wp","href":"https:\/\/api.w.org\/{rel}","templated":true}]}}