{"id":39359,"date":"2025-03-10T04:31:31","date_gmt":"2025-03-10T04:31:31","guid":{"rendered":"https:\/\/parosrentcar.com\/fr\/?p=39359"},"modified":"2025-03-10T04:46:19","modified_gmt":"2025-03-10T04:46:19","slug":"decouvrez-paros-avec-les-nouveaux-quads-atvs-cf-450cc-kymco-mxu-450cc","status":"publish","type":"post","link":"https:\/\/parosrentcar.com\/fr\/decouvrez-paros-avec-les-nouveaux-quads-atvs-cf-450cc-kymco-mxu-450cc\/","title":{"rendered":"D\u00e9couvrez Paros avec les Nouveaux Quads \/ ATVs CF 450cc &#038; KYMCO MXU 450cc !"},"content":{"rendered":"<p>&nbsp;<br \/>\nParos European Rent vous offre l\u2019exp\u00e9rience ultime de conduite \u00e0 Paros avec les nouveaux quads \/ ATVs CF 450cc &amp; KYMCO MXU 450cc. Ces v\u00e9hicules puissants et polyvalents sont parfaits pour les routes tout-terrain, les plages isol\u00e9es et les paysages magnifiques de l\u2019\u00eele.<\/p>\n<p><strong>Caract\u00e9ristiques des CF 450cc &amp; KYMCO MXU 450cc<\/strong><\/p>\n<ul data-spread=\"false\">\n<li><strong>Moteur 450cc<\/strong> pour une performance fiable et puissante<\/li>\n<li><strong>Transmission automatique<\/strong> pour une conduite facile et confortable<\/li>\n<li><strong>Suspension renforc\u00e9e<\/strong> pour plus de stabilit\u00e9 et de s\u00e9curit\u00e9 sur les terrains accident\u00e9s<\/li>\n<li><strong>Si\u00e8ges ergonomiques et confortables<\/strong> pour une exp\u00e9rience agr\u00e9able<\/li>\n<li><strong>Grand espace de rangement<\/strong> pour vos effets personnels<\/li>\n<\/ul>\n<p>Profitez d\u2019une aventure exceptionnelle avec un v\u00e9hicule qui vous permet d\u2019explorer des endroits inaccessibles aux voitures classiques.<\/p>\n<p><strong>Pourquoi Choisir Paros European Rent ?<\/strong><\/p>\n<ul data-spread=\"false\">\n<li><strong>Plus de 30 ans d&rsquo;exp\u00e9rience<\/strong> dans la location de v\u00e9hicules<\/li>\n<li><strong>Avis clients excellents et confiance garantie<\/strong><\/li>\n<li><strong>Quads r\u00e9cents et fiables<\/strong> avec les derni\u00e8res technologies<\/li>\n<li><strong>Tarifs transparents<\/strong> sans frais cach\u00e9s<\/li>\n<li><strong>Assurance incluse &amp; casque gratuit<\/strong> pour votre s\u00e9curit\u00e9<\/li>\n<li><strong>R\u00e9ductions sp\u00e9ciales<\/strong> :\n<ul data-spread=\"false\">\n<li><strong>10% de r\u00e9duction<\/strong> pour une location de 3 \u00e0 7 jours<\/li>\n<li><strong>15% de r\u00e9duction<\/strong> pour une location de 8 jours ou plus<\/li>\n<\/ul>\n<\/li>\n<\/ul>\n<p><strong>Pourquoi Louer un Quad \/ ATV \u00e0 Paros ?<\/strong><\/p>\n<ul data-spread=\"false\">\n<li>Id\u00e9al pour <strong>l\u2019aventure et la libert\u00e9<\/strong> sur l\u2019\u00eele<\/li>\n<li>Acc\u00e8s aux <strong>plages cach\u00e9es et routes tout-terrain<\/strong><\/li>\n<li>Facilit\u00e9 de stationnement et d\u00e9placement dans les zones anim\u00e9es<\/li>\n<li>Une <strong>exp\u00e9rience de conduite unique et excitante<\/strong><\/li>\n<\/ul>\n<p><strong>Prix &amp; R\u00e9servation<\/strong><\/p>\n<p>Le prix de location d\u2019un quad commence \u00e0 <strong>35 \u20ac<\/strong> par jour, une option abordable et excitante pour vos d\u00e9placements sur l\u2019\u00eele.<\/p>\n<p><strong>R\u00e9servez Votre Quad D\u00e8s Aujourd\u2019hui !<\/strong><\/p>\n<p>Vivez l\u2019exp\u00e9rience tout-terrain ultime \u00e0 Paros avec les nouveaux CF 450cc &amp; KYMCO MXU 450cc. R\u00e9servez maintenant et explorez l\u2019\u00eele en toute puissance, confort et s\u00e9curit\u00e9 !<\/p>\n","protected":false},"excerpt":{"rendered":"<p>Explorez Paros avec les nouvelles locations de quad CF 450cc &#038; KYMCO MXU 450cc de Paros European Rent. Confort, puissance et aventure \u00e0 chaque trajet !<\/p>\n","protected":false},"author":1,"featured_media":39360,"comment_status":"open","ping_status":"open","sticky":false,"template":"","format":"standard","meta":{"footnotes":""},"categories":[384,118,110,383],"tags":[386,111,97,385],"class_list":["post-39359","post","type-post","status-publish","format-standard","has-post-thumbnail","hentry","category-atv-tout-terrain-paros","category-location-de-atv-a-paros","category-location-de-quad-a-paros","category-quad-tout-terrain-paros","tag-atv-tout-terrain-paros","tag-location-de-atv-a-paros","tag-location-de-quad-a-paros","tag-quad-tout-terrain-paros"],"yoast_head":"<!-- This site is optimized with the Yoast SEO plugin v27.1.1 - https:\/\/yoast.com\/product\/yoast-seo-wordpress\/ -->\n<title>Location de Quad \u00e0 Paros - Nouveaux CF 450cc &amp; KYMCO MXU 450cc par Paros European Rent<\/title>\n<meta name=\"description\" content=\"Explorez Paros avec les nouvelles locations de quad CF 450cc &amp; KYMCO MXU 450cc de Paros European Rent. Confort, puissance et aventure \u00e0 chaque trajet !\" \/>\n<meta name=\"robots\" content=\"index, follow, max-snippet:-1, max-image-preview:large, max-video-preview:-1\" \/>\n<link rel=\"canonical\" href=\"https:\/\/parosrentcar.com\/fr\/decouvrez-paros-avec-les-nouveaux-quads-atvs-cf-450cc-kymco-mxu-450cc\/\" \/>\n<meta property=\"og:locale\" content=\"fr_FR\" \/>\n<meta property=\"og:type\" content=\"article\" \/>\n<meta property=\"og:title\" content=\"Location de Quad \u00e0 Paros - Nouveaux CF 450cc &amp; KYMCO MXU 450cc par Paros European Rent\" \/>\n<meta property=\"og:description\" content=\"Explorez Paros avec les nouvelles locations de quad CF 450cc &amp; KYMCO MXU 450cc de Paros European Rent. Confort, puissance et aventure \u00e0 chaque trajet !\" \/>\n<meta property=\"og:url\" content=\"https:\/\/parosrentcar.com\/fr\/decouvrez-paros-avec-les-nouveaux-quads-atvs-cf-450cc-kymco-mxu-450cc\/\" \/>\n<meta property=\"og:site_name\" content=\"Location de voitures \u00e0 Paros Gr\u00e8ce - ParosEuropeanRent\" \/>\n<meta property=\"article:publisher\" content=\"https:\/\/www.facebook.com\/paroscarrental\" \/>\n<meta property=\"article:published_time\" content=\"2025-03-10T04:31:31+00:00\" \/>\n<meta property=\"article:modified_time\" content=\"2025-03-10T04:46:19+00:00\" \/>\n<meta property=\"og:image\" content=\"https:\/\/parosrentcar.com\/fr\/wp-content\/uploads\/2025\/03\/kymco-450-new-parais-1000-400.jpg\" \/>\n\t<meta property=\"og:image:width\" content=\"1000\" \/>\n\t<meta property=\"og:image:height\" content=\"400\" \/>\n\t<meta property=\"og:image:type\" content=\"image\/jpeg\" \/>\n<meta name=\"author\" content=\"admin\" \/>\n<meta name=\"twitter:label1\" content=\"\u00c9crit par\" \/>\n\t<meta name=\"twitter:data1\" content=\"admin\" \/>\n\t<meta name=\"twitter:label2\" content=\"Dur\u00e9e de lecture estim\u00e9e\" \/>\n\t<meta name=\"twitter:data2\" content=\"2 minutes\" \/>\n<script type=\"application\/ld+json\" class=\"yoast-schema-graph\">{\"@context\":\"https:\/\/schema.org\",\"@graph\":[{\"@type\":\"Article\",\"@id\":\"https:\/\/parosrentcar.com\/fr\/decouvrez-paros-avec-les-nouveaux-quads-atvs-cf-450cc-kymco-mxu-450cc\/#article\",\"isPartOf\":{\"@id\":\"https:\/\/parosrentcar.com\/fr\/decouvrez-paros-avec-les-nouveaux-quads-atvs-cf-450cc-kymco-mxu-450cc\/\"},\"author\":{\"name\":\"admin\",\"@id\":\"https:\/\/parosrentcar.com\/fr\/#\/schema\/person\/d743451aad44d2f5e7839544ed91721e\"},\"headline\":\"D\u00e9couvrez Paros avec les Nouveaux Quads \/ ATVs CF 450cc &#038; KYMCO MXU 450cc !\",\"datePublished\":\"2025-03-10T04:31:31+00:00\",\"dateModified\":\"2025-03-10T04:46:19+00:00\",\"mainEntityOfPage\":{\"@id\":\"https:\/\/parosrentcar.com\/fr\/decouvrez-paros-avec-les-nouveaux-quads-atvs-cf-450cc-kymco-mxu-450cc\/\"},\"wordCount\":318,\"commentCount\":0,\"image\":{\"@id\":\"https:\/\/parosrentcar.com\/fr\/decouvrez-paros-avec-les-nouveaux-quads-atvs-cf-450cc-kymco-mxu-450cc\/#primaryimage\"},\"thumbnailUrl\":\"https:\/\/parosrentcar.com\/fr\/wp-content\/uploads\/2025\/03\/kymco-450-new-parais-1000-400.jpg\",\"keywords\":[\"atv tout-terrain Paros\",\"location de atv \u00e0 Paros\",\"location de quad \u00e0 Paros\",\"quad tout-terrain Paros\"],\"articleSection\":[\"atv tout-terrain Paros\",\"location de atv \u00e0 Paros\",\"location de quad \u00e0 Paros\",\"quad tout-terrain Paros\"],\"inLanguage\":\"fr-FR\",\"potentialAction\":[{\"@type\":\"CommentAction\",\"name\":\"Comment\",\"target\":[\"https:\/\/parosrentcar.com\/fr\/decouvrez-paros-avec-les-nouveaux-quads-atvs-cf-450cc-kymco-mxu-450cc\/#respond\"]}]},{\"@type\":\"WebPage\",\"@id\":\"https:\/\/parosrentcar.com\/fr\/decouvrez-paros-avec-les-nouveaux-quads-atvs-cf-450cc-kymco-mxu-450cc\/\",\"url\":\"https:\/\/parosrentcar.com\/fr\/decouvrez-paros-avec-les-nouveaux-quads-atvs-cf-450cc-kymco-mxu-450cc\/\",\"name\":\"Location de Quad \u00e0 Paros - Nouveaux CF 450cc & KYMCO MXU 450cc par Paros European Rent\",\"isPartOf\":{\"@id\":\"https:\/\/parosrentcar.com\/fr\/#website\"},\"primaryImageOfPage\":{\"@id\":\"https:\/\/parosrentcar.com\/fr\/decouvrez-paros-avec-les-nouveaux-quads-atvs-cf-450cc-kymco-mxu-450cc\/#primaryimage\"},\"image\":{\"@id\":\"https:\/\/parosrentcar.com\/fr\/decouvrez-paros-avec-les-nouveaux-quads-atvs-cf-450cc-kymco-mxu-450cc\/#primaryimage\"},\"thumbnailUrl\":\"https:\/\/parosrentcar.com\/fr\/wp-content\/uploads\/2025\/03\/kymco-450-new-parais-1000-400.jpg\",\"datePublished\":\"2025-03-10T04:31:31+00:00\",\"dateModified\":\"2025-03-10T04:46:19+00:00\",\"author\":{\"@id\":\"https:\/\/parosrentcar.com\/fr\/#\/schema\/person\/d743451aad44d2f5e7839544ed91721e\"},\"description\":\"Explorez Paros avec les nouvelles locations de quad CF 450cc & KYMCO MXU 450cc de Paros European Rent. Confort, puissance et aventure \u00e0 chaque trajet !\",\"breadcrumb\":{\"@id\":\"https:\/\/parosrentcar.com\/fr\/decouvrez-paros-avec-les-nouveaux-quads-atvs-cf-450cc-kymco-mxu-450cc\/#breadcrumb\"},\"inLanguage\":\"fr-FR\",\"potentialAction\":[{\"@type\":\"ReadAction\",\"target\":[\"https:\/\/parosrentcar.com\/fr\/decouvrez-paros-avec-les-nouveaux-quads-atvs-cf-450cc-kymco-mxu-450cc\/\"]}]},{\"@type\":\"ImageObject\",\"inLanguage\":\"fr-FR\",\"@id\":\"https:\/\/parosrentcar.com\/fr\/decouvrez-paros-avec-les-nouveaux-quads-atvs-cf-450cc-kymco-mxu-450cc\/#primaryimage\",\"url\":\"https:\/\/parosrentcar.com\/fr\/wp-content\/uploads\/2025\/03\/kymco-450-new-parais-1000-400.jpg\",\"contentUrl\":\"https:\/\/parosrentcar.com\/fr\/wp-content\/uploads\/2025\/03\/kymco-450-new-parais-1000-400.jpg\",\"width\":1000,\"height\":400,\"caption\":\"Nouveaux Quads \/ ATVs CF 450cc & KYMCO MXU 450cc\"},{\"@type\":\"BreadcrumbList\",\"@id\":\"https:\/\/parosrentcar.com\/fr\/decouvrez-paros-avec-les-nouveaux-quads-atvs-cf-450cc-kymco-mxu-450cc\/#breadcrumb\",\"itemListElement\":[{\"@type\":\"ListItem\",\"position\":1,\"name\":\"Home\",\"item\":\"https:\/\/parosrentcar.com\/fr\/\"},{\"@type\":\"ListItem\",\"position\":2,\"name\":\"D\u00e9couvrez Paros avec les Nouveaux Quads \/ ATVs CF 450cc &#038; KYMCO MXU 450cc !\"}]},{\"@type\":\"WebSite\",\"@id\":\"https:\/\/parosrentcar.com\/fr\/#website\",\"url\":\"https:\/\/parosrentcar.com\/fr\/\",\"name\":\"Location de voitures \u00e0 Paros Gr\u00e8ce - ParosEuropeanRent\",\"description\":\"Location de voiture, buggy, quad, atv, scooter, moto et v\u00e9lo \u00e0 Paros\",\"potentialAction\":[{\"@type\":\"SearchAction\",\"target\":{\"@type\":\"EntryPoint\",\"urlTemplate\":\"https:\/\/parosrentcar.com\/fr\/?s={search_term_string}\"},\"query-input\":{\"@type\":\"PropertyValueSpecification\",\"valueRequired\":true,\"valueName\":\"search_term_string\"}}],\"inLanguage\":\"fr-FR\"},{\"@type\":\"Person\",\"@id\":\"https:\/\/parosrentcar.com\/fr\/#\/schema\/person\/d743451aad44d2f5e7839544ed91721e\",\"name\":\"admin\",\"image\":{\"@type\":\"ImageObject\",\"inLanguage\":\"fr-FR\",\"@id\":\"https:\/\/parosrentcar.com\/fr\/#\/schema\/person\/image\/\",\"url\":\"https:\/\/secure.gravatar.com\/avatar\/e8373ef91d847108770c709f685a900c4549230f96552692edf55206b4e6cdac?s=96&d=mm&r=g\",\"contentUrl\":\"https:\/\/secure.gravatar.com\/avatar\/e8373ef91d847108770c709f685a900c4549230f96552692edf55206b4e6cdac?s=96&d=mm&r=g\",\"caption\":\"admin\"},\"url\":\"https:\/\/parosrentcar.com\/fr\/author\/admin\/\"}]}<\/script>\n<!-- \/ Yoast SEO plugin. -->","yoast_head_json":{"title":"Location de Quad \u00e0 Paros - Nouveaux CF 450cc & KYMCO MXU 450cc par Paros European Rent","description":"Explorez Paros avec les nouvelles locations de quad CF 450cc & KYMCO MXU 450cc de Paros European Rent. Confort, puissance et aventure \u00e0 chaque trajet !","robots":{"index":"index","follow":"follow","max-snippet":"max-snippet:-1","max-image-preview":"max-image-preview:large","max-video-preview":"max-video-preview:-1"},"canonical":"https:\/\/parosrentcar.com\/fr\/decouvrez-paros-avec-les-nouveaux-quads-atvs-cf-450cc-kymco-mxu-450cc\/","og_locale":"fr_FR","og_type":"article","og_title":"Location de Quad \u00e0 Paros - Nouveaux CF 450cc & KYMCO MXU 450cc par Paros European Rent","og_description":"Explorez Paros avec les nouvelles locations de quad CF 450cc & KYMCO MXU 450cc de Paros European Rent. Confort, puissance et aventure \u00e0 chaque trajet !","og_url":"https:\/\/parosrentcar.com\/fr\/decouvrez-paros-avec-les-nouveaux-quads-atvs-cf-450cc-kymco-mxu-450cc\/","og_site_name":"Location de voitures \u00e0 Paros Gr\u00e8ce - ParosEuropeanRent","article_publisher":"https:\/\/www.facebook.com\/paroscarrental","article_published_time":"2025-03-10T04:31:31+00:00","article_modified_time":"2025-03-10T04:46:19+00:00","og_image":[{"width":1000,"height":400,"url":"https:\/\/parosrentcar.com\/fr\/wp-content\/uploads\/2025\/03\/kymco-450-new-parais-1000-400.jpg","type":"image\/jpeg"}],"author":"admin","twitter_misc":{"\u00c9crit par":"admin","Dur\u00e9e de lecture estim\u00e9e":"2 minutes"},"schema":{"@context":"https:\/\/schema.org","@graph":[{"@type":"Article","@id":"https:\/\/parosrentcar.com\/fr\/decouvrez-paros-avec-les-nouveaux-quads-atvs-cf-450cc-kymco-mxu-450cc\/#article","isPartOf":{"@id":"https:\/\/parosrentcar.com\/fr\/decouvrez-paros-avec-les-nouveaux-quads-atvs-cf-450cc-kymco-mxu-450cc\/"},"author":{"name":"admin","@id":"https:\/\/parosrentcar.com\/fr\/#\/schema\/person\/d743451aad44d2f5e7839544ed91721e"},"headline":"D\u00e9couvrez Paros avec les Nouveaux Quads \/ ATVs CF 450cc &#038; KYMCO MXU 450cc !","datePublished":"2025-03-10T04:31:31+00:00","dateModified":"2025-03-10T04:46:19+00:00","mainEntityOfPage":{"@id":"https:\/\/parosrentcar.com\/fr\/decouvrez-paros-avec-les-nouveaux-quads-atvs-cf-450cc-kymco-mxu-450cc\/"},"wordCount":318,"commentCount":0,"image":{"@id":"https:\/\/parosrentcar.com\/fr\/decouvrez-paros-avec-les-nouveaux-quads-atvs-cf-450cc-kymco-mxu-450cc\/#primaryimage"},"thumbnailUrl":"https:\/\/parosrentcar.com\/fr\/wp-content\/uploads\/2025\/03\/kymco-450-new-parais-1000-400.jpg","keywords":["atv tout-terrain Paros","location de atv \u00e0 Paros","location de quad \u00e0 Paros","quad tout-terrain Paros"],"articleSection":["atv tout-terrain Paros","location de atv \u00e0 Paros","location de quad \u00e0 Paros","quad tout-terrain Paros"],"inLanguage":"fr-FR","potentialAction":[{"@type":"CommentAction","name":"Comment","target":["https:\/\/parosrentcar.com\/fr\/decouvrez-paros-avec-les-nouveaux-quads-atvs-cf-450cc-kymco-mxu-450cc\/#respond"]}]},{"@type":"WebPage","@id":"https:\/\/parosrentcar.com\/fr\/decouvrez-paros-avec-les-nouveaux-quads-atvs-cf-450cc-kymco-mxu-450cc\/","url":"https:\/\/parosrentcar.com\/fr\/decouvrez-paros-avec-les-nouveaux-quads-atvs-cf-450cc-kymco-mxu-450cc\/","name":"Location de Quad \u00e0 Paros - Nouveaux CF 450cc & KYMCO MXU 450cc par Paros European Rent","isPartOf":{"@id":"https:\/\/parosrentcar.com\/fr\/#website"},"primaryImageOfPage":{"@id":"https:\/\/parosrentcar.com\/fr\/decouvrez-paros-avec-les-nouveaux-quads-atvs-cf-450cc-kymco-mxu-450cc\/#primaryimage"},"image":{"@id":"https:\/\/parosrentcar.com\/fr\/decouvrez-paros-avec-les-nouveaux-quads-atvs-cf-450cc-kymco-mxu-450cc\/#primaryimage"},"thumbnailUrl":"https:\/\/parosrentcar.com\/fr\/wp-content\/uploads\/2025\/03\/kymco-450-new-parais-1000-400.jpg","datePublished":"2025-03-10T04:31:31+00:00","dateModified":"2025-03-10T04:46:19+00:00","author":{"@id":"https:\/\/parosrentcar.com\/fr\/#\/schema\/person\/d743451aad44d2f5e7839544ed91721e"},"description":"Explorez Paros avec les nouvelles locations de quad CF 450cc & KYMCO MXU 450cc de Paros European Rent. Confort, puissance et aventure \u00e0 chaque trajet !","breadcrumb":{"@id":"https:\/\/parosrentcar.com\/fr\/decouvrez-paros-avec-les-nouveaux-quads-atvs-cf-450cc-kymco-mxu-450cc\/#breadcrumb"},"inLanguage":"fr-FR","potentialAction":[{"@type":"ReadAction","target":["https:\/\/parosrentcar.com\/fr\/decouvrez-paros-avec-les-nouveaux-quads-atvs-cf-450cc-kymco-mxu-450cc\/"]}]},{"@type":"ImageObject","inLanguage":"fr-FR","@id":"https:\/\/parosrentcar.com\/fr\/decouvrez-paros-avec-les-nouveaux-quads-atvs-cf-450cc-kymco-mxu-450cc\/#primaryimage","url":"https:\/\/parosrentcar.com\/fr\/wp-content\/uploads\/2025\/03\/kymco-450-new-parais-1000-400.jpg","contentUrl":"https:\/\/parosrentcar.com\/fr\/wp-content\/uploads\/2025\/03\/kymco-450-new-parais-1000-400.jpg","width":1000,"height":400,"caption":"Nouveaux Quads \/ ATVs CF 450cc & KYMCO MXU 450cc"},{"@type":"BreadcrumbList","@id":"https:\/\/parosrentcar.com\/fr\/decouvrez-paros-avec-les-nouveaux-quads-atvs-cf-450cc-kymco-mxu-450cc\/#breadcrumb","itemListElement":[{"@type":"ListItem","position":1,"name":"Home","item":"https:\/\/parosrentcar.com\/fr\/"},{"@type":"ListItem","position":2,"name":"D\u00e9couvrez Paros avec les Nouveaux Quads \/ ATVs CF 450cc &#038; KYMCO MXU 450cc !"}]},{"@type":"WebSite","@id":"https:\/\/parosrentcar.com\/fr\/#website","url":"https:\/\/parosrentcar.com\/fr\/","name":"Location de voitures \u00e0 Paros Gr\u00e8ce - ParosEuropeanRent","description":"Location de voiture, buggy, quad, atv, scooter, moto et v\u00e9lo \u00e0 Paros","potentialAction":[{"@type":"SearchAction","target":{"@type":"EntryPoint","urlTemplate":"https:\/\/parosrentcar.com\/fr\/?s={search_term_string}"},"query-input":{"@type":"PropertyValueSpecification","valueRequired":true,"valueName":"search_term_string"}}],"inLanguage":"fr-FR"},{"@type":"Person","@id":"https:\/\/parosrentcar.com\/fr\/#\/schema\/person\/d743451aad44d2f5e7839544ed91721e","name":"admin","image":{"@type":"ImageObject","inLanguage":"fr-FR","@id":"https:\/\/parosrentcar.com\/fr\/#\/schema\/person\/image\/","url":"https:\/\/secure.gravatar.com\/avatar\/e8373ef91d847108770c709f685a900c4549230f96552692edf55206b4e6cdac?s=96&d=mm&r=g","contentUrl":"https:\/\/secure.gravatar.com\/avatar\/e8373ef91d847108770c709f685a900c4549230f96552692edf55206b4e6cdac?s=96&d=mm&r=g","caption":"admin"},"url":"https:\/\/parosrentcar.com\/fr\/author\/admin\/"}]}},"_links":{"self":[{"href":"https:\/\/parosrentcar.com\/fr\/wp-json\/wp\/v2\/posts\/39359","targetHints":{"allow":["GET"]}}],"collection":[{"href":"https:\/\/parosrentcar.com\/fr\/wp-json\/wp\/v2\/posts"}],"about":[{"href":"https:\/\/parosrentcar.com\/fr\/wp-json\/wp\/v2\/types\/post"}],"author":[{"embeddable":true,"href":"https:\/\/parosrentcar.com\/fr\/wp-json\/wp\/v2\/users\/1"}],"replies":[{"embeddable":true,"href":"https:\/\/parosrentcar.com\/fr\/wp-json\/wp\/v2\/comments?post=39359"}],"version-history":[{"count":1,"href":"https:\/\/parosrentcar.com\/fr\/wp-json\/wp\/v2\/posts\/39359\/revisions"}],"predecessor-version":[{"id":39361,"href":"https:\/\/parosrentcar.com\/fr\/wp-json\/wp\/v2\/posts\/39359\/revisions\/39361"}],"wp:featuredmedia":[{"embeddable":true,"href":"https:\/\/parosrentcar.com\/fr\/wp-json\/wp\/v2\/media\/39360"}],"wp:attachment":[{"href":"https:\/\/parosrentcar.com\/fr\/wp-json\/wp\/v2\/media?parent=39359"}],"wp:term":[{"taxonomy":"category","embeddable":true,"href":"https:\/\/parosrentcar.com\/fr\/wp-json\/wp\/v2\/categories?post=39359"},{"taxonomy":"post_tag","embeddable":true,"href":"https:\/\/parosrentcar.com\/fr\/wp-json\/wp\/v2\/tags?post=39359"}],"curies":[{"name":"wp","href":"https:\/\/api.w.org\/{rel}","templated":true}]}}