{"id":39313,"date":"2025-02-02T05:40:38","date_gmt":"2025-02-02T05:40:38","guid":{"rendered":"https:\/\/parosrentcar.com\/fr\/?p=39313"},"modified":"2025-02-02T05:41:30","modified_gmt":"2025-02-02T05:41:30","slug":"location-de-moto-a-paros","status":"publish","type":"post","link":"https:\/\/parosrentcar.com\/fr\/location-de-moto-a-paros\/","title":{"rendered":"Location de Moto \u00e0 Paros : Libert\u00e9 sur la Route avec Paros European Rent"},"content":{"rendered":"<p>&nbsp;<br \/>\n<strong>D\u00e9couverte de l\u2019\u00cele avec Confort et Style<\/strong><\/p>\n<p>L&rsquo;exp\u00e9rience de location de moto \u00e0 Paros avec Paros European Rent ouvre de nouveaux horizons pour explorer l&rsquo;\u00eele. Avec les nouvelles motos modernes BMW G310 GS et ROYAL ENFIELD HIMALAYAN 410, nous offrons la solution id\u00e9ale combinant performance, \u00e9conomie et style.<\/p>\n<p>Si vous pr\u00e9f\u00e9rez une conduite confortable sur route, la BMW G310 GS peut \u00eatre le meilleur choix. En revanche, si vous souhaitez explorer des sentiers escarp\u00e9s et des zones recul\u00e9es, la Royal Enfield Himalayan 410 vous offrira la robustesse et la performance n\u00e9cessaires.<\/p>\n<p><strong>Mobilit\u00e9 \u00c9conomique et S\u00e9curis\u00e9e<\/strong><\/p>\n<p>Louez une moto pour profiter d\u2019une solution \u00e9conomique et de la facilit\u00e9 de stationnement pendant les mois d\u2019\u00e9t\u00e9, lorsque la circulation est dense. Avec les casques gratuits que nous fournissons et les contr\u00f4les r\u00e9guliers effectu\u00e9s apr\u00e8s chaque location, nous garantissons votre s\u00e9curit\u00e9.<\/p>\n<p><strong>Tarifs Transparents sans Frais Cach\u00e9s<\/strong><\/p>\n<p>Chez Paros European Rent, nos prix sont transparents et sans frais cach\u00e9s. Ils incluent la TVA de 24 %, des kilom\u00e8tres illimit\u00e9s, une assurance responsabilit\u00e9 civile et un casque gratuit ! Confiez-nous votre choix et d\u00e9couvrez Paros avec style et confort.<\/p>\n<p><strong>Exp\u00e9rience de Longue Date et Excellentes Critiques<\/strong><\/p>\n<p>Avec plus de trente ans d\u2019histoire, Paros European Rent maintient la confiance de ses clients. Un service exceptionnel et des relations de confiance depuis 1989 font de notre entreprise le premier choix pour la location de moto \u00e0 Paros.<\/p>\n<p><strong>B\u00e9n\u00e9ficiez d\u2019une R\u00e9duction allant jusqu\u2019\u00e0 15 %<\/strong><\/p>\n<p>En r\u00e9servant en ligne, b\u00e9n\u00e9ficiez d\u2019une r\u00e9duction de 10 % pour une location de 3 \u00e0 7 jours, et de 15 % pour une location de 8 jours ou plus. D\u00e9couvrez la beaut\u00e9 de Paros avec style et confort en louant une moto unique chez Paros European Rent.<\/p>\n","protected":false},"excerpt":{"rendered":"<p>Motos uniques BMW G310 GS et ROYAL ENFIELD HIMALAYAN 410 \u00e0 louer \u00e0 Paros, offrant une solution id\u00e9ale combinant performance, \u00e9conomie et style.<\/p>\n","protected":false},"author":1,"featured_media":39314,"comment_status":"open","ping_status":"open","sticky":false,"template":"","format":"standard","meta":{"footnotes":""},"categories":[117,218,379],"tags":[180,224,380],"class_list":["post-39313","post","type-post","status-publish","format-standard","has-post-thumbnail","hentry","category-location-de-motos-a-paros","category-locations-de-motos-a-paros","category-offres-de-location-de-moto-a-paros","tag-location-de-moto-a-paros","tag-locations-de-motos-a-paros","tag-offres-de-location-de-moto-a-paros"],"yoast_head":"<!-- This site is optimized with the Yoast SEO plugin v27.1.1 - https:\/\/yoast.com\/product\/yoast-seo-wordpress\/ -->\n<title>Grandes offres de location de moto \u00e0 Paros. Locations de motos \u00e0 Paros<\/title>\n<meta name=\"description\" content=\"Motos uniques BMW G310 GS et ROYAL ENFIELD HIMALAYAN 410 \u00e0 louer \u00e0 Paros, offrant une solution id\u00e9ale combinant performance, \u00e9conomie et style.\" \/>\n<meta name=\"robots\" content=\"index, follow, max-snippet:-1, max-image-preview:large, max-video-preview:-1\" \/>\n<link rel=\"canonical\" href=\"https:\/\/parosrentcar.com\/fr\/location-de-moto-a-paros\/\" \/>\n<meta property=\"og:locale\" content=\"fr_FR\" \/>\n<meta property=\"og:type\" content=\"article\" \/>\n<meta property=\"og:title\" content=\"Grandes offres de location de moto \u00e0 Paros. Locations de motos \u00e0 Paros\" \/>\n<meta property=\"og:description\" content=\"Motos uniques BMW G310 GS et ROYAL ENFIELD HIMALAYAN 410 \u00e0 louer \u00e0 Paros, offrant une solution id\u00e9ale combinant performance, \u00e9conomie et style.\" \/>\n<meta property=\"og:url\" content=\"https:\/\/parosrentcar.com\/fr\/location-de-moto-a-paros\/\" \/>\n<meta property=\"og:site_name\" content=\"Location de voitures \u00e0 Paros Gr\u00e8ce - ParosEuropeanRent\" \/>\n<meta property=\"article:publisher\" content=\"https:\/\/www.facebook.com\/paroscarrental\" \/>\n<meta property=\"article:published_time\" content=\"2025-02-02T05:40:38+00:00\" \/>\n<meta property=\"article:modified_time\" content=\"2025-02-02T05:41:30+00:00\" \/>\n<meta property=\"og:image\" content=\"https:\/\/parosrentcar.com\/fr\/wp-content\/uploads\/2025\/02\/himalayan-1000-400.jpg\" \/>\n\t<meta property=\"og:image:width\" content=\"1000\" \/>\n\t<meta property=\"og:image:height\" content=\"400\" \/>\n\t<meta property=\"og:image:type\" content=\"image\/jpeg\" \/>\n<meta name=\"author\" content=\"admin\" \/>\n<meta name=\"twitter:label1\" content=\"\u00c9crit par\" \/>\n\t<meta name=\"twitter:data1\" content=\"admin\" \/>\n\t<meta name=\"twitter:label2\" content=\"Dur\u00e9e de lecture estim\u00e9e\" \/>\n\t<meta name=\"twitter:data2\" content=\"2 minutes\" \/>\n<script type=\"application\/ld+json\" class=\"yoast-schema-graph\">{\"@context\":\"https:\/\/schema.org\",\"@graph\":[{\"@type\":\"Article\",\"@id\":\"https:\/\/parosrentcar.com\/fr\/location-de-moto-a-paros\/#article\",\"isPartOf\":{\"@id\":\"https:\/\/parosrentcar.com\/fr\/location-de-moto-a-paros\/\"},\"author\":{\"name\":\"admin\",\"@id\":\"https:\/\/parosrentcar.com\/fr\/#\/schema\/person\/d743451aad44d2f5e7839544ed91721e\"},\"headline\":\"Location de Moto \u00e0 Paros : Libert\u00e9 sur la Route avec Paros European Rent\",\"datePublished\":\"2025-02-02T05:40:38+00:00\",\"dateModified\":\"2025-02-02T05:41:30+00:00\",\"mainEntityOfPage\":{\"@id\":\"https:\/\/parosrentcar.com\/fr\/location-de-moto-a-paros\/\"},\"wordCount\":315,\"commentCount\":0,\"image\":{\"@id\":\"https:\/\/parosrentcar.com\/fr\/location-de-moto-a-paros\/#primaryimage\"},\"thumbnailUrl\":\"https:\/\/parosrentcar.com\/fr\/wp-content\/uploads\/2025\/02\/himalayan-1000-400.jpg\",\"keywords\":[\"location de moto \u00e0 Paros\",\"locations de motos \u00e0 Paros\",\"offres de location de moto \u00e0 Paros\"],\"articleSection\":[\"location de moto \u00e0 Paros\",\"locations de motos \u00e0 Paros\",\"offres de location de moto \u00e0 Paros\"],\"inLanguage\":\"fr-FR\",\"potentialAction\":[{\"@type\":\"CommentAction\",\"name\":\"Comment\",\"target\":[\"https:\/\/parosrentcar.com\/fr\/location-de-moto-a-paros\/#respond\"]}]},{\"@type\":\"WebPage\",\"@id\":\"https:\/\/parosrentcar.com\/fr\/location-de-moto-a-paros\/\",\"url\":\"https:\/\/parosrentcar.com\/fr\/location-de-moto-a-paros\/\",\"name\":\"Grandes offres de location de moto \u00e0 Paros. Locations de motos \u00e0 Paros\",\"isPartOf\":{\"@id\":\"https:\/\/parosrentcar.com\/fr\/#website\"},\"primaryImageOfPage\":{\"@id\":\"https:\/\/parosrentcar.com\/fr\/location-de-moto-a-paros\/#primaryimage\"},\"image\":{\"@id\":\"https:\/\/parosrentcar.com\/fr\/location-de-moto-a-paros\/#primaryimage\"},\"thumbnailUrl\":\"https:\/\/parosrentcar.com\/fr\/wp-content\/uploads\/2025\/02\/himalayan-1000-400.jpg\",\"datePublished\":\"2025-02-02T05:40:38+00:00\",\"dateModified\":\"2025-02-02T05:41:30+00:00\",\"author\":{\"@id\":\"https:\/\/parosrentcar.com\/fr\/#\/schema\/person\/d743451aad44d2f5e7839544ed91721e\"},\"description\":\"Motos uniques BMW G310 GS et ROYAL ENFIELD HIMALAYAN 410 \u00e0 louer \u00e0 Paros, offrant une solution id\u00e9ale combinant performance, \u00e9conomie et style.\",\"breadcrumb\":{\"@id\":\"https:\/\/parosrentcar.com\/fr\/location-de-moto-a-paros\/#breadcrumb\"},\"inLanguage\":\"fr-FR\",\"potentialAction\":[{\"@type\":\"ReadAction\",\"target\":[\"https:\/\/parosrentcar.com\/fr\/location-de-moto-a-paros\/\"]}]},{\"@type\":\"ImageObject\",\"inLanguage\":\"fr-FR\",\"@id\":\"https:\/\/parosrentcar.com\/fr\/location-de-moto-a-paros\/#primaryimage\",\"url\":\"https:\/\/parosrentcar.com\/fr\/wp-content\/uploads\/2025\/02\/himalayan-1000-400.jpg\",\"contentUrl\":\"https:\/\/parosrentcar.com\/fr\/wp-content\/uploads\/2025\/02\/himalayan-1000-400.jpg\",\"width\":1000,\"height\":400,\"caption\":\"Location de moto \u00e0 Paros\"},{\"@type\":\"BreadcrumbList\",\"@id\":\"https:\/\/parosrentcar.com\/fr\/location-de-moto-a-paros\/#breadcrumb\",\"itemListElement\":[{\"@type\":\"ListItem\",\"position\":1,\"name\":\"Home\",\"item\":\"https:\/\/parosrentcar.com\/fr\/\"},{\"@type\":\"ListItem\",\"position\":2,\"name\":\"Location de Moto \u00e0 Paros : Libert\u00e9 sur la Route avec Paros European Rent\"}]},{\"@type\":\"WebSite\",\"@id\":\"https:\/\/parosrentcar.com\/fr\/#website\",\"url\":\"https:\/\/parosrentcar.com\/fr\/\",\"name\":\"Location de voitures \u00e0 Paros Gr\u00e8ce - ParosEuropeanRent\",\"description\":\"Location de voiture, buggy, quad, atv, scooter, moto et v\u00e9lo \u00e0 Paros\",\"potentialAction\":[{\"@type\":\"SearchAction\",\"target\":{\"@type\":\"EntryPoint\",\"urlTemplate\":\"https:\/\/parosrentcar.com\/fr\/?s={search_term_string}\"},\"query-input\":{\"@type\":\"PropertyValueSpecification\",\"valueRequired\":true,\"valueName\":\"search_term_string\"}}],\"inLanguage\":\"fr-FR\"},{\"@type\":\"Person\",\"@id\":\"https:\/\/parosrentcar.com\/fr\/#\/schema\/person\/d743451aad44d2f5e7839544ed91721e\",\"name\":\"admin\",\"image\":{\"@type\":\"ImageObject\",\"inLanguage\":\"fr-FR\",\"@id\":\"https:\/\/parosrentcar.com\/fr\/#\/schema\/person\/image\/\",\"url\":\"https:\/\/secure.gravatar.com\/avatar\/e8373ef91d847108770c709f685a900c4549230f96552692edf55206b4e6cdac?s=96&d=mm&r=g\",\"contentUrl\":\"https:\/\/secure.gravatar.com\/avatar\/e8373ef91d847108770c709f685a900c4549230f96552692edf55206b4e6cdac?s=96&d=mm&r=g\",\"caption\":\"admin\"},\"url\":\"https:\/\/parosrentcar.com\/fr\/author\/admin\/\"}]}<\/script>\n<!-- \/ Yoast SEO plugin. -->","yoast_head_json":{"title":"Grandes offres de location de moto \u00e0 Paros. Locations de motos \u00e0 Paros","description":"Motos uniques BMW G310 GS et ROYAL ENFIELD HIMALAYAN 410 \u00e0 louer \u00e0 Paros, offrant une solution id\u00e9ale combinant performance, \u00e9conomie et style.","robots":{"index":"index","follow":"follow","max-snippet":"max-snippet:-1","max-image-preview":"max-image-preview:large","max-video-preview":"max-video-preview:-1"},"canonical":"https:\/\/parosrentcar.com\/fr\/location-de-moto-a-paros\/","og_locale":"fr_FR","og_type":"article","og_title":"Grandes offres de location de moto \u00e0 Paros. Locations de motos \u00e0 Paros","og_description":"Motos uniques BMW G310 GS et ROYAL ENFIELD HIMALAYAN 410 \u00e0 louer \u00e0 Paros, offrant une solution id\u00e9ale combinant performance, \u00e9conomie et style.","og_url":"https:\/\/parosrentcar.com\/fr\/location-de-moto-a-paros\/","og_site_name":"Location de voitures \u00e0 Paros Gr\u00e8ce - ParosEuropeanRent","article_publisher":"https:\/\/www.facebook.com\/paroscarrental","article_published_time":"2025-02-02T05:40:38+00:00","article_modified_time":"2025-02-02T05:41:30+00:00","og_image":[{"width":1000,"height":400,"url":"https:\/\/parosrentcar.com\/fr\/wp-content\/uploads\/2025\/02\/himalayan-1000-400.jpg","type":"image\/jpeg"}],"author":"admin","twitter_misc":{"\u00c9crit par":"admin","Dur\u00e9e de lecture estim\u00e9e":"2 minutes"},"schema":{"@context":"https:\/\/schema.org","@graph":[{"@type":"Article","@id":"https:\/\/parosrentcar.com\/fr\/location-de-moto-a-paros\/#article","isPartOf":{"@id":"https:\/\/parosrentcar.com\/fr\/location-de-moto-a-paros\/"},"author":{"name":"admin","@id":"https:\/\/parosrentcar.com\/fr\/#\/schema\/person\/d743451aad44d2f5e7839544ed91721e"},"headline":"Location de Moto \u00e0 Paros : Libert\u00e9 sur la Route avec Paros European Rent","datePublished":"2025-02-02T05:40:38+00:00","dateModified":"2025-02-02T05:41:30+00:00","mainEntityOfPage":{"@id":"https:\/\/parosrentcar.com\/fr\/location-de-moto-a-paros\/"},"wordCount":315,"commentCount":0,"image":{"@id":"https:\/\/parosrentcar.com\/fr\/location-de-moto-a-paros\/#primaryimage"},"thumbnailUrl":"https:\/\/parosrentcar.com\/fr\/wp-content\/uploads\/2025\/02\/himalayan-1000-400.jpg","keywords":["location de moto \u00e0 Paros","locations de motos \u00e0 Paros","offres de location de moto \u00e0 Paros"],"articleSection":["location de moto \u00e0 Paros","locations de motos \u00e0 Paros","offres de location de moto \u00e0 Paros"],"inLanguage":"fr-FR","potentialAction":[{"@type":"CommentAction","name":"Comment","target":["https:\/\/parosrentcar.com\/fr\/location-de-moto-a-paros\/#respond"]}]},{"@type":"WebPage","@id":"https:\/\/parosrentcar.com\/fr\/location-de-moto-a-paros\/","url":"https:\/\/parosrentcar.com\/fr\/location-de-moto-a-paros\/","name":"Grandes offres de location de moto \u00e0 Paros. Locations de motos \u00e0 Paros","isPartOf":{"@id":"https:\/\/parosrentcar.com\/fr\/#website"},"primaryImageOfPage":{"@id":"https:\/\/parosrentcar.com\/fr\/location-de-moto-a-paros\/#primaryimage"},"image":{"@id":"https:\/\/parosrentcar.com\/fr\/location-de-moto-a-paros\/#primaryimage"},"thumbnailUrl":"https:\/\/parosrentcar.com\/fr\/wp-content\/uploads\/2025\/02\/himalayan-1000-400.jpg","datePublished":"2025-02-02T05:40:38+00:00","dateModified":"2025-02-02T05:41:30+00:00","author":{"@id":"https:\/\/parosrentcar.com\/fr\/#\/schema\/person\/d743451aad44d2f5e7839544ed91721e"},"description":"Motos uniques BMW G310 GS et ROYAL ENFIELD HIMALAYAN 410 \u00e0 louer \u00e0 Paros, offrant une solution id\u00e9ale combinant performance, \u00e9conomie et style.","breadcrumb":{"@id":"https:\/\/parosrentcar.com\/fr\/location-de-moto-a-paros\/#breadcrumb"},"inLanguage":"fr-FR","potentialAction":[{"@type":"ReadAction","target":["https:\/\/parosrentcar.com\/fr\/location-de-moto-a-paros\/"]}]},{"@type":"ImageObject","inLanguage":"fr-FR","@id":"https:\/\/parosrentcar.com\/fr\/location-de-moto-a-paros\/#primaryimage","url":"https:\/\/parosrentcar.com\/fr\/wp-content\/uploads\/2025\/02\/himalayan-1000-400.jpg","contentUrl":"https:\/\/parosrentcar.com\/fr\/wp-content\/uploads\/2025\/02\/himalayan-1000-400.jpg","width":1000,"height":400,"caption":"Location de moto \u00e0 Paros"},{"@type":"BreadcrumbList","@id":"https:\/\/parosrentcar.com\/fr\/location-de-moto-a-paros\/#breadcrumb","itemListElement":[{"@type":"ListItem","position":1,"name":"Home","item":"https:\/\/parosrentcar.com\/fr\/"},{"@type":"ListItem","position":2,"name":"Location de Moto \u00e0 Paros : Libert\u00e9 sur la Route avec Paros European Rent"}]},{"@type":"WebSite","@id":"https:\/\/parosrentcar.com\/fr\/#website","url":"https:\/\/parosrentcar.com\/fr\/","name":"Location de voitures \u00e0 Paros Gr\u00e8ce - ParosEuropeanRent","description":"Location de voiture, buggy, quad, atv, scooter, moto et v\u00e9lo \u00e0 Paros","potentialAction":[{"@type":"SearchAction","target":{"@type":"EntryPoint","urlTemplate":"https:\/\/parosrentcar.com\/fr\/?s={search_term_string}"},"query-input":{"@type":"PropertyValueSpecification","valueRequired":true,"valueName":"search_term_string"}}],"inLanguage":"fr-FR"},{"@type":"Person","@id":"https:\/\/parosrentcar.com\/fr\/#\/schema\/person\/d743451aad44d2f5e7839544ed91721e","name":"admin","image":{"@type":"ImageObject","inLanguage":"fr-FR","@id":"https:\/\/parosrentcar.com\/fr\/#\/schema\/person\/image\/","url":"https:\/\/secure.gravatar.com\/avatar\/e8373ef91d847108770c709f685a900c4549230f96552692edf55206b4e6cdac?s=96&d=mm&r=g","contentUrl":"https:\/\/secure.gravatar.com\/avatar\/e8373ef91d847108770c709f685a900c4549230f96552692edf55206b4e6cdac?s=96&d=mm&r=g","caption":"admin"},"url":"https:\/\/parosrentcar.com\/fr\/author\/admin\/"}]}},"_links":{"self":[{"href":"https:\/\/parosrentcar.com\/fr\/wp-json\/wp\/v2\/posts\/39313","targetHints":{"allow":["GET"]}}],"collection":[{"href":"https:\/\/parosrentcar.com\/fr\/wp-json\/wp\/v2\/posts"}],"about":[{"href":"https:\/\/parosrentcar.com\/fr\/wp-json\/wp\/v2\/types\/post"}],"author":[{"embeddable":true,"href":"https:\/\/parosrentcar.com\/fr\/wp-json\/wp\/v2\/users\/1"}],"replies":[{"embeddable":true,"href":"https:\/\/parosrentcar.com\/fr\/wp-json\/wp\/v2\/comments?post=39313"}],"version-history":[{"count":3,"href":"https:\/\/parosrentcar.com\/fr\/wp-json\/wp\/v2\/posts\/39313\/revisions"}],"predecessor-version":[{"id":39317,"href":"https:\/\/parosrentcar.com\/fr\/wp-json\/wp\/v2\/posts\/39313\/revisions\/39317"}],"wp:featuredmedia":[{"embeddable":true,"href":"https:\/\/parosrentcar.com\/fr\/wp-json\/wp\/v2\/media\/39314"}],"wp:attachment":[{"href":"https:\/\/parosrentcar.com\/fr\/wp-json\/wp\/v2\/media?parent=39313"}],"wp:term":[{"taxonomy":"category","embeddable":true,"href":"https:\/\/parosrentcar.com\/fr\/wp-json\/wp\/v2\/categories?post=39313"},{"taxonomy":"post_tag","embeddable":true,"href":"https:\/\/parosrentcar.com\/fr\/wp-json\/wp\/v2\/tags?post=39313"}],"curies":[{"name":"wp","href":"https:\/\/api.w.org\/{rel}","templated":true}]}}