{"id":39289,"date":"2024-10-23T18:56:46","date_gmt":"2024-10-23T18:56:46","guid":{"rendered":"https:\/\/parosrentcar.com\/fr\/?p=39289"},"modified":"2024-10-23T19:16:27","modified_gmt":"2024-10-23T19:16:27","slug":"location-de-buggy-a-paros-decouvrez-les-sentiers-de-lile","status":"publish","type":"post","link":"https:\/\/parosrentcar.com\/fr\/location-de-buggy-a-paros-decouvrez-les-sentiers-de-lile\/","title":{"rendered":"Location de Buggy \u00e0 Paros : D\u00e9couvrez les Sentiers de l\u2019\u00cele avec Paros European Rent"},"content":{"rendered":"<p>&nbsp;<br \/>\n<em>Conduite Off-Road avec les Nouveaux Buggies Automatiques de Polaris<\/em><\/p>\n<p>Paros European Rent offre une exp\u00e9rience unique de location de buggy \u00e0 Paros, avec des mod\u00e8les automatiques r\u00e9cents de 570cc \u00e0 1000cc de la c\u00e9l\u00e8bre marque internationale Polaris. Avec ces buggies puissants et maniables, vous pouvez explorer les sentiers isol\u00e9s et vivre des aventures inoubliables \u00e0 Paros.<\/p>\n<p><em>Libert\u00e9 et Mouvement Ind\u00e9pendant<\/em><\/p>\n<p>Nos buggies automatiques sont la solution id\u00e9ale pour la conduite off-road, vous permettant d\u2019explorer des zones inaccessibles avec d\u2019autres v\u00e9hicules. Profitez de la libert\u00e9 et de l&rsquo;ind\u00e9pendance que procurent nos buggies et vivez des moments de plaisir uniques \u00e0 Paros.<\/p>\n<p><em>Prix Transparents et S\u00e9curit\u00e9 Assur\u00e9e<\/em><\/p>\n<p>Comme pour toutes nos locations, les prix sont transparents, sans frais cach\u00e9s. Ils incluent la TVA \u00e0 24 %, un kilom\u00e9trage illimit\u00e9, une assurance responsabilit\u00e9 civile et un casque gratuit ! La s\u00e9curit\u00e9 et le confort de nos clients sont toujours notre priorit\u00e9.<\/p>\n<p><em>Exp\u00e9rience de Longue Date et Avis d&rsquo;Excellence<\/em><\/p>\n<p>Avec plus de trente ans d&rsquo;exp\u00e9rience, Paros European Rent continue d&rsquo;offrir un service excellent et de maintenir des relations de confiance depuis 1989. Notre histoire se raconte \u00e0 travers les avis positifs et la fid\u00e9lit\u00e9 de nos clients.<\/p>\n<p><em>Profitez d\u2019une R\u00e9duction jusqu\u2019\u00e0 15 %<\/em><\/p>\n<p>En r\u00e9servant en ligne, vous pouvez obtenir une r\u00e9duction de 10 % pour une location de 3 \u00e0 7 jours, et une r\u00e9duction de 15 % pour une location de plus de 8 jours. Vivez une exp\u00e9rience d&rsquo;exploration unique \u00e0 Paros avec les buggies de Paros European Rent et d\u00e9couvrez la vraie beaut\u00e9 de l&rsquo;\u00eele d&rsquo;une mani\u00e8re diff\u00e9rente et libre.<\/p>\n","protected":false},"excerpt":{"rendered":"<p>Louer un buggy \u00e0 Paros est le choix id\u00e9al pour une exp\u00e9rience on et off-road inoubliable \u00e0 Paros. Profitez d&rsquo;une r\u00e9duction allant jusqu&rsquo;\u00e0 15 %<\/p>\n","protected":false},"author":1,"featured_media":39290,"comment_status":"open","ping_status":"open","sticky":false,"template":"","format":"standard","meta":{"footnotes":""},"categories":[109,375,238],"tags":[96,376,241],"class_list":["post-39289","post","type-post","status-publish","format-standard","has-post-thumbnail","hentry","category-location-de-buggy-a-paros","category-location-de-buggy-economique-a-paros","category-locations-de-buggy-a-paros","tag-location-de-buggy-a-paros","tag-location-de-buggy-economique-a-paros","tag-locations-de-buggy-a-paros"],"yoast_head":"<!-- This site is optimized with the Yoast SEO plugin v27.1.1 - https:\/\/yoast.com\/product\/yoast-seo-wordpress\/ -->\n<title>Location de buggy \u00e0 Paros \/ Locations de buggy \u00e0 Paros<\/title>\n<meta name=\"description\" content=\"Louer un buggy \u00e0 Paros est le choix id\u00e9al pour une exp\u00e9rience on et off-road inoubliable \u00e0 Paros. Profitez d&#039;une r\u00e9duction allant jusqu&#039;\u00e0 15 %\" \/>\n<meta name=\"robots\" content=\"index, follow, max-snippet:-1, max-image-preview:large, max-video-preview:-1\" \/>\n<link rel=\"canonical\" href=\"https:\/\/parosrentcar.com\/fr\/location-de-buggy-a-paros-decouvrez-les-sentiers-de-lile\/\" \/>\n<meta property=\"og:locale\" content=\"fr_FR\" \/>\n<meta property=\"og:type\" content=\"article\" \/>\n<meta property=\"og:title\" content=\"Location de buggy \u00e0 Paros \/ Locations de buggy \u00e0 Paros\" \/>\n<meta property=\"og:description\" content=\"Louer un buggy \u00e0 Paros est le choix id\u00e9al pour une exp\u00e9rience on et off-road inoubliable \u00e0 Paros. Profitez d&#039;une r\u00e9duction allant jusqu&#039;\u00e0 15 %\" \/>\n<meta property=\"og:url\" content=\"https:\/\/parosrentcar.com\/fr\/location-de-buggy-a-paros-decouvrez-les-sentiers-de-lile\/\" \/>\n<meta property=\"og:site_name\" content=\"Location de voitures \u00e0 Paros Gr\u00e8ce - ParosEuropeanRent\" \/>\n<meta property=\"article:publisher\" content=\"https:\/\/www.facebook.com\/paroscarrental\" \/>\n<meta property=\"article:published_time\" content=\"2024-10-23T18:56:46+00:00\" \/>\n<meta property=\"article:modified_time\" content=\"2024-10-23T19:16:27+00:00\" \/>\n<meta property=\"og:image\" content=\"https:\/\/parosrentcar.com\/fr\/wp-content\/uploads\/2024\/10\/buggy-parais-1000-400.jpg\" \/>\n\t<meta property=\"og:image:width\" content=\"1000\" \/>\n\t<meta property=\"og:image:height\" content=\"400\" \/>\n\t<meta property=\"og:image:type\" content=\"image\/jpeg\" \/>\n<meta name=\"author\" content=\"admin\" \/>\n<meta name=\"twitter:label1\" content=\"\u00c9crit par\" \/>\n\t<meta name=\"twitter:data1\" content=\"admin\" \/>\n\t<meta name=\"twitter:label2\" content=\"Dur\u00e9e de lecture estim\u00e9e\" \/>\n\t<meta name=\"twitter:data2\" content=\"2 minutes\" \/>\n<script type=\"application\/ld+json\" class=\"yoast-schema-graph\">{\"@context\":\"https:\/\/schema.org\",\"@graph\":[{\"@type\":\"Article\",\"@id\":\"https:\/\/parosrentcar.com\/fr\/location-de-buggy-a-paros-decouvrez-les-sentiers-de-lile\/#article\",\"isPartOf\":{\"@id\":\"https:\/\/parosrentcar.com\/fr\/location-de-buggy-a-paros-decouvrez-les-sentiers-de-lile\/\"},\"author\":{\"name\":\"admin\",\"@id\":\"https:\/\/parosrentcar.com\/fr\/#\/schema\/person\/d743451aad44d2f5e7839544ed91721e\"},\"headline\":\"Location de Buggy \u00e0 Paros : D\u00e9couvrez les Sentiers de l\u2019\u00cele avec Paros European Rent\",\"datePublished\":\"2024-10-23T18:56:46+00:00\",\"dateModified\":\"2024-10-23T19:16:27+00:00\",\"mainEntityOfPage\":{\"@id\":\"https:\/\/parosrentcar.com\/fr\/location-de-buggy-a-paros-decouvrez-les-sentiers-de-lile\/\"},\"wordCount\":284,\"commentCount\":0,\"image\":{\"@id\":\"https:\/\/parosrentcar.com\/fr\/location-de-buggy-a-paros-decouvrez-les-sentiers-de-lile\/#primaryimage\"},\"thumbnailUrl\":\"https:\/\/parosrentcar.com\/fr\/wp-content\/uploads\/2024\/10\/buggy-parais-1000-400.jpg\",\"keywords\":[\"location de buggy \u00e0 Paros\",\"location de buggy \u00e9conomique \u00e0 Paros\",\"locations de buggy \u00e0 Paros\"],\"articleSection\":[\"location de buggy \u00e0 Paros\",\"location de buggy \u00e9conomique \u00e0 Paros\",\"locations de buggy \u00e0 Paros\"],\"inLanguage\":\"fr-FR\",\"potentialAction\":[{\"@type\":\"CommentAction\",\"name\":\"Comment\",\"target\":[\"https:\/\/parosrentcar.com\/fr\/location-de-buggy-a-paros-decouvrez-les-sentiers-de-lile\/#respond\"]}]},{\"@type\":\"WebPage\",\"@id\":\"https:\/\/parosrentcar.com\/fr\/location-de-buggy-a-paros-decouvrez-les-sentiers-de-lile\/\",\"url\":\"https:\/\/parosrentcar.com\/fr\/location-de-buggy-a-paros-decouvrez-les-sentiers-de-lile\/\",\"name\":\"Location de buggy \u00e0 Paros \/ Locations de buggy \u00e0 Paros\",\"isPartOf\":{\"@id\":\"https:\/\/parosrentcar.com\/fr\/#website\"},\"primaryImageOfPage\":{\"@id\":\"https:\/\/parosrentcar.com\/fr\/location-de-buggy-a-paros-decouvrez-les-sentiers-de-lile\/#primaryimage\"},\"image\":{\"@id\":\"https:\/\/parosrentcar.com\/fr\/location-de-buggy-a-paros-decouvrez-les-sentiers-de-lile\/#primaryimage\"},\"thumbnailUrl\":\"https:\/\/parosrentcar.com\/fr\/wp-content\/uploads\/2024\/10\/buggy-parais-1000-400.jpg\",\"datePublished\":\"2024-10-23T18:56:46+00:00\",\"dateModified\":\"2024-10-23T19:16:27+00:00\",\"author\":{\"@id\":\"https:\/\/parosrentcar.com\/fr\/#\/schema\/person\/d743451aad44d2f5e7839544ed91721e\"},\"description\":\"Louer un buggy \u00e0 Paros est le choix id\u00e9al pour une exp\u00e9rience on et off-road inoubliable \u00e0 Paros. Profitez d'une r\u00e9duction allant jusqu'\u00e0 15 %\",\"breadcrumb\":{\"@id\":\"https:\/\/parosrentcar.com\/fr\/location-de-buggy-a-paros-decouvrez-les-sentiers-de-lile\/#breadcrumb\"},\"inLanguage\":\"fr-FR\",\"potentialAction\":[{\"@type\":\"ReadAction\",\"target\":[\"https:\/\/parosrentcar.com\/fr\/location-de-buggy-a-paros-decouvrez-les-sentiers-de-lile\/\"]}]},{\"@type\":\"ImageObject\",\"inLanguage\":\"fr-FR\",\"@id\":\"https:\/\/parosrentcar.com\/fr\/location-de-buggy-a-paros-decouvrez-les-sentiers-de-lile\/#primaryimage\",\"url\":\"https:\/\/parosrentcar.com\/fr\/wp-content\/uploads\/2024\/10\/buggy-parais-1000-400.jpg\",\"contentUrl\":\"https:\/\/parosrentcar.com\/fr\/wp-content\/uploads\/2024\/10\/buggy-parais-1000-400.jpg\",\"width\":1000,\"height\":400,\"caption\":\"Location de buggy \u00e0 Paros\"},{\"@type\":\"BreadcrumbList\",\"@id\":\"https:\/\/parosrentcar.com\/fr\/location-de-buggy-a-paros-decouvrez-les-sentiers-de-lile\/#breadcrumb\",\"itemListElement\":[{\"@type\":\"ListItem\",\"position\":1,\"name\":\"Home\",\"item\":\"https:\/\/parosrentcar.com\/fr\/\"},{\"@type\":\"ListItem\",\"position\":2,\"name\":\"Location de Buggy \u00e0 Paros : D\u00e9couvrez les Sentiers de l\u2019\u00cele avec Paros European Rent\"}]},{\"@type\":\"WebSite\",\"@id\":\"https:\/\/parosrentcar.com\/fr\/#website\",\"url\":\"https:\/\/parosrentcar.com\/fr\/\",\"name\":\"Location de voitures \u00e0 Paros Gr\u00e8ce - ParosEuropeanRent\",\"description\":\"Location de voiture, buggy, quad, atv, scooter, moto et v\u00e9lo \u00e0 Paros\",\"potentialAction\":[{\"@type\":\"SearchAction\",\"target\":{\"@type\":\"EntryPoint\",\"urlTemplate\":\"https:\/\/parosrentcar.com\/fr\/?s={search_term_string}\"},\"query-input\":{\"@type\":\"PropertyValueSpecification\",\"valueRequired\":true,\"valueName\":\"search_term_string\"}}],\"inLanguage\":\"fr-FR\"},{\"@type\":\"Person\",\"@id\":\"https:\/\/parosrentcar.com\/fr\/#\/schema\/person\/d743451aad44d2f5e7839544ed91721e\",\"name\":\"admin\",\"image\":{\"@type\":\"ImageObject\",\"inLanguage\":\"fr-FR\",\"@id\":\"https:\/\/parosrentcar.com\/fr\/#\/schema\/person\/image\/\",\"url\":\"https:\/\/secure.gravatar.com\/avatar\/e8373ef91d847108770c709f685a900c4549230f96552692edf55206b4e6cdac?s=96&d=mm&r=g\",\"contentUrl\":\"https:\/\/secure.gravatar.com\/avatar\/e8373ef91d847108770c709f685a900c4549230f96552692edf55206b4e6cdac?s=96&d=mm&r=g\",\"caption\":\"admin\"},\"url\":\"https:\/\/parosrentcar.com\/fr\/author\/admin\/\"}]}<\/script>\n<!-- \/ Yoast SEO plugin. -->","yoast_head_json":{"title":"Location de buggy \u00e0 Paros \/ Locations de buggy \u00e0 Paros","description":"Louer un buggy \u00e0 Paros est le choix id\u00e9al pour une exp\u00e9rience on et off-road inoubliable \u00e0 Paros. Profitez d'une r\u00e9duction allant jusqu'\u00e0 15 %","robots":{"index":"index","follow":"follow","max-snippet":"max-snippet:-1","max-image-preview":"max-image-preview:large","max-video-preview":"max-video-preview:-1"},"canonical":"https:\/\/parosrentcar.com\/fr\/location-de-buggy-a-paros-decouvrez-les-sentiers-de-lile\/","og_locale":"fr_FR","og_type":"article","og_title":"Location de buggy \u00e0 Paros \/ Locations de buggy \u00e0 Paros","og_description":"Louer un buggy \u00e0 Paros est le choix id\u00e9al pour une exp\u00e9rience on et off-road inoubliable \u00e0 Paros. Profitez d'une r\u00e9duction allant jusqu'\u00e0 15 %","og_url":"https:\/\/parosrentcar.com\/fr\/location-de-buggy-a-paros-decouvrez-les-sentiers-de-lile\/","og_site_name":"Location de voitures \u00e0 Paros Gr\u00e8ce - ParosEuropeanRent","article_publisher":"https:\/\/www.facebook.com\/paroscarrental","article_published_time":"2024-10-23T18:56:46+00:00","article_modified_time":"2024-10-23T19:16:27+00:00","og_image":[{"width":1000,"height":400,"url":"https:\/\/parosrentcar.com\/fr\/wp-content\/uploads\/2024\/10\/buggy-parais-1000-400.jpg","type":"image\/jpeg"}],"author":"admin","twitter_misc":{"\u00c9crit par":"admin","Dur\u00e9e de lecture estim\u00e9e":"2 minutes"},"schema":{"@context":"https:\/\/schema.org","@graph":[{"@type":"Article","@id":"https:\/\/parosrentcar.com\/fr\/location-de-buggy-a-paros-decouvrez-les-sentiers-de-lile\/#article","isPartOf":{"@id":"https:\/\/parosrentcar.com\/fr\/location-de-buggy-a-paros-decouvrez-les-sentiers-de-lile\/"},"author":{"name":"admin","@id":"https:\/\/parosrentcar.com\/fr\/#\/schema\/person\/d743451aad44d2f5e7839544ed91721e"},"headline":"Location de Buggy \u00e0 Paros : D\u00e9couvrez les Sentiers de l\u2019\u00cele avec Paros European Rent","datePublished":"2024-10-23T18:56:46+00:00","dateModified":"2024-10-23T19:16:27+00:00","mainEntityOfPage":{"@id":"https:\/\/parosrentcar.com\/fr\/location-de-buggy-a-paros-decouvrez-les-sentiers-de-lile\/"},"wordCount":284,"commentCount":0,"image":{"@id":"https:\/\/parosrentcar.com\/fr\/location-de-buggy-a-paros-decouvrez-les-sentiers-de-lile\/#primaryimage"},"thumbnailUrl":"https:\/\/parosrentcar.com\/fr\/wp-content\/uploads\/2024\/10\/buggy-parais-1000-400.jpg","keywords":["location de buggy \u00e0 Paros","location de buggy \u00e9conomique \u00e0 Paros","locations de buggy \u00e0 Paros"],"articleSection":["location de buggy \u00e0 Paros","location de buggy \u00e9conomique \u00e0 Paros","locations de buggy \u00e0 Paros"],"inLanguage":"fr-FR","potentialAction":[{"@type":"CommentAction","name":"Comment","target":["https:\/\/parosrentcar.com\/fr\/location-de-buggy-a-paros-decouvrez-les-sentiers-de-lile\/#respond"]}]},{"@type":"WebPage","@id":"https:\/\/parosrentcar.com\/fr\/location-de-buggy-a-paros-decouvrez-les-sentiers-de-lile\/","url":"https:\/\/parosrentcar.com\/fr\/location-de-buggy-a-paros-decouvrez-les-sentiers-de-lile\/","name":"Location de buggy \u00e0 Paros \/ Locations de buggy \u00e0 Paros","isPartOf":{"@id":"https:\/\/parosrentcar.com\/fr\/#website"},"primaryImageOfPage":{"@id":"https:\/\/parosrentcar.com\/fr\/location-de-buggy-a-paros-decouvrez-les-sentiers-de-lile\/#primaryimage"},"image":{"@id":"https:\/\/parosrentcar.com\/fr\/location-de-buggy-a-paros-decouvrez-les-sentiers-de-lile\/#primaryimage"},"thumbnailUrl":"https:\/\/parosrentcar.com\/fr\/wp-content\/uploads\/2024\/10\/buggy-parais-1000-400.jpg","datePublished":"2024-10-23T18:56:46+00:00","dateModified":"2024-10-23T19:16:27+00:00","author":{"@id":"https:\/\/parosrentcar.com\/fr\/#\/schema\/person\/d743451aad44d2f5e7839544ed91721e"},"description":"Louer un buggy \u00e0 Paros est le choix id\u00e9al pour une exp\u00e9rience on et off-road inoubliable \u00e0 Paros. Profitez d'une r\u00e9duction allant jusqu'\u00e0 15 %","breadcrumb":{"@id":"https:\/\/parosrentcar.com\/fr\/location-de-buggy-a-paros-decouvrez-les-sentiers-de-lile\/#breadcrumb"},"inLanguage":"fr-FR","potentialAction":[{"@type":"ReadAction","target":["https:\/\/parosrentcar.com\/fr\/location-de-buggy-a-paros-decouvrez-les-sentiers-de-lile\/"]}]},{"@type":"ImageObject","inLanguage":"fr-FR","@id":"https:\/\/parosrentcar.com\/fr\/location-de-buggy-a-paros-decouvrez-les-sentiers-de-lile\/#primaryimage","url":"https:\/\/parosrentcar.com\/fr\/wp-content\/uploads\/2024\/10\/buggy-parais-1000-400.jpg","contentUrl":"https:\/\/parosrentcar.com\/fr\/wp-content\/uploads\/2024\/10\/buggy-parais-1000-400.jpg","width":1000,"height":400,"caption":"Location de buggy \u00e0 Paros"},{"@type":"BreadcrumbList","@id":"https:\/\/parosrentcar.com\/fr\/location-de-buggy-a-paros-decouvrez-les-sentiers-de-lile\/#breadcrumb","itemListElement":[{"@type":"ListItem","position":1,"name":"Home","item":"https:\/\/parosrentcar.com\/fr\/"},{"@type":"ListItem","position":2,"name":"Location de Buggy \u00e0 Paros : D\u00e9couvrez les Sentiers de l\u2019\u00cele avec Paros European Rent"}]},{"@type":"WebSite","@id":"https:\/\/parosrentcar.com\/fr\/#website","url":"https:\/\/parosrentcar.com\/fr\/","name":"Location de voitures \u00e0 Paros Gr\u00e8ce - ParosEuropeanRent","description":"Location de voiture, buggy, quad, atv, scooter, moto et v\u00e9lo \u00e0 Paros","potentialAction":[{"@type":"SearchAction","target":{"@type":"EntryPoint","urlTemplate":"https:\/\/parosrentcar.com\/fr\/?s={search_term_string}"},"query-input":{"@type":"PropertyValueSpecification","valueRequired":true,"valueName":"search_term_string"}}],"inLanguage":"fr-FR"},{"@type":"Person","@id":"https:\/\/parosrentcar.com\/fr\/#\/schema\/person\/d743451aad44d2f5e7839544ed91721e","name":"admin","image":{"@type":"ImageObject","inLanguage":"fr-FR","@id":"https:\/\/parosrentcar.com\/fr\/#\/schema\/person\/image\/","url":"https:\/\/secure.gravatar.com\/avatar\/e8373ef91d847108770c709f685a900c4549230f96552692edf55206b4e6cdac?s=96&d=mm&r=g","contentUrl":"https:\/\/secure.gravatar.com\/avatar\/e8373ef91d847108770c709f685a900c4549230f96552692edf55206b4e6cdac?s=96&d=mm&r=g","caption":"admin"},"url":"https:\/\/parosrentcar.com\/fr\/author\/admin\/"}]}},"_links":{"self":[{"href":"https:\/\/parosrentcar.com\/fr\/wp-json\/wp\/v2\/posts\/39289","targetHints":{"allow":["GET"]}}],"collection":[{"href":"https:\/\/parosrentcar.com\/fr\/wp-json\/wp\/v2\/posts"}],"about":[{"href":"https:\/\/parosrentcar.com\/fr\/wp-json\/wp\/v2\/types\/post"}],"author":[{"embeddable":true,"href":"https:\/\/parosrentcar.com\/fr\/wp-json\/wp\/v2\/users\/1"}],"replies":[{"embeddable":true,"href":"https:\/\/parosrentcar.com\/fr\/wp-json\/wp\/v2\/comments?post=39289"}],"version-history":[{"count":1,"href":"https:\/\/parosrentcar.com\/fr\/wp-json\/wp\/v2\/posts\/39289\/revisions"}],"predecessor-version":[{"id":39291,"href":"https:\/\/parosrentcar.com\/fr\/wp-json\/wp\/v2\/posts\/39289\/revisions\/39291"}],"wp:featuredmedia":[{"embeddable":true,"href":"https:\/\/parosrentcar.com\/fr\/wp-json\/wp\/v2\/media\/39290"}],"wp:attachment":[{"href":"https:\/\/parosrentcar.com\/fr\/wp-json\/wp\/v2\/media?parent=39289"}],"wp:term":[{"taxonomy":"category","embeddable":true,"href":"https:\/\/parosrentcar.com\/fr\/wp-json\/wp\/v2\/categories?post=39289"},{"taxonomy":"post_tag","embeddable":true,"href":"https:\/\/parosrentcar.com\/fr\/wp-json\/wp\/v2\/tags?post=39289"}],"curies":[{"name":"wp","href":"https:\/\/api.w.org\/{rel}","templated":true}]}}