{"id":39250,"date":"2024-09-15T07:32:07","date_gmt":"2024-09-15T07:32:07","guid":{"rendered":"https:\/\/parosrentcar.com\/fr\/?p=39250"},"modified":"2024-09-15T07:36:22","modified_gmt":"2024-09-15T07:36:22","slug":"location-de-quad-atv-a-paros-explorez-lile-avec-paros-european-rent","status":"publish","type":"post","link":"https:\/\/parosrentcar.com\/fr\/location-de-quad-atv-a-paros-explorez-lile-avec-paros-european-rent\/","title":{"rendered":"Location de Quad \/ ATV \u00e0 Paros : Explorez l&rsquo;\u00eele avec Paros European Rent !"},"content":{"rendered":"<p>Paros European Rent, actif dans le domaine de la location de Quad \/ ATV, ouvre de nouveaux chemins pour l&rsquo;exploration de Paros. Avec des <a href=\"https:\/\/parosrentcar.com\/fr\/location-de-quad-buggy-paros\/\">Quad \/ ATV automatiques neufs allant de 150cc \u00e0 700cc<\/a> de la marque renomm\u00e9e Kymco, elle offre une exp\u00e9rience de conduite tout-terrain unique.<\/p>\n<p>Les Quads \/ ATVs sont le choix id\u00e9al pour ceux qui recherchent la libert\u00e9 de mouvement et la flexibilit\u00e9 pour explorer l&rsquo;\u00eele. Avec les mod\u00e8les automatiques fiables de Kymco, vous pouvez gravir des sentiers escarp\u00e9s qui vous m\u00e8neront \u00e0 des lieux offrant des vues uniques, ou acc\u00e9der \u00e0 des plages isol\u00e9es \u00e9loign\u00e9es du r\u00e9seau routier principal.<\/p>\n<p>L&rsquo;entreprise fournit des casques gratuits pour votre s\u00e9curit\u00e9, tandis que nos prix sont transparents, sans frais cach\u00e9s. Ils incluent 24% de TVA, kilom\u00e9trage illimit\u00e9, assurance responsabilit\u00e9 civile et casque gratuit !<\/p>\n<p>Avec de nombreuses critiques excellentes de clients satisfaits, Paros European Rent se distingue par un excellent service et les relations de confiance qu&rsquo;elle entretient depuis 1989, ann\u00e9e de sa cr\u00e9ation.<\/p>\n<p>R\u00e9servez d\u00e8s maintenant en ligne et b\u00e9n\u00e9ficiez d&rsquo;une remise de 10 % pour une location de 3 \u00e0 7 jours, et de 15 % pour une location de 8 jours ou plus ! Assurez-vous une libert\u00e9 de mouvement et vivez une exp\u00e9rience unique \u00e0 Paros avec les Quads \/ ATVs de Paros European Rent.<\/p>\n","protected":false},"excerpt":{"rendered":"<p>Quads \/ ATVs neufs et s\u00fbrs \u00e0 louer \u00e0 Paros aux meilleurs prix du march\u00e9. Location de quad \u00e0 Paros. Location d&rsquo;ATV \u00e0 Paros<\/p>\n","protected":false},"author":1,"featured_media":39251,"comment_status":"open","ping_status":"open","sticky":false,"template":"","format":"standard","meta":{"footnotes":""},"categories":[22,118,110,373,239,20],"tags":[27,111,97,374,242,25],"class_list":["post-39250","post","type-post","status-publish","format-standard","has-post-thumbnail","hentry","category-atv-a-paros","category-location-de-atv-a-paros","category-location-de-quad-a-paros","category-locations-de-atv-a-paros","category-locations-de-quad-a-paros","category-quad-a-paros","tag-atv-a-paros","tag-location-de-atv-a-paros","tag-location-de-quad-a-paros","tag-locations-de-atv-a-paros","tag-locations-de-quad-a-paros","tag-quad-a-paros"],"yoast_head":"<!-- This site is optimized with the Yoast SEO plugin v27.1.1 - https:\/\/yoast.com\/product\/yoast-seo-wordpress\/ -->\n<title>Location de quad \/ ATV \u00e0 Paros pour des explorations uniques et agr\u00e9ables \u00e0 Paros.<\/title>\n<meta name=\"description\" content=\"Quads \/ ATVs neufs et s\u00fbrs \u00e0 louer \u00e0 Paros aux meilleurs prix du march\u00e9. Location de quad \u00e0 Paros. Location d&#039;ATV \u00e0 Paros\" \/>\n<meta name=\"robots\" content=\"index, follow, max-snippet:-1, max-image-preview:large, max-video-preview:-1\" \/>\n<link rel=\"canonical\" href=\"https:\/\/parosrentcar.com\/fr\/location-de-quad-atv-a-paros-explorez-lile-avec-paros-european-rent\/\" \/>\n<meta property=\"og:locale\" content=\"fr_FR\" \/>\n<meta property=\"og:type\" content=\"article\" \/>\n<meta property=\"og:title\" content=\"Location de quad \/ ATV \u00e0 Paros pour des explorations uniques et agr\u00e9ables \u00e0 Paros.\" \/>\n<meta property=\"og:description\" content=\"Quads \/ ATVs neufs et s\u00fbrs \u00e0 louer \u00e0 Paros aux meilleurs prix du march\u00e9. Location de quad \u00e0 Paros. Location d&#039;ATV \u00e0 Paros\" \/>\n<meta property=\"og:url\" content=\"https:\/\/parosrentcar.com\/fr\/location-de-quad-atv-a-paros-explorez-lile-avec-paros-european-rent\/\" \/>\n<meta property=\"og:site_name\" content=\"Location de voitures \u00e0 Paros Gr\u00e8ce - ParosEuropeanRent\" \/>\n<meta property=\"article:publisher\" content=\"https:\/\/www.facebook.com\/paroscarrental\" \/>\n<meta property=\"article:published_time\" content=\"2024-09-15T07:32:07+00:00\" \/>\n<meta property=\"article:modified_time\" content=\"2024-09-15T07:36:22+00:00\" \/>\n<meta property=\"og:image\" content=\"https:\/\/parosrentcar.com\/fr\/wp-content\/uploads\/2024\/09\/past-sept-parais.jpg\" \/>\n\t<meta property=\"og:image:width\" content=\"1000\" \/>\n\t<meta property=\"og:image:height\" content=\"400\" \/>\n\t<meta property=\"og:image:type\" content=\"image\/jpeg\" \/>\n<meta name=\"author\" content=\"admin\" \/>\n<meta name=\"twitter:label1\" content=\"\u00c9crit par\" \/>\n\t<meta name=\"twitter:data1\" content=\"admin\" \/>\n\t<meta name=\"twitter:label2\" content=\"Dur\u00e9e de lecture estim\u00e9e\" \/>\n\t<meta name=\"twitter:data2\" content=\"2 minutes\" \/>\n<script type=\"application\/ld+json\" class=\"yoast-schema-graph\">{\"@context\":\"https:\/\/schema.org\",\"@graph\":[{\"@type\":\"Article\",\"@id\":\"https:\/\/parosrentcar.com\/fr\/location-de-quad-atv-a-paros-explorez-lile-avec-paros-european-rent\/#article\",\"isPartOf\":{\"@id\":\"https:\/\/parosrentcar.com\/fr\/location-de-quad-atv-a-paros-explorez-lile-avec-paros-european-rent\/\"},\"author\":{\"name\":\"admin\",\"@id\":\"https:\/\/parosrentcar.com\/fr\/#\/schema\/person\/d743451aad44d2f5e7839544ed91721e\"},\"headline\":\"Location de Quad \/ ATV \u00e0 Paros : Explorez l&rsquo;\u00eele avec Paros European Rent !\",\"datePublished\":\"2024-09-15T07:32:07+00:00\",\"dateModified\":\"2024-09-15T07:36:22+00:00\",\"mainEntityOfPage\":{\"@id\":\"https:\/\/parosrentcar.com\/fr\/location-de-quad-atv-a-paros-explorez-lile-avec-paros-european-rent\/\"},\"wordCount\":231,\"commentCount\":0,\"image\":{\"@id\":\"https:\/\/parosrentcar.com\/fr\/location-de-quad-atv-a-paros-explorez-lile-avec-paros-european-rent\/#primaryimage\"},\"thumbnailUrl\":\"https:\/\/parosrentcar.com\/fr\/wp-content\/uploads\/2024\/09\/past-sept-parais.jpg\",\"keywords\":[\"Atv \u00e0 Paros\",\"location de atv \u00e0 Paros\",\"location de quad \u00e0 Paros\",\"locations de ATV \u00e0 Paros\",\"locations de quad \u00e0 Paros\",\"Quad \u00e0 Paros\"],\"articleSection\":[\"Atv \u00e0 Paros\",\"location de atv \u00e0 Paros\",\"location de quad \u00e0 Paros\",\"locations de ATV \u00e0 Paros\",\"locations de quad \u00e0 Paros\",\"Quad \u00e0 Paros\"],\"inLanguage\":\"fr-FR\",\"potentialAction\":[{\"@type\":\"CommentAction\",\"name\":\"Comment\",\"target\":[\"https:\/\/parosrentcar.com\/fr\/location-de-quad-atv-a-paros-explorez-lile-avec-paros-european-rent\/#respond\"]}]},{\"@type\":\"WebPage\",\"@id\":\"https:\/\/parosrentcar.com\/fr\/location-de-quad-atv-a-paros-explorez-lile-avec-paros-european-rent\/\",\"url\":\"https:\/\/parosrentcar.com\/fr\/location-de-quad-atv-a-paros-explorez-lile-avec-paros-european-rent\/\",\"name\":\"Location de quad \/ ATV \u00e0 Paros pour des explorations uniques et agr\u00e9ables \u00e0 Paros.\",\"isPartOf\":{\"@id\":\"https:\/\/parosrentcar.com\/fr\/#website\"},\"primaryImageOfPage\":{\"@id\":\"https:\/\/parosrentcar.com\/fr\/location-de-quad-atv-a-paros-explorez-lile-avec-paros-european-rent\/#primaryimage\"},\"image\":{\"@id\":\"https:\/\/parosrentcar.com\/fr\/location-de-quad-atv-a-paros-explorez-lile-avec-paros-european-rent\/#primaryimage\"},\"thumbnailUrl\":\"https:\/\/parosrentcar.com\/fr\/wp-content\/uploads\/2024\/09\/past-sept-parais.jpg\",\"datePublished\":\"2024-09-15T07:32:07+00:00\",\"dateModified\":\"2024-09-15T07:36:22+00:00\",\"author\":{\"@id\":\"https:\/\/parosrentcar.com\/fr\/#\/schema\/person\/d743451aad44d2f5e7839544ed91721e\"},\"description\":\"Quads \/ ATVs neufs et s\u00fbrs \u00e0 louer \u00e0 Paros aux meilleurs prix du march\u00e9. Location de quad \u00e0 Paros. Location d'ATV \u00e0 Paros\",\"breadcrumb\":{\"@id\":\"https:\/\/parosrentcar.com\/fr\/location-de-quad-atv-a-paros-explorez-lile-avec-paros-european-rent\/#breadcrumb\"},\"inLanguage\":\"fr-FR\",\"potentialAction\":[{\"@type\":\"ReadAction\",\"target\":[\"https:\/\/parosrentcar.com\/fr\/location-de-quad-atv-a-paros-explorez-lile-avec-paros-european-rent\/\"]}]},{\"@type\":\"ImageObject\",\"inLanguage\":\"fr-FR\",\"@id\":\"https:\/\/parosrentcar.com\/fr\/location-de-quad-atv-a-paros-explorez-lile-avec-paros-european-rent\/#primaryimage\",\"url\":\"https:\/\/parosrentcar.com\/fr\/wp-content\/uploads\/2024\/09\/past-sept-parais.jpg\",\"contentUrl\":\"https:\/\/parosrentcar.com\/fr\/wp-content\/uploads\/2024\/09\/past-sept-parais.jpg\",\"width\":1000,\"height\":400,\"caption\":\"Location de quad \/ ATV \u00e0 Paros\"},{\"@type\":\"BreadcrumbList\",\"@id\":\"https:\/\/parosrentcar.com\/fr\/location-de-quad-atv-a-paros-explorez-lile-avec-paros-european-rent\/#breadcrumb\",\"itemListElement\":[{\"@type\":\"ListItem\",\"position\":1,\"name\":\"Home\",\"item\":\"https:\/\/parosrentcar.com\/fr\/\"},{\"@type\":\"ListItem\",\"position\":2,\"name\":\"Location de Quad \/ ATV \u00e0 Paros : Explorez l&rsquo;\u00eele avec Paros European Rent !\"}]},{\"@type\":\"WebSite\",\"@id\":\"https:\/\/parosrentcar.com\/fr\/#website\",\"url\":\"https:\/\/parosrentcar.com\/fr\/\",\"name\":\"Location de voitures \u00e0 Paros Gr\u00e8ce - ParosEuropeanRent\",\"description\":\"Location de voiture, buggy, quad, atv, scooter, moto et v\u00e9lo \u00e0 Paros\",\"potentialAction\":[{\"@type\":\"SearchAction\",\"target\":{\"@type\":\"EntryPoint\",\"urlTemplate\":\"https:\/\/parosrentcar.com\/fr\/?s={search_term_string}\"},\"query-input\":{\"@type\":\"PropertyValueSpecification\",\"valueRequired\":true,\"valueName\":\"search_term_string\"}}],\"inLanguage\":\"fr-FR\"},{\"@type\":\"Person\",\"@id\":\"https:\/\/parosrentcar.com\/fr\/#\/schema\/person\/d743451aad44d2f5e7839544ed91721e\",\"name\":\"admin\",\"image\":{\"@type\":\"ImageObject\",\"inLanguage\":\"fr-FR\",\"@id\":\"https:\/\/parosrentcar.com\/fr\/#\/schema\/person\/image\/\",\"url\":\"https:\/\/secure.gravatar.com\/avatar\/e8373ef91d847108770c709f685a900c4549230f96552692edf55206b4e6cdac?s=96&d=mm&r=g\",\"contentUrl\":\"https:\/\/secure.gravatar.com\/avatar\/e8373ef91d847108770c709f685a900c4549230f96552692edf55206b4e6cdac?s=96&d=mm&r=g\",\"caption\":\"admin\"},\"url\":\"https:\/\/parosrentcar.com\/fr\/author\/admin\/\"}]}<\/script>\n<!-- \/ Yoast SEO plugin. -->","yoast_head_json":{"title":"Location de quad \/ ATV \u00e0 Paros pour des explorations uniques et agr\u00e9ables \u00e0 Paros.","description":"Quads \/ ATVs neufs et s\u00fbrs \u00e0 louer \u00e0 Paros aux meilleurs prix du march\u00e9. Location de quad \u00e0 Paros. Location d'ATV \u00e0 Paros","robots":{"index":"index","follow":"follow","max-snippet":"max-snippet:-1","max-image-preview":"max-image-preview:large","max-video-preview":"max-video-preview:-1"},"canonical":"https:\/\/parosrentcar.com\/fr\/location-de-quad-atv-a-paros-explorez-lile-avec-paros-european-rent\/","og_locale":"fr_FR","og_type":"article","og_title":"Location de quad \/ ATV \u00e0 Paros pour des explorations uniques et agr\u00e9ables \u00e0 Paros.","og_description":"Quads \/ ATVs neufs et s\u00fbrs \u00e0 louer \u00e0 Paros aux meilleurs prix du march\u00e9. Location de quad \u00e0 Paros. Location d'ATV \u00e0 Paros","og_url":"https:\/\/parosrentcar.com\/fr\/location-de-quad-atv-a-paros-explorez-lile-avec-paros-european-rent\/","og_site_name":"Location de voitures \u00e0 Paros Gr\u00e8ce - ParosEuropeanRent","article_publisher":"https:\/\/www.facebook.com\/paroscarrental","article_published_time":"2024-09-15T07:32:07+00:00","article_modified_time":"2024-09-15T07:36:22+00:00","og_image":[{"width":1000,"height":400,"url":"https:\/\/parosrentcar.com\/fr\/wp-content\/uploads\/2024\/09\/past-sept-parais.jpg","type":"image\/jpeg"}],"author":"admin","twitter_misc":{"\u00c9crit par":"admin","Dur\u00e9e de lecture estim\u00e9e":"2 minutes"},"schema":{"@context":"https:\/\/schema.org","@graph":[{"@type":"Article","@id":"https:\/\/parosrentcar.com\/fr\/location-de-quad-atv-a-paros-explorez-lile-avec-paros-european-rent\/#article","isPartOf":{"@id":"https:\/\/parosrentcar.com\/fr\/location-de-quad-atv-a-paros-explorez-lile-avec-paros-european-rent\/"},"author":{"name":"admin","@id":"https:\/\/parosrentcar.com\/fr\/#\/schema\/person\/d743451aad44d2f5e7839544ed91721e"},"headline":"Location de Quad \/ ATV \u00e0 Paros : Explorez l&rsquo;\u00eele avec Paros European Rent !","datePublished":"2024-09-15T07:32:07+00:00","dateModified":"2024-09-15T07:36:22+00:00","mainEntityOfPage":{"@id":"https:\/\/parosrentcar.com\/fr\/location-de-quad-atv-a-paros-explorez-lile-avec-paros-european-rent\/"},"wordCount":231,"commentCount":0,"image":{"@id":"https:\/\/parosrentcar.com\/fr\/location-de-quad-atv-a-paros-explorez-lile-avec-paros-european-rent\/#primaryimage"},"thumbnailUrl":"https:\/\/parosrentcar.com\/fr\/wp-content\/uploads\/2024\/09\/past-sept-parais.jpg","keywords":["Atv \u00e0 Paros","location de atv \u00e0 Paros","location de quad \u00e0 Paros","locations de ATV \u00e0 Paros","locations de quad \u00e0 Paros","Quad \u00e0 Paros"],"articleSection":["Atv \u00e0 Paros","location de atv \u00e0 Paros","location de quad \u00e0 Paros","locations de ATV \u00e0 Paros","locations de quad \u00e0 Paros","Quad \u00e0 Paros"],"inLanguage":"fr-FR","potentialAction":[{"@type":"CommentAction","name":"Comment","target":["https:\/\/parosrentcar.com\/fr\/location-de-quad-atv-a-paros-explorez-lile-avec-paros-european-rent\/#respond"]}]},{"@type":"WebPage","@id":"https:\/\/parosrentcar.com\/fr\/location-de-quad-atv-a-paros-explorez-lile-avec-paros-european-rent\/","url":"https:\/\/parosrentcar.com\/fr\/location-de-quad-atv-a-paros-explorez-lile-avec-paros-european-rent\/","name":"Location de quad \/ ATV \u00e0 Paros pour des explorations uniques et agr\u00e9ables \u00e0 Paros.","isPartOf":{"@id":"https:\/\/parosrentcar.com\/fr\/#website"},"primaryImageOfPage":{"@id":"https:\/\/parosrentcar.com\/fr\/location-de-quad-atv-a-paros-explorez-lile-avec-paros-european-rent\/#primaryimage"},"image":{"@id":"https:\/\/parosrentcar.com\/fr\/location-de-quad-atv-a-paros-explorez-lile-avec-paros-european-rent\/#primaryimage"},"thumbnailUrl":"https:\/\/parosrentcar.com\/fr\/wp-content\/uploads\/2024\/09\/past-sept-parais.jpg","datePublished":"2024-09-15T07:32:07+00:00","dateModified":"2024-09-15T07:36:22+00:00","author":{"@id":"https:\/\/parosrentcar.com\/fr\/#\/schema\/person\/d743451aad44d2f5e7839544ed91721e"},"description":"Quads \/ ATVs neufs et s\u00fbrs \u00e0 louer \u00e0 Paros aux meilleurs prix du march\u00e9. Location de quad \u00e0 Paros. Location d'ATV \u00e0 Paros","breadcrumb":{"@id":"https:\/\/parosrentcar.com\/fr\/location-de-quad-atv-a-paros-explorez-lile-avec-paros-european-rent\/#breadcrumb"},"inLanguage":"fr-FR","potentialAction":[{"@type":"ReadAction","target":["https:\/\/parosrentcar.com\/fr\/location-de-quad-atv-a-paros-explorez-lile-avec-paros-european-rent\/"]}]},{"@type":"ImageObject","inLanguage":"fr-FR","@id":"https:\/\/parosrentcar.com\/fr\/location-de-quad-atv-a-paros-explorez-lile-avec-paros-european-rent\/#primaryimage","url":"https:\/\/parosrentcar.com\/fr\/wp-content\/uploads\/2024\/09\/past-sept-parais.jpg","contentUrl":"https:\/\/parosrentcar.com\/fr\/wp-content\/uploads\/2024\/09\/past-sept-parais.jpg","width":1000,"height":400,"caption":"Location de quad \/ ATV \u00e0 Paros"},{"@type":"BreadcrumbList","@id":"https:\/\/parosrentcar.com\/fr\/location-de-quad-atv-a-paros-explorez-lile-avec-paros-european-rent\/#breadcrumb","itemListElement":[{"@type":"ListItem","position":1,"name":"Home","item":"https:\/\/parosrentcar.com\/fr\/"},{"@type":"ListItem","position":2,"name":"Location de Quad \/ ATV \u00e0 Paros : Explorez l&rsquo;\u00eele avec Paros European Rent !"}]},{"@type":"WebSite","@id":"https:\/\/parosrentcar.com\/fr\/#website","url":"https:\/\/parosrentcar.com\/fr\/","name":"Location de voitures \u00e0 Paros Gr\u00e8ce - ParosEuropeanRent","description":"Location de voiture, buggy, quad, atv, scooter, moto et v\u00e9lo \u00e0 Paros","potentialAction":[{"@type":"SearchAction","target":{"@type":"EntryPoint","urlTemplate":"https:\/\/parosrentcar.com\/fr\/?s={search_term_string}"},"query-input":{"@type":"PropertyValueSpecification","valueRequired":true,"valueName":"search_term_string"}}],"inLanguage":"fr-FR"},{"@type":"Person","@id":"https:\/\/parosrentcar.com\/fr\/#\/schema\/person\/d743451aad44d2f5e7839544ed91721e","name":"admin","image":{"@type":"ImageObject","inLanguage":"fr-FR","@id":"https:\/\/parosrentcar.com\/fr\/#\/schema\/person\/image\/","url":"https:\/\/secure.gravatar.com\/avatar\/e8373ef91d847108770c709f685a900c4549230f96552692edf55206b4e6cdac?s=96&d=mm&r=g","contentUrl":"https:\/\/secure.gravatar.com\/avatar\/e8373ef91d847108770c709f685a900c4549230f96552692edf55206b4e6cdac?s=96&d=mm&r=g","caption":"admin"},"url":"https:\/\/parosrentcar.com\/fr\/author\/admin\/"}]}},"_links":{"self":[{"href":"https:\/\/parosrentcar.com\/fr\/wp-json\/wp\/v2\/posts\/39250","targetHints":{"allow":["GET"]}}],"collection":[{"href":"https:\/\/parosrentcar.com\/fr\/wp-json\/wp\/v2\/posts"}],"about":[{"href":"https:\/\/parosrentcar.com\/fr\/wp-json\/wp\/v2\/types\/post"}],"author":[{"embeddable":true,"href":"https:\/\/parosrentcar.com\/fr\/wp-json\/wp\/v2\/users\/1"}],"replies":[{"embeddable":true,"href":"https:\/\/parosrentcar.com\/fr\/wp-json\/wp\/v2\/comments?post=39250"}],"version-history":[{"count":3,"href":"https:\/\/parosrentcar.com\/fr\/wp-json\/wp\/v2\/posts\/39250\/revisions"}],"predecessor-version":[{"id":39254,"href":"https:\/\/parosrentcar.com\/fr\/wp-json\/wp\/v2\/posts\/39250\/revisions\/39254"}],"wp:featuredmedia":[{"embeddable":true,"href":"https:\/\/parosrentcar.com\/fr\/wp-json\/wp\/v2\/media\/39251"}],"wp:attachment":[{"href":"https:\/\/parosrentcar.com\/fr\/wp-json\/wp\/v2\/media?parent=39250"}],"wp:term":[{"taxonomy":"category","embeddable":true,"href":"https:\/\/parosrentcar.com\/fr\/wp-json\/wp\/v2\/categories?post=39250"},{"taxonomy":"post_tag","embeddable":true,"href":"https:\/\/parosrentcar.com\/fr\/wp-json\/wp\/v2\/tags?post=39250"}],"curies":[{"name":"wp","href":"https:\/\/api.w.org\/{rel}","templated":true}]}}