{"id":38727,"date":"2024-02-23T07:22:55","date_gmt":"2024-02-23T07:22:55","guid":{"rendered":"https:\/\/parosrentcar.com\/fr\/?p=38727"},"modified":"2024-02-23T07:22:55","modified_gmt":"2024-02-23T07:22:55","slug":"location-de-voiture-economique-a-paros","status":"publish","type":"post","link":"https:\/\/parosrentcar.com\/fr\/location-de-voiture-economique-a-paros\/","title":{"rendered":"D\u00e9couvrez Paros avec style et \u00e9conomie : Location de voiture \u00e9conomique chez Paros European Rent"},"content":{"rendered":"<p>&nbsp;<br \/>\nParos European Rent propose une riche vari\u00e9t\u00e9 de voitures \u00e9conomiques, couvrant tous les besoins et budgets. Avec les cat\u00e9gories A, B et C, nous nous assurons que chaque voyageur trouvera le v\u00e9hicule id\u00e9al pour d\u00e9couvrir les secrets de l&rsquo;\u00eele.<\/p>\n<p>Dans la cat\u00e9gorie A, vous trouverez de petites voitures \u00e9conomiques de 1000cc \u00e0 1200cc telles que la Peugeot 108, la Skoda Citigo et la Toyota Aygo. Dans la cat\u00e9gorie B, il y a des voitures \u00e9conomiques plus grandes de 1200cc telles que la Fiat Panda, la Suzuki Celerio, l&rsquo;Opel Corsa, et dans la cat\u00e9gorie C, des voitures familiales de 1300cc \u00e0 1600cc telles que la Toyota Auris, la Ford Focus et la Fiat Tipo Sedan.<\/p>\n<p>Ces voitures \u00e9conomiques sont le premier choix des voyageurs car elles sont pratiques, faciles \u00e0 garer, confortables \u00e0 conduire et offrent suffisamment d&rsquo;espace de coffre pour leurs besoins de vacances. Un facteur tout aussi important que recherchent les visiteurs pour louer des voitures de ces cat\u00e9gories est que ces v\u00e9hicules ont \u00e9galement une faible consommation de carburant.<\/p>\n<p>Chez Paros European Rent, nous offrons non seulement le meilleur prix, mais aussi une haute qualit\u00e9 et un service dans la location de voitures \u00e9conomiques. Que ce soit pour des vacances ou un voyage d&rsquo;affaires \u00e0 Paros, Paros European Rent dispose d&rsquo;une large gamme de voitures \u00e9conomiques pour r\u00e9pondre \u00e0 tous vos besoins.<\/p>\n<p>Profitez maintenant d&rsquo;une r\u00e9duction de 10% pour une location de 3 \u00e0 7 jours et de 15% pour 8 jours et plus, et d\u00e9couvrez la libert\u00e9 de vos d\u00e9placements sur l&rsquo;\u00eele avec les tout nouveaux mod\u00e8les de Paros European Rent. Faites votre r\u00e9servation d\u00e8s maintenant sur <a href=\"https:\/\/parosrentcar.com\/fr\">https:\/\/parosrentcar.com<\/a> et vivez une exp\u00e9rience de conduite unique dans la magnifique \u00eele de Paros !<\/p>\n","protected":false},"excerpt":{"rendered":"<p>&nbsp; Paros European Rent propose une riche vari\u00e9t\u00e9 de voitures \u00e9conomiques, couvrant tous les besoins et budgets. Avec les cat\u00e9gories A, B et C, nous nous assurons que chaque voyageur trouvera le v\u00e9hicule id\u00e9al pour d\u00e9couvrir les secrets de l&rsquo;\u00eele. Dans la cat\u00e9gorie A, vous trouverez de petites voitures \u00e9conomiques de 1000cc \u00e0 1200cc telles que la Peugeot 108, la Skoda Citigo et la Toyota Aygo. Dans la cat\u00e9gorie B, il y a des voitures \u00e9conomiques plus grandes de 1200cc telles que la Fiat Panda, la Suzuki Celerio, l&rsquo;Opel Corsa, et dans la cat\u00e9gorie C, des voitures familiales de 1300cc \u00e0 1600cc telles que la Toyota Auris, la Ford Focus [&hellip;]<\/p>\n","protected":false},"author":1,"featured_media":38728,"comment_status":"open","ping_status":"open","sticky":false,"template":"","format":"standard","meta":{"footnotes":""},"categories":[328,352],"tags":[176,332,353],"class_list":["post-38727","post","type-post","status-publish","format-standard","has-post-thumbnail","hentry","category-locations-de-voitures-economiques-a-paros","category-petites-locations-de-voitures-a-paros","tag-location-de-voiture-economique-a-paros","tag-locations-de-voitures-economiques-a-paros","tag-petites-locations-de-voitures-a-paros"],"yoast_head":"<!-- This site is optimized with the Yoast SEO plugin v27.1.1 - https:\/\/yoast.com\/product\/yoast-seo-wordpress\/ -->\n<title>Location de voiture \u00e9conomique \u00e0 Paros - Locations de voitures \u00e9conomiques \u00e0 Paros.<\/title>\n<meta name=\"description\" content=\"Locations de voitures \u00e9conomiques et petites \u00e0 Paros pour des explorations avec une plus grande libert\u00e9 et flexibilit\u00e9 de conduite.\" \/>\n<meta name=\"robots\" content=\"index, follow, max-snippet:-1, max-image-preview:large, max-video-preview:-1\" \/>\n<link rel=\"canonical\" href=\"https:\/\/parosrentcar.com\/fr\/location-de-voiture-economique-a-paros\/\" \/>\n<meta property=\"og:locale\" content=\"fr_FR\" \/>\n<meta property=\"og:type\" content=\"article\" \/>\n<meta property=\"og:title\" content=\"Location de voiture \u00e9conomique \u00e0 Paros - Locations de voitures \u00e9conomiques \u00e0 Paros.\" \/>\n<meta property=\"og:description\" content=\"Locations de voitures \u00e9conomiques et petites \u00e0 Paros pour des explorations avec une plus grande libert\u00e9 et flexibilit\u00e9 de conduite.\" \/>\n<meta property=\"og:url\" content=\"https:\/\/parosrentcar.com\/fr\/location-de-voiture-economique-a-paros\/\" \/>\n<meta property=\"og:site_name\" content=\"Location de voitures \u00e0 Paros Gr\u00e8ce - ParosEuropeanRent\" \/>\n<meta property=\"article:publisher\" content=\"https:\/\/www.facebook.com\/paroscarrental\" \/>\n<meta property=\"article:published_time\" content=\"2024-02-23T07:22:55+00:00\" \/>\n<meta property=\"og:image\" content=\"https:\/\/parosrentcar.com\/fr\/wp-content\/uploads\/2024\/02\/fiat-panda-1000-400.jpg\" \/>\n\t<meta property=\"og:image:width\" content=\"1000\" \/>\n\t<meta property=\"og:image:height\" content=\"400\" \/>\n\t<meta property=\"og:image:type\" content=\"image\/jpeg\" \/>\n<meta name=\"author\" content=\"admin\" \/>\n<meta name=\"twitter:label1\" content=\"\u00c9crit par\" \/>\n\t<meta name=\"twitter:data1\" content=\"admin\" \/>\n\t<meta name=\"twitter:label2\" content=\"Dur\u00e9e de lecture estim\u00e9e\" \/>\n\t<meta name=\"twitter:data2\" content=\"2 minutes\" \/>\n<script type=\"application\/ld+json\" class=\"yoast-schema-graph\">{\"@context\":\"https:\/\/schema.org\",\"@graph\":[{\"@type\":\"Article\",\"@id\":\"https:\/\/parosrentcar.com\/fr\/location-de-voiture-economique-a-paros\/#article\",\"isPartOf\":{\"@id\":\"https:\/\/parosrentcar.com\/fr\/location-de-voiture-economique-a-paros\/\"},\"author\":{\"name\":\"admin\",\"@id\":\"https:\/\/parosrentcar.com\/fr\/#\/schema\/person\/d743451aad44d2f5e7839544ed91721e\"},\"headline\":\"D\u00e9couvrez Paros avec style et \u00e9conomie : Location de voiture \u00e9conomique chez Paros European Rent\",\"datePublished\":\"2024-02-23T07:22:55+00:00\",\"mainEntityOfPage\":{\"@id\":\"https:\/\/parosrentcar.com\/fr\/location-de-voiture-economique-a-paros\/\"},\"wordCount\":309,\"commentCount\":0,\"image\":{\"@id\":\"https:\/\/parosrentcar.com\/fr\/location-de-voiture-economique-a-paros\/#primaryimage\"},\"thumbnailUrl\":\"https:\/\/parosrentcar.com\/fr\/wp-content\/uploads\/2024\/02\/fiat-panda-1000-400.jpg\",\"keywords\":[\"location de voiture \u00e9conomique \u00e0 Paros\",\"locations de voitures \u00e9conomiques \u00e0 Paros\",\"petites locations de voitures \u00e0 Paros\"],\"articleSection\":[\"locations de voitures \u00e9conomiques \u00e0 Paros\",\"petites locations de voitures \u00e0 Paros\"],\"inLanguage\":\"fr-FR\",\"potentialAction\":[{\"@type\":\"CommentAction\",\"name\":\"Comment\",\"target\":[\"https:\/\/parosrentcar.com\/fr\/location-de-voiture-economique-a-paros\/#respond\"]}]},{\"@type\":\"WebPage\",\"@id\":\"https:\/\/parosrentcar.com\/fr\/location-de-voiture-economique-a-paros\/\",\"url\":\"https:\/\/parosrentcar.com\/fr\/location-de-voiture-economique-a-paros\/\",\"name\":\"Location de voiture \u00e9conomique \u00e0 Paros - Locations de voitures \u00e9conomiques \u00e0 Paros.\",\"isPartOf\":{\"@id\":\"https:\/\/parosrentcar.com\/fr\/#website\"},\"primaryImageOfPage\":{\"@id\":\"https:\/\/parosrentcar.com\/fr\/location-de-voiture-economique-a-paros\/#primaryimage\"},\"image\":{\"@id\":\"https:\/\/parosrentcar.com\/fr\/location-de-voiture-economique-a-paros\/#primaryimage\"},\"thumbnailUrl\":\"https:\/\/parosrentcar.com\/fr\/wp-content\/uploads\/2024\/02\/fiat-panda-1000-400.jpg\",\"datePublished\":\"2024-02-23T07:22:55+00:00\",\"author\":{\"@id\":\"https:\/\/parosrentcar.com\/fr\/#\/schema\/person\/d743451aad44d2f5e7839544ed91721e\"},\"description\":\"Locations de voitures \u00e9conomiques et petites \u00e0 Paros pour des explorations avec une plus grande libert\u00e9 et flexibilit\u00e9 de conduite.\",\"breadcrumb\":{\"@id\":\"https:\/\/parosrentcar.com\/fr\/location-de-voiture-economique-a-paros\/#breadcrumb\"},\"inLanguage\":\"fr-FR\",\"potentialAction\":[{\"@type\":\"ReadAction\",\"target\":[\"https:\/\/parosrentcar.com\/fr\/location-de-voiture-economique-a-paros\/\"]}]},{\"@type\":\"ImageObject\",\"inLanguage\":\"fr-FR\",\"@id\":\"https:\/\/parosrentcar.com\/fr\/location-de-voiture-economique-a-paros\/#primaryimage\",\"url\":\"https:\/\/parosrentcar.com\/fr\/wp-content\/uploads\/2024\/02\/fiat-panda-1000-400.jpg\",\"contentUrl\":\"https:\/\/parosrentcar.com\/fr\/wp-content\/uploads\/2024\/02\/fiat-panda-1000-400.jpg\",\"width\":1000,\"height\":400,\"caption\":\"Locations de voitures \u00e9conomiques \u00e0 Paros\"},{\"@type\":\"BreadcrumbList\",\"@id\":\"https:\/\/parosrentcar.com\/fr\/location-de-voiture-economique-a-paros\/#breadcrumb\",\"itemListElement\":[{\"@type\":\"ListItem\",\"position\":1,\"name\":\"Home\",\"item\":\"https:\/\/parosrentcar.com\/fr\/\"},{\"@type\":\"ListItem\",\"position\":2,\"name\":\"D\u00e9couvrez Paros avec style et \u00e9conomie : Location de voiture \u00e9conomique chez Paros European Rent\"}]},{\"@type\":\"WebSite\",\"@id\":\"https:\/\/parosrentcar.com\/fr\/#website\",\"url\":\"https:\/\/parosrentcar.com\/fr\/\",\"name\":\"Location de voitures \u00e0 Paros Gr\u00e8ce - ParosEuropeanRent\",\"description\":\"Location de voiture, buggy, quad, atv, scooter, moto et v\u00e9lo \u00e0 Paros\",\"potentialAction\":[{\"@type\":\"SearchAction\",\"target\":{\"@type\":\"EntryPoint\",\"urlTemplate\":\"https:\/\/parosrentcar.com\/fr\/?s={search_term_string}\"},\"query-input\":{\"@type\":\"PropertyValueSpecification\",\"valueRequired\":true,\"valueName\":\"search_term_string\"}}],\"inLanguage\":\"fr-FR\"},{\"@type\":\"Person\",\"@id\":\"https:\/\/parosrentcar.com\/fr\/#\/schema\/person\/d743451aad44d2f5e7839544ed91721e\",\"name\":\"admin\",\"image\":{\"@type\":\"ImageObject\",\"inLanguage\":\"fr-FR\",\"@id\":\"https:\/\/parosrentcar.com\/fr\/#\/schema\/person\/image\/\",\"url\":\"https:\/\/secure.gravatar.com\/avatar\/e8373ef91d847108770c709f685a900c4549230f96552692edf55206b4e6cdac?s=96&d=mm&r=g\",\"contentUrl\":\"https:\/\/secure.gravatar.com\/avatar\/e8373ef91d847108770c709f685a900c4549230f96552692edf55206b4e6cdac?s=96&d=mm&r=g\",\"caption\":\"admin\"},\"url\":\"https:\/\/parosrentcar.com\/fr\/author\/admin\/\"}]}<\/script>\n<!-- \/ Yoast SEO plugin. -->","yoast_head_json":{"title":"Location de voiture \u00e9conomique \u00e0 Paros - Locations de voitures \u00e9conomiques \u00e0 Paros.","description":"Locations de voitures \u00e9conomiques et petites \u00e0 Paros pour des explorations avec une plus grande libert\u00e9 et flexibilit\u00e9 de conduite.","robots":{"index":"index","follow":"follow","max-snippet":"max-snippet:-1","max-image-preview":"max-image-preview:large","max-video-preview":"max-video-preview:-1"},"canonical":"https:\/\/parosrentcar.com\/fr\/location-de-voiture-economique-a-paros\/","og_locale":"fr_FR","og_type":"article","og_title":"Location de voiture \u00e9conomique \u00e0 Paros - Locations de voitures \u00e9conomiques \u00e0 Paros.","og_description":"Locations de voitures \u00e9conomiques et petites \u00e0 Paros pour des explorations avec une plus grande libert\u00e9 et flexibilit\u00e9 de conduite.","og_url":"https:\/\/parosrentcar.com\/fr\/location-de-voiture-economique-a-paros\/","og_site_name":"Location de voitures \u00e0 Paros Gr\u00e8ce - ParosEuropeanRent","article_publisher":"https:\/\/www.facebook.com\/paroscarrental","article_published_time":"2024-02-23T07:22:55+00:00","og_image":[{"width":1000,"height":400,"url":"https:\/\/parosrentcar.com\/fr\/wp-content\/uploads\/2024\/02\/fiat-panda-1000-400.jpg","type":"image\/jpeg"}],"author":"admin","twitter_misc":{"\u00c9crit par":"admin","Dur\u00e9e de lecture estim\u00e9e":"2 minutes"},"schema":{"@context":"https:\/\/schema.org","@graph":[{"@type":"Article","@id":"https:\/\/parosrentcar.com\/fr\/location-de-voiture-economique-a-paros\/#article","isPartOf":{"@id":"https:\/\/parosrentcar.com\/fr\/location-de-voiture-economique-a-paros\/"},"author":{"name":"admin","@id":"https:\/\/parosrentcar.com\/fr\/#\/schema\/person\/d743451aad44d2f5e7839544ed91721e"},"headline":"D\u00e9couvrez Paros avec style et \u00e9conomie : Location de voiture \u00e9conomique chez Paros European Rent","datePublished":"2024-02-23T07:22:55+00:00","mainEntityOfPage":{"@id":"https:\/\/parosrentcar.com\/fr\/location-de-voiture-economique-a-paros\/"},"wordCount":309,"commentCount":0,"image":{"@id":"https:\/\/parosrentcar.com\/fr\/location-de-voiture-economique-a-paros\/#primaryimage"},"thumbnailUrl":"https:\/\/parosrentcar.com\/fr\/wp-content\/uploads\/2024\/02\/fiat-panda-1000-400.jpg","keywords":["location de voiture \u00e9conomique \u00e0 Paros","locations de voitures \u00e9conomiques \u00e0 Paros","petites locations de voitures \u00e0 Paros"],"articleSection":["locations de voitures \u00e9conomiques \u00e0 Paros","petites locations de voitures \u00e0 Paros"],"inLanguage":"fr-FR","potentialAction":[{"@type":"CommentAction","name":"Comment","target":["https:\/\/parosrentcar.com\/fr\/location-de-voiture-economique-a-paros\/#respond"]}]},{"@type":"WebPage","@id":"https:\/\/parosrentcar.com\/fr\/location-de-voiture-economique-a-paros\/","url":"https:\/\/parosrentcar.com\/fr\/location-de-voiture-economique-a-paros\/","name":"Location de voiture \u00e9conomique \u00e0 Paros - Locations de voitures \u00e9conomiques \u00e0 Paros.","isPartOf":{"@id":"https:\/\/parosrentcar.com\/fr\/#website"},"primaryImageOfPage":{"@id":"https:\/\/parosrentcar.com\/fr\/location-de-voiture-economique-a-paros\/#primaryimage"},"image":{"@id":"https:\/\/parosrentcar.com\/fr\/location-de-voiture-economique-a-paros\/#primaryimage"},"thumbnailUrl":"https:\/\/parosrentcar.com\/fr\/wp-content\/uploads\/2024\/02\/fiat-panda-1000-400.jpg","datePublished":"2024-02-23T07:22:55+00:00","author":{"@id":"https:\/\/parosrentcar.com\/fr\/#\/schema\/person\/d743451aad44d2f5e7839544ed91721e"},"description":"Locations de voitures \u00e9conomiques et petites \u00e0 Paros pour des explorations avec une plus grande libert\u00e9 et flexibilit\u00e9 de conduite.","breadcrumb":{"@id":"https:\/\/parosrentcar.com\/fr\/location-de-voiture-economique-a-paros\/#breadcrumb"},"inLanguage":"fr-FR","potentialAction":[{"@type":"ReadAction","target":["https:\/\/parosrentcar.com\/fr\/location-de-voiture-economique-a-paros\/"]}]},{"@type":"ImageObject","inLanguage":"fr-FR","@id":"https:\/\/parosrentcar.com\/fr\/location-de-voiture-economique-a-paros\/#primaryimage","url":"https:\/\/parosrentcar.com\/fr\/wp-content\/uploads\/2024\/02\/fiat-panda-1000-400.jpg","contentUrl":"https:\/\/parosrentcar.com\/fr\/wp-content\/uploads\/2024\/02\/fiat-panda-1000-400.jpg","width":1000,"height":400,"caption":"Locations de voitures \u00e9conomiques \u00e0 Paros"},{"@type":"BreadcrumbList","@id":"https:\/\/parosrentcar.com\/fr\/location-de-voiture-economique-a-paros\/#breadcrumb","itemListElement":[{"@type":"ListItem","position":1,"name":"Home","item":"https:\/\/parosrentcar.com\/fr\/"},{"@type":"ListItem","position":2,"name":"D\u00e9couvrez Paros avec style et \u00e9conomie : Location de voiture \u00e9conomique chez Paros European Rent"}]},{"@type":"WebSite","@id":"https:\/\/parosrentcar.com\/fr\/#website","url":"https:\/\/parosrentcar.com\/fr\/","name":"Location de voitures \u00e0 Paros Gr\u00e8ce - ParosEuropeanRent","description":"Location de voiture, buggy, quad, atv, scooter, moto et v\u00e9lo \u00e0 Paros","potentialAction":[{"@type":"SearchAction","target":{"@type":"EntryPoint","urlTemplate":"https:\/\/parosrentcar.com\/fr\/?s={search_term_string}"},"query-input":{"@type":"PropertyValueSpecification","valueRequired":true,"valueName":"search_term_string"}}],"inLanguage":"fr-FR"},{"@type":"Person","@id":"https:\/\/parosrentcar.com\/fr\/#\/schema\/person\/d743451aad44d2f5e7839544ed91721e","name":"admin","image":{"@type":"ImageObject","inLanguage":"fr-FR","@id":"https:\/\/parosrentcar.com\/fr\/#\/schema\/person\/image\/","url":"https:\/\/secure.gravatar.com\/avatar\/e8373ef91d847108770c709f685a900c4549230f96552692edf55206b4e6cdac?s=96&d=mm&r=g","contentUrl":"https:\/\/secure.gravatar.com\/avatar\/e8373ef91d847108770c709f685a900c4549230f96552692edf55206b4e6cdac?s=96&d=mm&r=g","caption":"admin"},"url":"https:\/\/parosrentcar.com\/fr\/author\/admin\/"}]}},"_links":{"self":[{"href":"https:\/\/parosrentcar.com\/fr\/wp-json\/wp\/v2\/posts\/38727","targetHints":{"allow":["GET"]}}],"collection":[{"href":"https:\/\/parosrentcar.com\/fr\/wp-json\/wp\/v2\/posts"}],"about":[{"href":"https:\/\/parosrentcar.com\/fr\/wp-json\/wp\/v2\/types\/post"}],"author":[{"embeddable":true,"href":"https:\/\/parosrentcar.com\/fr\/wp-json\/wp\/v2\/users\/1"}],"replies":[{"embeddable":true,"href":"https:\/\/parosrentcar.com\/fr\/wp-json\/wp\/v2\/comments?post=38727"}],"version-history":[{"count":1,"href":"https:\/\/parosrentcar.com\/fr\/wp-json\/wp\/v2\/posts\/38727\/revisions"}],"predecessor-version":[{"id":38729,"href":"https:\/\/parosrentcar.com\/fr\/wp-json\/wp\/v2\/posts\/38727\/revisions\/38729"}],"wp:featuredmedia":[{"embeddable":true,"href":"https:\/\/parosrentcar.com\/fr\/wp-json\/wp\/v2\/media\/38728"}],"wp:attachment":[{"href":"https:\/\/parosrentcar.com\/fr\/wp-json\/wp\/v2\/media?parent=38727"}],"wp:term":[{"taxonomy":"category","embeddable":true,"href":"https:\/\/parosrentcar.com\/fr\/wp-json\/wp\/v2\/categories?post=38727"},{"taxonomy":"post_tag","embeddable":true,"href":"https:\/\/parosrentcar.com\/fr\/wp-json\/wp\/v2\/tags?post=38727"}],"curies":[{"name":"wp","href":"https:\/\/api.w.org\/{rel}","templated":true}]}}