{"id":38714,"date":"2024-01-30T21:03:59","date_gmt":"2024-01-30T21:03:59","guid":{"rendered":"https:\/\/parosrentcar.com\/fr\/?p=38714"},"modified":"2024-01-30T21:03:59","modified_gmt":"2024-01-30T21:03:59","slug":"debut-de-la-nouvelle-saison-2024-location-de-voitures-paros-european-rent-a-paros","status":"publish","type":"post","link":"https:\/\/parosrentcar.com\/fr\/debut-de-la-nouvelle-saison-2024-location-de-voitures-paros-european-rent-a-paros\/","title":{"rendered":"Paros European Rent : R\u00e9ouverture de nos portes le 1er avril 2024 pour des explorations estivales inoubliables \u00e0 Paros !"},"content":{"rendered":"<p>&nbsp;<br \/>\nC&rsquo;est avec une grande joie que nous annon\u00e7ons que notre entreprise, Paros European Rent, sera \u00e0 nouveau \u00e0 votre service \u00e0 partir du 1er avril 2024. Nous sommes pr\u00eats \u00e0 vous accueillir et \u00e0 r\u00e9pondre \u00e0 tous vos besoins en mati\u00e8re de location de voiture, buggy, quad\/atv, moto ou scooter sur la magnifique \u00eele de Paros. Notre bureau est situ\u00e9 pr\u00e8s du port central de Paros, \u00e0 Paroikia.<\/p>\n<p>Jusqu&rsquo;\u00e0 l&rsquo;ouverture de notre magasin physique, vous pouvez effectuer facilement et rapidement des r\u00e9servations en ligne via notre site officiel : <a href=\"https:\/\/parosrentcar.com\/fr\">https:\/\/parosrentcar.com<\/a>. De plus, notre \u00e9quipe de service client est disponible tous les jours par e-mail pour r\u00e9pondre \u00e0 toutes vos questions ou pr\u00e9occupations.<\/p>\n<p>Profitez des offres actuelles sur notre site Web, b\u00e9n\u00e9ficiant d&rsquo;une r\u00e9duction de 10 % pour les locations de plus de trois jours et de 15 % pour les locations de plus de huit jours. Chez Paros European Rent, nous nous engageons \u00e0 fournir des services de location de voiture de haute qualit\u00e9, rendant votre exp\u00e9rience dans la magnifique Paros encore plus inoubliable.<\/p>\n<p>Visitez notre site Web et profitez des offres incroyables pour une exploration inoubliable de l&rsquo;\u00eele. D\u00e9couvrez Paros avec confort et style avec Paros European Rent !<\/p>\n","protected":false},"excerpt":{"rendered":"<p>&nbsp; C&rsquo;est avec une grande joie que nous annon\u00e7ons que notre entreprise, Paros European Rent, sera \u00e0 nouveau \u00e0 votre service \u00e0 partir du 1er avril 2024. Nous sommes pr\u00eats \u00e0 vous accueillir et \u00e0 r\u00e9pondre \u00e0 tous vos besoins en mati\u00e8re de location de voiture, buggy, quad\/atv, moto ou scooter sur la magnifique \u00eele de Paros. Notre bureau est situ\u00e9 pr\u00e8s du port central de Paros, \u00e0 Paroikia. Jusqu&rsquo;\u00e0 l&rsquo;ouverture de notre magasin physique, vous pouvez effectuer facilement et rapidement des r\u00e9servations en ligne via notre site officiel : https:\/\/parosrentcar.com. De plus, notre \u00e9quipe de service client est disponible tous les jours par e-mail pour r\u00e9pondre \u00e0 toutes vos [&hellip;]<\/p>\n","protected":false},"author":1,"featured_media":38715,"comment_status":"open","ping_status":"open","sticky":false,"template":"","format":"standard","meta":{"footnotes":""},"categories":[118,109,117,110,116,108],"tags":[111,96,180,97,112,61],"class_list":["post-38714","post","type-post","status-publish","format-standard","has-post-thumbnail","hentry","category-location-de-atv-a-paros","category-location-de-buggy-a-paros","category-location-de-motos-a-paros","category-location-de-quad-a-paros","category-location-de-scooter-a-paros","category-location-de-voiture-a-paros","tag-location-de-atv-a-paros","tag-location-de-buggy-a-paros","tag-location-de-moto-a-paros","tag-location-de-quad-a-paros","tag-location-de-scooter-a-paros","tag-location-de-voiture-a-paros"],"yoast_head":"<!-- This site is optimized with the Yoast SEO plugin v27.1.1 - https:\/\/yoast.com\/product\/yoast-seo-wordpress\/ -->\n<title>D\u00e9but de la nouvelle saison 2024 \u2013 Location de voitures Paros European Rent \u00e0 Paros<\/title>\n<meta name=\"description\" content=\"\u00c0 partir du 01\/04, notre entreprise Paros European Rent sera ouverte \u00e0 Paros pour vous offrir la meilleure exp\u00e9rience possible de location de voiture !\" \/>\n<meta name=\"robots\" content=\"index, follow, max-snippet:-1, max-image-preview:large, max-video-preview:-1\" \/>\n<link rel=\"canonical\" href=\"https:\/\/parosrentcar.com\/fr\/debut-de-la-nouvelle-saison-2024-location-de-voitures-paros-european-rent-a-paros\/\" \/>\n<meta property=\"og:locale\" content=\"fr_FR\" \/>\n<meta property=\"og:type\" content=\"article\" \/>\n<meta property=\"og:title\" content=\"D\u00e9but de la nouvelle saison 2024 \u2013 Location de voitures Paros European Rent \u00e0 Paros\" \/>\n<meta property=\"og:description\" content=\"\u00c0 partir du 01\/04, notre entreprise Paros European Rent sera ouverte \u00e0 Paros pour vous offrir la meilleure exp\u00e9rience possible de location de voiture !\" \/>\n<meta property=\"og:url\" content=\"https:\/\/parosrentcar.com\/fr\/debut-de-la-nouvelle-saison-2024-location-de-voitures-paros-european-rent-a-paros\/\" \/>\n<meta property=\"og:site_name\" content=\"Location de voitures \u00e0 Paros Gr\u00e8ce - ParosEuropeanRent\" \/>\n<meta property=\"article:publisher\" content=\"https:\/\/www.facebook.com\/paroscarrental\" \/>\n<meta property=\"article:published_time\" content=\"2024-01-30T21:03:59+00:00\" \/>\n<meta property=\"og:image\" content=\"https:\/\/parosrentcar.com\/fr\/wp-content\/uploads\/2024\/01\/fiat-500-logo.jpg\" \/>\n\t<meta property=\"og:image:width\" content=\"1000\" \/>\n\t<meta property=\"og:image:height\" content=\"400\" \/>\n\t<meta property=\"og:image:type\" content=\"image\/jpeg\" \/>\n<meta name=\"author\" content=\"admin\" \/>\n<meta name=\"twitter:label1\" content=\"\u00c9crit par\" \/>\n\t<meta name=\"twitter:data1\" content=\"admin\" \/>\n\t<meta name=\"twitter:label2\" content=\"Dur\u00e9e de lecture estim\u00e9e\" \/>\n\t<meta name=\"twitter:data2\" content=\"2 minutes\" \/>\n<script type=\"application\/ld+json\" class=\"yoast-schema-graph\">{\"@context\":\"https:\/\/schema.org\",\"@graph\":[{\"@type\":\"Article\",\"@id\":\"https:\/\/parosrentcar.com\/fr\/debut-de-la-nouvelle-saison-2024-location-de-voitures-paros-european-rent-a-paros\/#article\",\"isPartOf\":{\"@id\":\"https:\/\/parosrentcar.com\/fr\/debut-de-la-nouvelle-saison-2024-location-de-voitures-paros-european-rent-a-paros\/\"},\"author\":{\"name\":\"admin\",\"@id\":\"https:\/\/parosrentcar.com\/fr\/#\/schema\/person\/d743451aad44d2f5e7839544ed91721e\"},\"headline\":\"Paros European Rent : R\u00e9ouverture de nos portes le 1er avril 2024 pour des explorations estivales inoubliables \u00e0 Paros !\",\"datePublished\":\"2024-01-30T21:03:59+00:00\",\"mainEntityOfPage\":{\"@id\":\"https:\/\/parosrentcar.com\/fr\/debut-de-la-nouvelle-saison-2024-location-de-voitures-paros-european-rent-a-paros\/\"},\"wordCount\":219,\"commentCount\":0,\"image\":{\"@id\":\"https:\/\/parosrentcar.com\/fr\/debut-de-la-nouvelle-saison-2024-location-de-voitures-paros-european-rent-a-paros\/#primaryimage\"},\"thumbnailUrl\":\"https:\/\/parosrentcar.com\/fr\/wp-content\/uploads\/2024\/01\/fiat-500-logo.jpg\",\"keywords\":[\"location de atv \u00e0 Paros\",\"location de buggy \u00e0 Paros\",\"location de moto \u00e0 Paros\",\"location de quad \u00e0 Paros\",\"location de scooter \u00e0 Paros\",\"location de voiture \u00e0 Paros\"],\"articleSection\":[\"location de atv \u00e0 Paros\",\"location de buggy \u00e0 Paros\",\"location de moto \u00e0 Paros\",\"location de quad \u00e0 Paros\",\"location de scooter \u00e0 Paros\",\"location de voiture \u00e0 Paros\"],\"inLanguage\":\"fr-FR\",\"potentialAction\":[{\"@type\":\"CommentAction\",\"name\":\"Comment\",\"target\":[\"https:\/\/parosrentcar.com\/fr\/debut-de-la-nouvelle-saison-2024-location-de-voitures-paros-european-rent-a-paros\/#respond\"]}]},{\"@type\":\"WebPage\",\"@id\":\"https:\/\/parosrentcar.com\/fr\/debut-de-la-nouvelle-saison-2024-location-de-voitures-paros-european-rent-a-paros\/\",\"url\":\"https:\/\/parosrentcar.com\/fr\/debut-de-la-nouvelle-saison-2024-location-de-voitures-paros-european-rent-a-paros\/\",\"name\":\"D\u00e9but de la nouvelle saison 2024 \u2013 Location de voitures Paros European Rent \u00e0 Paros\",\"isPartOf\":{\"@id\":\"https:\/\/parosrentcar.com\/fr\/#website\"},\"primaryImageOfPage\":{\"@id\":\"https:\/\/parosrentcar.com\/fr\/debut-de-la-nouvelle-saison-2024-location-de-voitures-paros-european-rent-a-paros\/#primaryimage\"},\"image\":{\"@id\":\"https:\/\/parosrentcar.com\/fr\/debut-de-la-nouvelle-saison-2024-location-de-voitures-paros-european-rent-a-paros\/#primaryimage\"},\"thumbnailUrl\":\"https:\/\/parosrentcar.com\/fr\/wp-content\/uploads\/2024\/01\/fiat-500-logo.jpg\",\"datePublished\":\"2024-01-30T21:03:59+00:00\",\"author\":{\"@id\":\"https:\/\/parosrentcar.com\/fr\/#\/schema\/person\/d743451aad44d2f5e7839544ed91721e\"},\"description\":\"\u00c0 partir du 01\/04, notre entreprise Paros European Rent sera ouverte \u00e0 Paros pour vous offrir la meilleure exp\u00e9rience possible de location de voiture !\",\"breadcrumb\":{\"@id\":\"https:\/\/parosrentcar.com\/fr\/debut-de-la-nouvelle-saison-2024-location-de-voitures-paros-european-rent-a-paros\/#breadcrumb\"},\"inLanguage\":\"fr-FR\",\"potentialAction\":[{\"@type\":\"ReadAction\",\"target\":[\"https:\/\/parosrentcar.com\/fr\/debut-de-la-nouvelle-saison-2024-location-de-voitures-paros-european-rent-a-paros\/\"]}]},{\"@type\":\"ImageObject\",\"inLanguage\":\"fr-FR\",\"@id\":\"https:\/\/parosrentcar.com\/fr\/debut-de-la-nouvelle-saison-2024-location-de-voitures-paros-european-rent-a-paros\/#primaryimage\",\"url\":\"https:\/\/parosrentcar.com\/fr\/wp-content\/uploads\/2024\/01\/fiat-500-logo.jpg\",\"contentUrl\":\"https:\/\/parosrentcar.com\/fr\/wp-content\/uploads\/2024\/01\/fiat-500-logo.jpg\",\"width\":1000,\"height\":400,\"caption\":\"D\u00e9but de la nouvelle saison 2024\"},{\"@type\":\"BreadcrumbList\",\"@id\":\"https:\/\/parosrentcar.com\/fr\/debut-de-la-nouvelle-saison-2024-location-de-voitures-paros-european-rent-a-paros\/#breadcrumb\",\"itemListElement\":[{\"@type\":\"ListItem\",\"position\":1,\"name\":\"Home\",\"item\":\"https:\/\/parosrentcar.com\/fr\/\"},{\"@type\":\"ListItem\",\"position\":2,\"name\":\"Paros European Rent : R\u00e9ouverture de nos portes le 1er avril 2024 pour des explorations estivales inoubliables \u00e0 Paros !\"}]},{\"@type\":\"WebSite\",\"@id\":\"https:\/\/parosrentcar.com\/fr\/#website\",\"url\":\"https:\/\/parosrentcar.com\/fr\/\",\"name\":\"Location de voitures \u00e0 Paros Gr\u00e8ce - ParosEuropeanRent\",\"description\":\"Location de voiture, buggy, quad, atv, scooter, moto et v\u00e9lo \u00e0 Paros\",\"potentialAction\":[{\"@type\":\"SearchAction\",\"target\":{\"@type\":\"EntryPoint\",\"urlTemplate\":\"https:\/\/parosrentcar.com\/fr\/?s={search_term_string}\"},\"query-input\":{\"@type\":\"PropertyValueSpecification\",\"valueRequired\":true,\"valueName\":\"search_term_string\"}}],\"inLanguage\":\"fr-FR\"},{\"@type\":\"Person\",\"@id\":\"https:\/\/parosrentcar.com\/fr\/#\/schema\/person\/d743451aad44d2f5e7839544ed91721e\",\"name\":\"admin\",\"image\":{\"@type\":\"ImageObject\",\"inLanguage\":\"fr-FR\",\"@id\":\"https:\/\/parosrentcar.com\/fr\/#\/schema\/person\/image\/\",\"url\":\"https:\/\/secure.gravatar.com\/avatar\/e8373ef91d847108770c709f685a900c4549230f96552692edf55206b4e6cdac?s=96&d=mm&r=g\",\"contentUrl\":\"https:\/\/secure.gravatar.com\/avatar\/e8373ef91d847108770c709f685a900c4549230f96552692edf55206b4e6cdac?s=96&d=mm&r=g\",\"caption\":\"admin\"},\"url\":\"https:\/\/parosrentcar.com\/fr\/author\/admin\/\"}]}<\/script>\n<!-- \/ Yoast SEO plugin. -->","yoast_head_json":{"title":"D\u00e9but de la nouvelle saison 2024 \u2013 Location de voitures Paros European Rent \u00e0 Paros","description":"\u00c0 partir du 01\/04, notre entreprise Paros European Rent sera ouverte \u00e0 Paros pour vous offrir la meilleure exp\u00e9rience possible de location de voiture !","robots":{"index":"index","follow":"follow","max-snippet":"max-snippet:-1","max-image-preview":"max-image-preview:large","max-video-preview":"max-video-preview:-1"},"canonical":"https:\/\/parosrentcar.com\/fr\/debut-de-la-nouvelle-saison-2024-location-de-voitures-paros-european-rent-a-paros\/","og_locale":"fr_FR","og_type":"article","og_title":"D\u00e9but de la nouvelle saison 2024 \u2013 Location de voitures Paros European Rent \u00e0 Paros","og_description":"\u00c0 partir du 01\/04, notre entreprise Paros European Rent sera ouverte \u00e0 Paros pour vous offrir la meilleure exp\u00e9rience possible de location de voiture !","og_url":"https:\/\/parosrentcar.com\/fr\/debut-de-la-nouvelle-saison-2024-location-de-voitures-paros-european-rent-a-paros\/","og_site_name":"Location de voitures \u00e0 Paros Gr\u00e8ce - ParosEuropeanRent","article_publisher":"https:\/\/www.facebook.com\/paroscarrental","article_published_time":"2024-01-30T21:03:59+00:00","og_image":[{"width":1000,"height":400,"url":"https:\/\/parosrentcar.com\/fr\/wp-content\/uploads\/2024\/01\/fiat-500-logo.jpg","type":"image\/jpeg"}],"author":"admin","twitter_misc":{"\u00c9crit par":"admin","Dur\u00e9e de lecture estim\u00e9e":"2 minutes"},"schema":{"@context":"https:\/\/schema.org","@graph":[{"@type":"Article","@id":"https:\/\/parosrentcar.com\/fr\/debut-de-la-nouvelle-saison-2024-location-de-voitures-paros-european-rent-a-paros\/#article","isPartOf":{"@id":"https:\/\/parosrentcar.com\/fr\/debut-de-la-nouvelle-saison-2024-location-de-voitures-paros-european-rent-a-paros\/"},"author":{"name":"admin","@id":"https:\/\/parosrentcar.com\/fr\/#\/schema\/person\/d743451aad44d2f5e7839544ed91721e"},"headline":"Paros European Rent : R\u00e9ouverture de nos portes le 1er avril 2024 pour des explorations estivales inoubliables \u00e0 Paros !","datePublished":"2024-01-30T21:03:59+00:00","mainEntityOfPage":{"@id":"https:\/\/parosrentcar.com\/fr\/debut-de-la-nouvelle-saison-2024-location-de-voitures-paros-european-rent-a-paros\/"},"wordCount":219,"commentCount":0,"image":{"@id":"https:\/\/parosrentcar.com\/fr\/debut-de-la-nouvelle-saison-2024-location-de-voitures-paros-european-rent-a-paros\/#primaryimage"},"thumbnailUrl":"https:\/\/parosrentcar.com\/fr\/wp-content\/uploads\/2024\/01\/fiat-500-logo.jpg","keywords":["location de atv \u00e0 Paros","location de buggy \u00e0 Paros","location de moto \u00e0 Paros","location de quad \u00e0 Paros","location de scooter \u00e0 Paros","location de voiture \u00e0 Paros"],"articleSection":["location de atv \u00e0 Paros","location de buggy \u00e0 Paros","location de moto \u00e0 Paros","location de quad \u00e0 Paros","location de scooter \u00e0 Paros","location de voiture \u00e0 Paros"],"inLanguage":"fr-FR","potentialAction":[{"@type":"CommentAction","name":"Comment","target":["https:\/\/parosrentcar.com\/fr\/debut-de-la-nouvelle-saison-2024-location-de-voitures-paros-european-rent-a-paros\/#respond"]}]},{"@type":"WebPage","@id":"https:\/\/parosrentcar.com\/fr\/debut-de-la-nouvelle-saison-2024-location-de-voitures-paros-european-rent-a-paros\/","url":"https:\/\/parosrentcar.com\/fr\/debut-de-la-nouvelle-saison-2024-location-de-voitures-paros-european-rent-a-paros\/","name":"D\u00e9but de la nouvelle saison 2024 \u2013 Location de voitures Paros European Rent \u00e0 Paros","isPartOf":{"@id":"https:\/\/parosrentcar.com\/fr\/#website"},"primaryImageOfPage":{"@id":"https:\/\/parosrentcar.com\/fr\/debut-de-la-nouvelle-saison-2024-location-de-voitures-paros-european-rent-a-paros\/#primaryimage"},"image":{"@id":"https:\/\/parosrentcar.com\/fr\/debut-de-la-nouvelle-saison-2024-location-de-voitures-paros-european-rent-a-paros\/#primaryimage"},"thumbnailUrl":"https:\/\/parosrentcar.com\/fr\/wp-content\/uploads\/2024\/01\/fiat-500-logo.jpg","datePublished":"2024-01-30T21:03:59+00:00","author":{"@id":"https:\/\/parosrentcar.com\/fr\/#\/schema\/person\/d743451aad44d2f5e7839544ed91721e"},"description":"\u00c0 partir du 01\/04, notre entreprise Paros European Rent sera ouverte \u00e0 Paros pour vous offrir la meilleure exp\u00e9rience possible de location de voiture !","breadcrumb":{"@id":"https:\/\/parosrentcar.com\/fr\/debut-de-la-nouvelle-saison-2024-location-de-voitures-paros-european-rent-a-paros\/#breadcrumb"},"inLanguage":"fr-FR","potentialAction":[{"@type":"ReadAction","target":["https:\/\/parosrentcar.com\/fr\/debut-de-la-nouvelle-saison-2024-location-de-voitures-paros-european-rent-a-paros\/"]}]},{"@type":"ImageObject","inLanguage":"fr-FR","@id":"https:\/\/parosrentcar.com\/fr\/debut-de-la-nouvelle-saison-2024-location-de-voitures-paros-european-rent-a-paros\/#primaryimage","url":"https:\/\/parosrentcar.com\/fr\/wp-content\/uploads\/2024\/01\/fiat-500-logo.jpg","contentUrl":"https:\/\/parosrentcar.com\/fr\/wp-content\/uploads\/2024\/01\/fiat-500-logo.jpg","width":1000,"height":400,"caption":"D\u00e9but de la nouvelle saison 2024"},{"@type":"BreadcrumbList","@id":"https:\/\/parosrentcar.com\/fr\/debut-de-la-nouvelle-saison-2024-location-de-voitures-paros-european-rent-a-paros\/#breadcrumb","itemListElement":[{"@type":"ListItem","position":1,"name":"Home","item":"https:\/\/parosrentcar.com\/fr\/"},{"@type":"ListItem","position":2,"name":"Paros European Rent : R\u00e9ouverture de nos portes le 1er avril 2024 pour des explorations estivales inoubliables \u00e0 Paros !"}]},{"@type":"WebSite","@id":"https:\/\/parosrentcar.com\/fr\/#website","url":"https:\/\/parosrentcar.com\/fr\/","name":"Location de voitures \u00e0 Paros Gr\u00e8ce - ParosEuropeanRent","description":"Location de voiture, buggy, quad, atv, scooter, moto et v\u00e9lo \u00e0 Paros","potentialAction":[{"@type":"SearchAction","target":{"@type":"EntryPoint","urlTemplate":"https:\/\/parosrentcar.com\/fr\/?s={search_term_string}"},"query-input":{"@type":"PropertyValueSpecification","valueRequired":true,"valueName":"search_term_string"}}],"inLanguage":"fr-FR"},{"@type":"Person","@id":"https:\/\/parosrentcar.com\/fr\/#\/schema\/person\/d743451aad44d2f5e7839544ed91721e","name":"admin","image":{"@type":"ImageObject","inLanguage":"fr-FR","@id":"https:\/\/parosrentcar.com\/fr\/#\/schema\/person\/image\/","url":"https:\/\/secure.gravatar.com\/avatar\/e8373ef91d847108770c709f685a900c4549230f96552692edf55206b4e6cdac?s=96&d=mm&r=g","contentUrl":"https:\/\/secure.gravatar.com\/avatar\/e8373ef91d847108770c709f685a900c4549230f96552692edf55206b4e6cdac?s=96&d=mm&r=g","caption":"admin"},"url":"https:\/\/parosrentcar.com\/fr\/author\/admin\/"}]}},"_links":{"self":[{"href":"https:\/\/parosrentcar.com\/fr\/wp-json\/wp\/v2\/posts\/38714","targetHints":{"allow":["GET"]}}],"collection":[{"href":"https:\/\/parosrentcar.com\/fr\/wp-json\/wp\/v2\/posts"}],"about":[{"href":"https:\/\/parosrentcar.com\/fr\/wp-json\/wp\/v2\/types\/post"}],"author":[{"embeddable":true,"href":"https:\/\/parosrentcar.com\/fr\/wp-json\/wp\/v2\/users\/1"}],"replies":[{"embeddable":true,"href":"https:\/\/parosrentcar.com\/fr\/wp-json\/wp\/v2\/comments?post=38714"}],"version-history":[{"count":1,"href":"https:\/\/parosrentcar.com\/fr\/wp-json\/wp\/v2\/posts\/38714\/revisions"}],"predecessor-version":[{"id":38716,"href":"https:\/\/parosrentcar.com\/fr\/wp-json\/wp\/v2\/posts\/38714\/revisions\/38716"}],"wp:featuredmedia":[{"embeddable":true,"href":"https:\/\/parosrentcar.com\/fr\/wp-json\/wp\/v2\/media\/38715"}],"wp:attachment":[{"href":"https:\/\/parosrentcar.com\/fr\/wp-json\/wp\/v2\/media?parent=38714"}],"wp:term":[{"taxonomy":"category","embeddable":true,"href":"https:\/\/parosrentcar.com\/fr\/wp-json\/wp\/v2\/categories?post=38714"},{"taxonomy":"post_tag","embeddable":true,"href":"https:\/\/parosrentcar.com\/fr\/wp-json\/wp\/v2\/tags?post=38714"}],"curies":[{"name":"wp","href":"https:\/\/api.w.org\/{rel}","templated":true}]}}