{"id":38688,"date":"2023-11-07T07:46:39","date_gmt":"2023-11-07T07:46:39","guid":{"rendered":"https:\/\/parosrentcar.com\/fr\/?p=38688"},"modified":"2023-11-07T07:51:32","modified_gmt":"2023-11-07T07:51:32","slug":"location-de-voiture-mini-van-7-places-a-paros","status":"publish","type":"post","link":"https:\/\/parosrentcar.com\/fr\/location-de-voiture-mini-van-7-places-a-paros\/","title":{"rendered":"Location de voiture \/ mini van 7 places \u00e0 Paros"},"content":{"rendered":"<p>&nbsp;<br \/>\nIl est toujours difficile pour une grande famille ou un groupe d&rsquo;amis qui veulent voyager ensemble de\u00a0 se d\u00e9placer. Notre soci\u00e9t\u00e9 ParosEuropean Rent, avec sa flotte de voitures renouvel\u00e9e, dispose de minibus de 7 places, dans le but de rendre votre d\u00e9placement facile, agr\u00e9able et s\u00fbr.<\/p>\n<p>Sans aucun doute, si vous \u00eates une grande famille ou un groupe d&rsquo;amis qui veulent voyager ensemble il s\u2019agit du meilleur moyen de voyager. Lorsque vous n&rsquo;avez pas besoin de louer une autre voiture en plus, vous profiterez de l&rsquo;\u00e9conomie dans votre transport. Un avantage suppl\u00e9mentaire tout aussi important d&rsquo;une voiture 7 places, est le fait que vous disposez de beaucoup plus d&rsquo;espace de rangement, ce qui vous permet de transporter plus de bagages, d&rsquo;\u00e9quipements sportifs ou d&rsquo;autres articles volumineux pendant vos vacances.<\/p>\n<p>Egalement il s\u2019agit d\u2019un v\u00e9hicule \u00e0 adorer, \u00a0si vous voyagez avec des personnes de grande taille ou si vous pr\u00e9f\u00e9rez une position de conduite plus \u00e9lev\u00e9e. Et bien s\u00fbr, il vous donne la possibilit\u00e9 de r\u00e9unir toute la famille ou le groupe \u00e0 tout moment et de profiter de vos vacances sur l&rsquo;\u00eele unique de Paros.<\/p>\n<p>Vous pouvez choisir parmi les voitures mini van (minibus) de location suivantes :<\/p>\n<ul>\n<li><a href=\"https:\/\/parosrentcar.com\/fr\/location-de-voitures-a-paros\/fiat-doblo\/\" target=\"_blank\" rel=\"noopener\">Fiat Doblo 7 places<\/a><\/li>\n<li><a href=\"https:\/\/parosrentcar.com\/fr\/location-de-voitures-a-paros\/peugeot-rifter\/\" target=\"_blank\" rel=\"noopener\">Peugeot Rifter 7 places<\/a><\/li>\n<\/ul>\n<p>Les voitures ci-dessus peuvent r\u00e9pondre aux besoins d&rsquo;une grande famille de 7 personnes, de deux familles plus petites, mais aussi d\u2019un grand groupe d&rsquo;amis. Toutes les voitures que nous vous fournissons dans cette cat\u00e9gorie sont enti\u00e8rement \u00e9quip\u00e9es, 7 si\u00e8ges autonomes avec 7 ceintures de s\u00e9curit\u00e9, une pour chaque passager, 2 portes lat\u00e9rales coulissantes pour une plus grande facilit\u00e9 d&#8217;embarquement et de d\u00e9barquement et des syst\u00e8mes GPS et Bluetooth modernes pour une conduite plus excitante.<\/p>\n","protected":false},"excerpt":{"rendered":"<p>On dispose des voitures 7 places \/ mini van \u00e0 louer \u00e0 Paros, aussi bien que la meilleure qualit\u00e9 de service et les meilleurs prix. <\/p>\n","protected":false},"author":1,"featured_media":38690,"comment_status":"open","ping_status":"open","sticky":false,"template":"","format":"standard","meta":{"footnotes":""},"categories":[341,338,336,339,337,343,342,1,340],"tags":[349,346,344,347,345,351,350,348],"class_list":["post-38688","post","type-post","status-publish","format-standard","has-post-thumbnail","hentry","category-fiat-doblo-7-places-a-paros","category-location-de-mini-van-a-paros","category-location-de-voiture-7-places-a-paros","category-locations-de-mini-van-a-paros","category-locations-de-voitures-7-places-a-paros","category-locations-de-voitures-avec-grand-espace-de-rangement","category-peugeot-rifter-7-places-a-paros","category-uncategorized","category-vacances-en-famille-a-paros","tag-fiat-doblo-7-places-a-paros","tag-location-de-mini-van-a-paros","tag-location-de-voiture-7-places-a-paros","tag-locations-de-mini-van-a-paros","tag-locations-de-voitures-7-places-a-paros","tag-locations-de-voitures-avec-grand-espace-de-rangement","tag-peugeot-rifter-7-places-a-paros","tag-vacances-en-famille-a-paros"],"yoast_head":"<!-- This site is optimized with the Yoast SEO plugin v27.1.1 - https:\/\/yoast.com\/product\/yoast-seo-wordpress\/ -->\n<title>Location d&#039;une voiture \/ d&#039;un mini van 7 places \u00e0 Paros<\/title>\n<meta name=\"description\" content=\"On dispose des voitures 7 places \/ mini van \u00e0 louer \u00e0 Paros, aussi bien que la meilleure qualit\u00e9 de service et les meilleurs prix.\" \/>\n<meta name=\"robots\" content=\"index, follow, max-snippet:-1, max-image-preview:large, max-video-preview:-1\" \/>\n<link rel=\"canonical\" href=\"https:\/\/parosrentcar.com\/fr\/location-de-voiture-mini-van-7-places-a-paros\/\" \/>\n<meta property=\"og:locale\" content=\"fr_FR\" \/>\n<meta property=\"og:type\" content=\"article\" \/>\n<meta property=\"og:title\" content=\"Location d&#039;une voiture \/ d&#039;un mini van 7 places \u00e0 Paros\" \/>\n<meta property=\"og:description\" content=\"On dispose des voitures 7 places \/ mini van \u00e0 louer \u00e0 Paros, aussi bien que la meilleure qualit\u00e9 de service et les meilleurs prix.\" \/>\n<meta property=\"og:url\" content=\"https:\/\/parosrentcar.com\/fr\/location-de-voiture-mini-van-7-places-a-paros\/\" \/>\n<meta property=\"og:site_name\" content=\"Location de voitures \u00e0 Paros Gr\u00e8ce - ParosEuropeanRent\" \/>\n<meta property=\"article:publisher\" content=\"https:\/\/www.facebook.com\/paroscarrental\" \/>\n<meta property=\"article:published_time\" content=\"2023-11-07T07:46:39+00:00\" \/>\n<meta property=\"article:modified_time\" content=\"2023-11-07T07:51:32+00:00\" \/>\n<meta property=\"og:image\" content=\"https:\/\/parosrentcar.com\/fr\/wp-content\/uploads\/2023\/11\/fiat-doblo-1000-400.jpg\" \/>\n\t<meta property=\"og:image:width\" content=\"1000\" \/>\n\t<meta property=\"og:image:height\" content=\"400\" \/>\n\t<meta property=\"og:image:type\" content=\"image\/jpeg\" \/>\n<meta name=\"author\" content=\"admin\" \/>\n<meta name=\"twitter:label1\" content=\"\u00c9crit par\" \/>\n\t<meta name=\"twitter:data1\" content=\"admin\" \/>\n\t<meta name=\"twitter:label2\" content=\"Dur\u00e9e de lecture estim\u00e9e\" \/>\n\t<meta name=\"twitter:data2\" content=\"2 minutes\" \/>\n<script type=\"application\/ld+json\" class=\"yoast-schema-graph\">{\"@context\":\"https:\/\/schema.org\",\"@graph\":[{\"@type\":\"Article\",\"@id\":\"https:\/\/parosrentcar.com\/fr\/location-de-voiture-mini-van-7-places-a-paros\/#article\",\"isPartOf\":{\"@id\":\"https:\/\/parosrentcar.com\/fr\/location-de-voiture-mini-van-7-places-a-paros\/\"},\"author\":{\"name\":\"admin\",\"@id\":\"https:\/\/parosrentcar.com\/fr\/#\/schema\/person\/d743451aad44d2f5e7839544ed91721e\"},\"headline\":\"Location de voiture \/ mini van 7 places \u00e0 Paros\",\"datePublished\":\"2023-11-07T07:46:39+00:00\",\"dateModified\":\"2023-11-07T07:51:32+00:00\",\"mainEntityOfPage\":{\"@id\":\"https:\/\/parosrentcar.com\/fr\/location-de-voiture-mini-van-7-places-a-paros\/\"},\"wordCount\":306,\"commentCount\":0,\"image\":{\"@id\":\"https:\/\/parosrentcar.com\/fr\/location-de-voiture-mini-van-7-places-a-paros\/#primaryimage\"},\"thumbnailUrl\":\"https:\/\/parosrentcar.com\/fr\/wp-content\/uploads\/2023\/11\/fiat-doblo-1000-400.jpg\",\"keywords\":[\"Fiat Doblo 7 places \u00e0 Paros\",\"location de mini van \u00e0 Paros\",\"location de voiture 7 places \u00e0 Paros\",\"locations de mini van \u00e0 Paros\",\"locations de voitures 7 places \u00e0 Paros\",\"locations de voitures avec grand espace de rangement\",\"Peugeot Rifter 7 places \u00e0 Paros\",\"vacances en famille \u00e0 Paros\"],\"articleSection\":[\"Fiat Doblo 7 places \u00e0 Paros\",\"location de mini van \u00e0 Paros\",\"location de voiture 7 places \u00e0 Paros\",\"locations de mini van \u00e0 Paros\",\"locations de voitures 7 places \u00e0 Paros\",\"locations de voitures avec grand espace de rangement\",\"Peugeot Rifter 7 places \u00e0 Paros\",\"Uncategorized\",\"vacances en famille \u00e0 Paros\"],\"inLanguage\":\"fr-FR\",\"potentialAction\":[{\"@type\":\"CommentAction\",\"name\":\"Comment\",\"target\":[\"https:\/\/parosrentcar.com\/fr\/location-de-voiture-mini-van-7-places-a-paros\/#respond\"]}]},{\"@type\":\"WebPage\",\"@id\":\"https:\/\/parosrentcar.com\/fr\/location-de-voiture-mini-van-7-places-a-paros\/\",\"url\":\"https:\/\/parosrentcar.com\/fr\/location-de-voiture-mini-van-7-places-a-paros\/\",\"name\":\"Location d'une voiture \/ d'un mini van 7 places \u00e0 Paros\",\"isPartOf\":{\"@id\":\"https:\/\/parosrentcar.com\/fr\/#website\"},\"primaryImageOfPage\":{\"@id\":\"https:\/\/parosrentcar.com\/fr\/location-de-voiture-mini-van-7-places-a-paros\/#primaryimage\"},\"image\":{\"@id\":\"https:\/\/parosrentcar.com\/fr\/location-de-voiture-mini-van-7-places-a-paros\/#primaryimage\"},\"thumbnailUrl\":\"https:\/\/parosrentcar.com\/fr\/wp-content\/uploads\/2023\/11\/fiat-doblo-1000-400.jpg\",\"datePublished\":\"2023-11-07T07:46:39+00:00\",\"dateModified\":\"2023-11-07T07:51:32+00:00\",\"author\":{\"@id\":\"https:\/\/parosrentcar.com\/fr\/#\/schema\/person\/d743451aad44d2f5e7839544ed91721e\"},\"description\":\"On dispose des voitures 7 places \/ mini van \u00e0 louer \u00e0 Paros, aussi bien que la meilleure qualit\u00e9 de service et les meilleurs prix.\",\"breadcrumb\":{\"@id\":\"https:\/\/parosrentcar.com\/fr\/location-de-voiture-mini-van-7-places-a-paros\/#breadcrumb\"},\"inLanguage\":\"fr-FR\",\"potentialAction\":[{\"@type\":\"ReadAction\",\"target\":[\"https:\/\/parosrentcar.com\/fr\/location-de-voiture-mini-van-7-places-a-paros\/\"]}]},{\"@type\":\"ImageObject\",\"inLanguage\":\"fr-FR\",\"@id\":\"https:\/\/parosrentcar.com\/fr\/location-de-voiture-mini-van-7-places-a-paros\/#primaryimage\",\"url\":\"https:\/\/parosrentcar.com\/fr\/wp-content\/uploads\/2023\/11\/fiat-doblo-1000-400.jpg\",\"contentUrl\":\"https:\/\/parosrentcar.com\/fr\/wp-content\/uploads\/2023\/11\/fiat-doblo-1000-400.jpg\",\"width\":1000,\"height\":400,\"caption\":\"Location de voiture \/ mini van 7 places \u00e0 Paros\"},{\"@type\":\"BreadcrumbList\",\"@id\":\"https:\/\/parosrentcar.com\/fr\/location-de-voiture-mini-van-7-places-a-paros\/#breadcrumb\",\"itemListElement\":[{\"@type\":\"ListItem\",\"position\":1,\"name\":\"Home\",\"item\":\"https:\/\/parosrentcar.com\/fr\/\"},{\"@type\":\"ListItem\",\"position\":2,\"name\":\"Location de voiture \/ mini van 7 places \u00e0 Paros\"}]},{\"@type\":\"WebSite\",\"@id\":\"https:\/\/parosrentcar.com\/fr\/#website\",\"url\":\"https:\/\/parosrentcar.com\/fr\/\",\"name\":\"Location de voitures \u00e0 Paros Gr\u00e8ce - ParosEuropeanRent\",\"description\":\"Location de voiture, buggy, quad, atv, scooter, moto et v\u00e9lo \u00e0 Paros\",\"potentialAction\":[{\"@type\":\"SearchAction\",\"target\":{\"@type\":\"EntryPoint\",\"urlTemplate\":\"https:\/\/parosrentcar.com\/fr\/?s={search_term_string}\"},\"query-input\":{\"@type\":\"PropertyValueSpecification\",\"valueRequired\":true,\"valueName\":\"search_term_string\"}}],\"inLanguage\":\"fr-FR\"},{\"@type\":\"Person\",\"@id\":\"https:\/\/parosrentcar.com\/fr\/#\/schema\/person\/d743451aad44d2f5e7839544ed91721e\",\"name\":\"admin\",\"image\":{\"@type\":\"ImageObject\",\"inLanguage\":\"fr-FR\",\"@id\":\"https:\/\/parosrentcar.com\/fr\/#\/schema\/person\/image\/\",\"url\":\"https:\/\/secure.gravatar.com\/avatar\/e8373ef91d847108770c709f685a900c4549230f96552692edf55206b4e6cdac?s=96&d=mm&r=g\",\"contentUrl\":\"https:\/\/secure.gravatar.com\/avatar\/e8373ef91d847108770c709f685a900c4549230f96552692edf55206b4e6cdac?s=96&d=mm&r=g\",\"caption\":\"admin\"},\"url\":\"https:\/\/parosrentcar.com\/fr\/author\/admin\/\"}]}<\/script>\n<!-- \/ Yoast SEO plugin. -->","yoast_head_json":{"title":"Location d'une voiture \/ d'un mini van 7 places \u00e0 Paros","description":"On dispose des voitures 7 places \/ mini van \u00e0 louer \u00e0 Paros, aussi bien que la meilleure qualit\u00e9 de service et les meilleurs prix.","robots":{"index":"index","follow":"follow","max-snippet":"max-snippet:-1","max-image-preview":"max-image-preview:large","max-video-preview":"max-video-preview:-1"},"canonical":"https:\/\/parosrentcar.com\/fr\/location-de-voiture-mini-van-7-places-a-paros\/","og_locale":"fr_FR","og_type":"article","og_title":"Location d'une voiture \/ d'un mini van 7 places \u00e0 Paros","og_description":"On dispose des voitures 7 places \/ mini van \u00e0 louer \u00e0 Paros, aussi bien que la meilleure qualit\u00e9 de service et les meilleurs prix.","og_url":"https:\/\/parosrentcar.com\/fr\/location-de-voiture-mini-van-7-places-a-paros\/","og_site_name":"Location de voitures \u00e0 Paros Gr\u00e8ce - ParosEuropeanRent","article_publisher":"https:\/\/www.facebook.com\/paroscarrental","article_published_time":"2023-11-07T07:46:39+00:00","article_modified_time":"2023-11-07T07:51:32+00:00","og_image":[{"width":1000,"height":400,"url":"https:\/\/parosrentcar.com\/fr\/wp-content\/uploads\/2023\/11\/fiat-doblo-1000-400.jpg","type":"image\/jpeg"}],"author":"admin","twitter_misc":{"\u00c9crit par":"admin","Dur\u00e9e de lecture estim\u00e9e":"2 minutes"},"schema":{"@context":"https:\/\/schema.org","@graph":[{"@type":"Article","@id":"https:\/\/parosrentcar.com\/fr\/location-de-voiture-mini-van-7-places-a-paros\/#article","isPartOf":{"@id":"https:\/\/parosrentcar.com\/fr\/location-de-voiture-mini-van-7-places-a-paros\/"},"author":{"name":"admin","@id":"https:\/\/parosrentcar.com\/fr\/#\/schema\/person\/d743451aad44d2f5e7839544ed91721e"},"headline":"Location de voiture \/ mini van 7 places \u00e0 Paros","datePublished":"2023-11-07T07:46:39+00:00","dateModified":"2023-11-07T07:51:32+00:00","mainEntityOfPage":{"@id":"https:\/\/parosrentcar.com\/fr\/location-de-voiture-mini-van-7-places-a-paros\/"},"wordCount":306,"commentCount":0,"image":{"@id":"https:\/\/parosrentcar.com\/fr\/location-de-voiture-mini-van-7-places-a-paros\/#primaryimage"},"thumbnailUrl":"https:\/\/parosrentcar.com\/fr\/wp-content\/uploads\/2023\/11\/fiat-doblo-1000-400.jpg","keywords":["Fiat Doblo 7 places \u00e0 Paros","location de mini van \u00e0 Paros","location de voiture 7 places \u00e0 Paros","locations de mini van \u00e0 Paros","locations de voitures 7 places \u00e0 Paros","locations de voitures avec grand espace de rangement","Peugeot Rifter 7 places \u00e0 Paros","vacances en famille \u00e0 Paros"],"articleSection":["Fiat Doblo 7 places \u00e0 Paros","location de mini van \u00e0 Paros","location de voiture 7 places \u00e0 Paros","locations de mini van \u00e0 Paros","locations de voitures 7 places \u00e0 Paros","locations de voitures avec grand espace de rangement","Peugeot Rifter 7 places \u00e0 Paros","Uncategorized","vacances en famille \u00e0 Paros"],"inLanguage":"fr-FR","potentialAction":[{"@type":"CommentAction","name":"Comment","target":["https:\/\/parosrentcar.com\/fr\/location-de-voiture-mini-van-7-places-a-paros\/#respond"]}]},{"@type":"WebPage","@id":"https:\/\/parosrentcar.com\/fr\/location-de-voiture-mini-van-7-places-a-paros\/","url":"https:\/\/parosrentcar.com\/fr\/location-de-voiture-mini-van-7-places-a-paros\/","name":"Location d'une voiture \/ d'un mini van 7 places \u00e0 Paros","isPartOf":{"@id":"https:\/\/parosrentcar.com\/fr\/#website"},"primaryImageOfPage":{"@id":"https:\/\/parosrentcar.com\/fr\/location-de-voiture-mini-van-7-places-a-paros\/#primaryimage"},"image":{"@id":"https:\/\/parosrentcar.com\/fr\/location-de-voiture-mini-van-7-places-a-paros\/#primaryimage"},"thumbnailUrl":"https:\/\/parosrentcar.com\/fr\/wp-content\/uploads\/2023\/11\/fiat-doblo-1000-400.jpg","datePublished":"2023-11-07T07:46:39+00:00","dateModified":"2023-11-07T07:51:32+00:00","author":{"@id":"https:\/\/parosrentcar.com\/fr\/#\/schema\/person\/d743451aad44d2f5e7839544ed91721e"},"description":"On dispose des voitures 7 places \/ mini van \u00e0 louer \u00e0 Paros, aussi bien que la meilleure qualit\u00e9 de service et les meilleurs prix.","breadcrumb":{"@id":"https:\/\/parosrentcar.com\/fr\/location-de-voiture-mini-van-7-places-a-paros\/#breadcrumb"},"inLanguage":"fr-FR","potentialAction":[{"@type":"ReadAction","target":["https:\/\/parosrentcar.com\/fr\/location-de-voiture-mini-van-7-places-a-paros\/"]}]},{"@type":"ImageObject","inLanguage":"fr-FR","@id":"https:\/\/parosrentcar.com\/fr\/location-de-voiture-mini-van-7-places-a-paros\/#primaryimage","url":"https:\/\/parosrentcar.com\/fr\/wp-content\/uploads\/2023\/11\/fiat-doblo-1000-400.jpg","contentUrl":"https:\/\/parosrentcar.com\/fr\/wp-content\/uploads\/2023\/11\/fiat-doblo-1000-400.jpg","width":1000,"height":400,"caption":"Location de voiture \/ mini van 7 places \u00e0 Paros"},{"@type":"BreadcrumbList","@id":"https:\/\/parosrentcar.com\/fr\/location-de-voiture-mini-van-7-places-a-paros\/#breadcrumb","itemListElement":[{"@type":"ListItem","position":1,"name":"Home","item":"https:\/\/parosrentcar.com\/fr\/"},{"@type":"ListItem","position":2,"name":"Location de voiture \/ mini van 7 places \u00e0 Paros"}]},{"@type":"WebSite","@id":"https:\/\/parosrentcar.com\/fr\/#website","url":"https:\/\/parosrentcar.com\/fr\/","name":"Location de voitures \u00e0 Paros Gr\u00e8ce - ParosEuropeanRent","description":"Location de voiture, buggy, quad, atv, scooter, moto et v\u00e9lo \u00e0 Paros","potentialAction":[{"@type":"SearchAction","target":{"@type":"EntryPoint","urlTemplate":"https:\/\/parosrentcar.com\/fr\/?s={search_term_string}"},"query-input":{"@type":"PropertyValueSpecification","valueRequired":true,"valueName":"search_term_string"}}],"inLanguage":"fr-FR"},{"@type":"Person","@id":"https:\/\/parosrentcar.com\/fr\/#\/schema\/person\/d743451aad44d2f5e7839544ed91721e","name":"admin","image":{"@type":"ImageObject","inLanguage":"fr-FR","@id":"https:\/\/parosrentcar.com\/fr\/#\/schema\/person\/image\/","url":"https:\/\/secure.gravatar.com\/avatar\/e8373ef91d847108770c709f685a900c4549230f96552692edf55206b4e6cdac?s=96&d=mm&r=g","contentUrl":"https:\/\/secure.gravatar.com\/avatar\/e8373ef91d847108770c709f685a900c4549230f96552692edf55206b4e6cdac?s=96&d=mm&r=g","caption":"admin"},"url":"https:\/\/parosrentcar.com\/fr\/author\/admin\/"}]}},"_links":{"self":[{"href":"https:\/\/parosrentcar.com\/fr\/wp-json\/wp\/v2\/posts\/38688","targetHints":{"allow":["GET"]}}],"collection":[{"href":"https:\/\/parosrentcar.com\/fr\/wp-json\/wp\/v2\/posts"}],"about":[{"href":"https:\/\/parosrentcar.com\/fr\/wp-json\/wp\/v2\/types\/post"}],"author":[{"embeddable":true,"href":"https:\/\/parosrentcar.com\/fr\/wp-json\/wp\/v2\/users\/1"}],"replies":[{"embeddable":true,"href":"https:\/\/parosrentcar.com\/fr\/wp-json\/wp\/v2\/comments?post=38688"}],"version-history":[{"count":4,"href":"https:\/\/parosrentcar.com\/fr\/wp-json\/wp\/v2\/posts\/38688\/revisions"}],"predecessor-version":[{"id":38694,"href":"https:\/\/parosrentcar.com\/fr\/wp-json\/wp\/v2\/posts\/38688\/revisions\/38694"}],"wp:featuredmedia":[{"embeddable":true,"href":"https:\/\/parosrentcar.com\/fr\/wp-json\/wp\/v2\/media\/38690"}],"wp:attachment":[{"href":"https:\/\/parosrentcar.com\/fr\/wp-json\/wp\/v2\/media?parent=38688"}],"wp:term":[{"taxonomy":"category","embeddable":true,"href":"https:\/\/parosrentcar.com\/fr\/wp-json\/wp\/v2\/categories?post=38688"},{"taxonomy":"post_tag","embeddable":true,"href":"https:\/\/parosrentcar.com\/fr\/wp-json\/wp\/v2\/tags?post=38688"}],"curies":[{"name":"wp","href":"https:\/\/api.w.org\/{rel}","templated":true}]}}