{"id":38391,"date":"2023-07-06T07:13:43","date_gmt":"2023-07-06T07:13:43","guid":{"rendered":"https:\/\/parosrentcar.com\/fr\/?p=38391"},"modified":"2023-07-06T08:19:06","modified_gmt":"2023-07-06T08:19:06","slug":"location-de-voitures-suv-jeep-a-paros","status":"publish","type":"post","link":"https:\/\/parosrentcar.com\/fr\/location-de-voitures-suv-jeep-a-paros\/","title":{"rendered":"Location de voitures SUV \/ Jeep \u00e0 Paros"},"content":{"rendered":"<p>&nbsp;<br \/>\n<strong>Une escapade pour les conducteurs aventureux avec un SUV \/ Jeep \u00e0 Paros !<\/strong><\/p>\n<p>Montagne ou\u00a0 mer ? D\u00e9couvrez Paros avec un SUV \/ Jeep excitant et trouvez toute beaut\u00e9 cach\u00e9e avec la fiabilit\u00e9 et les meilleurs prix du march\u00e9 que ParosEuropean Rent vous offre toujours dans les locations de voitures \u00e0 Paros ! Si vous \u00eates un amateur d&rsquo;aventure et que vous aimez explorer des zones \u00e9loign\u00e9es et inaccessibles, nous vous sugg\u00e9rons de choisir un SUV \/ Jeep de location. Les SUV \/ Jeep sont id\u00e9aux pour des circuits touristiques et offrent une puissance et un contr\u00f4le suppl\u00e9mentaires dans toutes les conditions de conduite.<\/p>\n<p>Le SUV\/la Jeep constitue \u00a0la cat\u00e9gorie de voitures qui offre presque tout. Les voitures de cette cat\u00e9gorie sont sur\u00e9lev\u00e9es, ce qui permet aux passagers d&rsquo;y acc\u00e9der plus facilement, d&rsquo;avoir une meilleure visibilit\u00e9 et un espace consid\u00e9rable pour les bagages.<\/p>\n<p>Sur une \u00eele comme Paros o\u00f9 l&rsquo;on peut go\u00fbter \u00e0 l&rsquo;action et aux paysages uniques d&rsquo;un terrain accident\u00e9, la location d&rsquo;une voiture SUV\/Jeep semble id\u00e9ale. L&rsquo;acc\u00e8s aux plages isol\u00e9es et aux collines avec des chemins de terre est facilit\u00e9 gr\u00e2ce \u00e0 la location d&rsquo;une voiture SUV \/ Jeep.<\/p>\n<p>La soci\u00e9t\u00e9 ParosEuropean Rent dispose de SUV \/ Jeep neufs et de tous types (manuels, automatiques). Vous pouvez choisir dans la cat\u00e9gorie S le SUV \/ Jeep que vous d\u00e9sirez, BMW X1, Citro\u00ebn C3 aircross, Mini Countryman &amp; Suzuki Vitara et profiter de vos transports \u00e0 Paros.<\/p>\n","protected":false},"excerpt":{"rendered":"<p>Large gamme de nouvelles voitures SUV \/ Jeep \u00e0 louer \u00e0 Paros aux meilleurs prix du march\u00e9.<\/p>\n","protected":false},"author":1,"featured_media":38395,"comment_status":"open","ping_status":"open","sticky":false,"template":"","format":"standard","meta":{"footnotes":""},"categories":[299,296,294,297,295,300,298],"tags":[306,303,301,304,302,307,305],"class_list":["post-38391","post","type-post","status-publish","format-standard","has-post-thumbnail","hentry","category-jeep-a-paros","category-location-de-jeep-a-paros","category-location-de-voiture-suv-a-paros","category-locations-de-jeep-a-paros","category-locations-de-voitures-suv-a-paros","category-suv-a-paros","category-voitures-suv-a-paros","tag-jeep-a-paros","tag-location-de-jeep-a-paros","tag-location-de-voiture-suv-a-paros","tag-locations-de-jeep-a-paros","tag-locations-de-voitures-suv-a-paros","tag-suv-a-paros","tag-voitures-suv-a-paros"],"yoast_head":"<!-- This site is optimized with the Yoast SEO plugin v27.1.1 - https:\/\/yoast.com\/product\/yoast-seo-wordpress\/ -->\n<title>Location de voitures SUV \/ Jeep \u00e0 Paros<\/title>\n<meta name=\"description\" content=\"Large gamme de nouvelles voitures SUV \/ Jeep \u00e0 louer \u00e0 Paros aux meilleurs prix du march\u00e9.\" \/>\n<meta name=\"robots\" content=\"index, follow, max-snippet:-1, max-image-preview:large, max-video-preview:-1\" \/>\n<link rel=\"canonical\" href=\"https:\/\/parosrentcar.com\/fr\/location-de-voitures-suv-jeep-a-paros\/\" \/>\n<meta property=\"og:locale\" content=\"fr_FR\" \/>\n<meta property=\"og:type\" content=\"article\" \/>\n<meta property=\"og:title\" content=\"Location de voitures SUV \/ Jeep \u00e0 Paros\" \/>\n<meta property=\"og:description\" content=\"Large gamme de nouvelles voitures SUV \/ Jeep \u00e0 louer \u00e0 Paros aux meilleurs prix du march\u00e9.\" \/>\n<meta property=\"og:url\" content=\"https:\/\/parosrentcar.com\/fr\/location-de-voitures-suv-jeep-a-paros\/\" \/>\n<meta property=\"og:site_name\" content=\"Location de voitures \u00e0 Paros Gr\u00e8ce - ParosEuropeanRent\" \/>\n<meta property=\"article:publisher\" content=\"https:\/\/www.facebook.com\/paroscarrental\" \/>\n<meta property=\"article:published_time\" content=\"2023-07-06T07:13:43+00:00\" \/>\n<meta property=\"article:modified_time\" content=\"2023-07-06T08:19:06+00:00\" \/>\n<meta property=\"og:image\" content=\"https:\/\/parosrentcar.com\/fr\/wp-content\/uploads\/2023\/07\/bmw-x1-1000-400.jpg\" \/>\n\t<meta property=\"og:image:width\" content=\"1000\" \/>\n\t<meta property=\"og:image:height\" content=\"400\" \/>\n\t<meta property=\"og:image:type\" content=\"image\/jpeg\" \/>\n<meta name=\"author\" content=\"admin\" \/>\n<meta name=\"twitter:label1\" content=\"\u00c9crit par\" \/>\n\t<meta name=\"twitter:data1\" content=\"admin\" \/>\n\t<meta name=\"twitter:label2\" content=\"Dur\u00e9e de lecture estim\u00e9e\" \/>\n\t<meta name=\"twitter:data2\" content=\"2 minutes\" \/>\n<script type=\"application\/ld+json\" class=\"yoast-schema-graph\">{\"@context\":\"https:\/\/schema.org\",\"@graph\":[{\"@type\":\"Article\",\"@id\":\"https:\/\/parosrentcar.com\/fr\/location-de-voitures-suv-jeep-a-paros\/#article\",\"isPartOf\":{\"@id\":\"https:\/\/parosrentcar.com\/fr\/location-de-voitures-suv-jeep-a-paros\/\"},\"author\":{\"name\":\"admin\",\"@id\":\"https:\/\/parosrentcar.com\/fr\/#\/schema\/person\/d743451aad44d2f5e7839544ed91721e\"},\"headline\":\"Location de voitures SUV \/ Jeep \u00e0 Paros\",\"datePublished\":\"2023-07-06T07:13:43+00:00\",\"dateModified\":\"2023-07-06T08:19:06+00:00\",\"mainEntityOfPage\":{\"@id\":\"https:\/\/parosrentcar.com\/fr\/location-de-voitures-suv-jeep-a-paros\/\"},\"wordCount\":255,\"commentCount\":0,\"image\":{\"@id\":\"https:\/\/parosrentcar.com\/fr\/location-de-voitures-suv-jeep-a-paros\/#primaryimage\"},\"thumbnailUrl\":\"https:\/\/parosrentcar.com\/fr\/wp-content\/uploads\/2023\/07\/bmw-x1-1000-400.jpg\",\"keywords\":[\"Jeep \u00e0 Paros\",\"location de Jeep \u00e0 Paros\",\"location de voiture SUV \u00e0 Paros\",\"locations de Jeep \u00e0 Paros\",\"locations de voitures SUV \u00e0 Paros\",\"SUV \u00e0 Paros\",\"voitures SUV \u00e0 Paros\"],\"articleSection\":[\"Jeep \u00e0 Paros\",\"location de Jeep \u00e0 Paros\",\"location de voiture SUV \u00e0 Paros\",\"locations de Jeep \u00e0 Paros\",\"locations de voitures SUV \u00e0 Paros\",\"SUV \u00e0 Paros\",\"voitures SUV \u00e0 Paros\"],\"inLanguage\":\"fr-FR\",\"potentialAction\":[{\"@type\":\"CommentAction\",\"name\":\"Comment\",\"target\":[\"https:\/\/parosrentcar.com\/fr\/location-de-voitures-suv-jeep-a-paros\/#respond\"]}]},{\"@type\":\"WebPage\",\"@id\":\"https:\/\/parosrentcar.com\/fr\/location-de-voitures-suv-jeep-a-paros\/\",\"url\":\"https:\/\/parosrentcar.com\/fr\/location-de-voitures-suv-jeep-a-paros\/\",\"name\":\"Location de voitures SUV \/ Jeep \u00e0 Paros\",\"isPartOf\":{\"@id\":\"https:\/\/parosrentcar.com\/fr\/#website\"},\"primaryImageOfPage\":{\"@id\":\"https:\/\/parosrentcar.com\/fr\/location-de-voitures-suv-jeep-a-paros\/#primaryimage\"},\"image\":{\"@id\":\"https:\/\/parosrentcar.com\/fr\/location-de-voitures-suv-jeep-a-paros\/#primaryimage\"},\"thumbnailUrl\":\"https:\/\/parosrentcar.com\/fr\/wp-content\/uploads\/2023\/07\/bmw-x1-1000-400.jpg\",\"datePublished\":\"2023-07-06T07:13:43+00:00\",\"dateModified\":\"2023-07-06T08:19:06+00:00\",\"author\":{\"@id\":\"https:\/\/parosrentcar.com\/fr\/#\/schema\/person\/d743451aad44d2f5e7839544ed91721e\"},\"description\":\"Large gamme de nouvelles voitures SUV \/ Jeep \u00e0 louer \u00e0 Paros aux meilleurs prix du march\u00e9.\",\"breadcrumb\":{\"@id\":\"https:\/\/parosrentcar.com\/fr\/location-de-voitures-suv-jeep-a-paros\/#breadcrumb\"},\"inLanguage\":\"fr-FR\",\"potentialAction\":[{\"@type\":\"ReadAction\",\"target\":[\"https:\/\/parosrentcar.com\/fr\/location-de-voitures-suv-jeep-a-paros\/\"]}]},{\"@type\":\"ImageObject\",\"inLanguage\":\"fr-FR\",\"@id\":\"https:\/\/parosrentcar.com\/fr\/location-de-voitures-suv-jeep-a-paros\/#primaryimage\",\"url\":\"https:\/\/parosrentcar.com\/fr\/wp-content\/uploads\/2023\/07\/bmw-x1-1000-400.jpg\",\"contentUrl\":\"https:\/\/parosrentcar.com\/fr\/wp-content\/uploads\/2023\/07\/bmw-x1-1000-400.jpg\",\"width\":1000,\"height\":400,\"caption\":\"Location de voitures SUV \/ Jeep \u00e0 Paros\"},{\"@type\":\"BreadcrumbList\",\"@id\":\"https:\/\/parosrentcar.com\/fr\/location-de-voitures-suv-jeep-a-paros\/#breadcrumb\",\"itemListElement\":[{\"@type\":\"ListItem\",\"position\":1,\"name\":\"Home\",\"item\":\"https:\/\/parosrentcar.com\/fr\/\"},{\"@type\":\"ListItem\",\"position\":2,\"name\":\"Location de voitures SUV \/ Jeep \u00e0 Paros\"}]},{\"@type\":\"WebSite\",\"@id\":\"https:\/\/parosrentcar.com\/fr\/#website\",\"url\":\"https:\/\/parosrentcar.com\/fr\/\",\"name\":\"Location de voitures \u00e0 Paros Gr\u00e8ce - ParosEuropeanRent\",\"description\":\"Location de voiture, buggy, quad, atv, scooter, moto et v\u00e9lo \u00e0 Paros\",\"potentialAction\":[{\"@type\":\"SearchAction\",\"target\":{\"@type\":\"EntryPoint\",\"urlTemplate\":\"https:\/\/parosrentcar.com\/fr\/?s={search_term_string}\"},\"query-input\":{\"@type\":\"PropertyValueSpecification\",\"valueRequired\":true,\"valueName\":\"search_term_string\"}}],\"inLanguage\":\"fr-FR\"},{\"@type\":\"Person\",\"@id\":\"https:\/\/parosrentcar.com\/fr\/#\/schema\/person\/d743451aad44d2f5e7839544ed91721e\",\"name\":\"admin\",\"image\":{\"@type\":\"ImageObject\",\"inLanguage\":\"fr-FR\",\"@id\":\"https:\/\/parosrentcar.com\/fr\/#\/schema\/person\/image\/\",\"url\":\"https:\/\/secure.gravatar.com\/avatar\/e8373ef91d847108770c709f685a900c4549230f96552692edf55206b4e6cdac?s=96&d=mm&r=g\",\"contentUrl\":\"https:\/\/secure.gravatar.com\/avatar\/e8373ef91d847108770c709f685a900c4549230f96552692edf55206b4e6cdac?s=96&d=mm&r=g\",\"caption\":\"admin\"},\"url\":\"https:\/\/parosrentcar.com\/fr\/author\/admin\/\"}]}<\/script>\n<!-- \/ Yoast SEO plugin. -->","yoast_head_json":{"title":"Location de voitures SUV \/ Jeep \u00e0 Paros","description":"Large gamme de nouvelles voitures SUV \/ Jeep \u00e0 louer \u00e0 Paros aux meilleurs prix du march\u00e9.","robots":{"index":"index","follow":"follow","max-snippet":"max-snippet:-1","max-image-preview":"max-image-preview:large","max-video-preview":"max-video-preview:-1"},"canonical":"https:\/\/parosrentcar.com\/fr\/location-de-voitures-suv-jeep-a-paros\/","og_locale":"fr_FR","og_type":"article","og_title":"Location de voitures SUV \/ Jeep \u00e0 Paros","og_description":"Large gamme de nouvelles voitures SUV \/ Jeep \u00e0 louer \u00e0 Paros aux meilleurs prix du march\u00e9.","og_url":"https:\/\/parosrentcar.com\/fr\/location-de-voitures-suv-jeep-a-paros\/","og_site_name":"Location de voitures \u00e0 Paros Gr\u00e8ce - ParosEuropeanRent","article_publisher":"https:\/\/www.facebook.com\/paroscarrental","article_published_time":"2023-07-06T07:13:43+00:00","article_modified_time":"2023-07-06T08:19:06+00:00","og_image":[{"width":1000,"height":400,"url":"https:\/\/parosrentcar.com\/fr\/wp-content\/uploads\/2023\/07\/bmw-x1-1000-400.jpg","type":"image\/jpeg"}],"author":"admin","twitter_misc":{"\u00c9crit par":"admin","Dur\u00e9e de lecture estim\u00e9e":"2 minutes"},"schema":{"@context":"https:\/\/schema.org","@graph":[{"@type":"Article","@id":"https:\/\/parosrentcar.com\/fr\/location-de-voitures-suv-jeep-a-paros\/#article","isPartOf":{"@id":"https:\/\/parosrentcar.com\/fr\/location-de-voitures-suv-jeep-a-paros\/"},"author":{"name":"admin","@id":"https:\/\/parosrentcar.com\/fr\/#\/schema\/person\/d743451aad44d2f5e7839544ed91721e"},"headline":"Location de voitures SUV \/ Jeep \u00e0 Paros","datePublished":"2023-07-06T07:13:43+00:00","dateModified":"2023-07-06T08:19:06+00:00","mainEntityOfPage":{"@id":"https:\/\/parosrentcar.com\/fr\/location-de-voitures-suv-jeep-a-paros\/"},"wordCount":255,"commentCount":0,"image":{"@id":"https:\/\/parosrentcar.com\/fr\/location-de-voitures-suv-jeep-a-paros\/#primaryimage"},"thumbnailUrl":"https:\/\/parosrentcar.com\/fr\/wp-content\/uploads\/2023\/07\/bmw-x1-1000-400.jpg","keywords":["Jeep \u00e0 Paros","location de Jeep \u00e0 Paros","location de voiture SUV \u00e0 Paros","locations de Jeep \u00e0 Paros","locations de voitures SUV \u00e0 Paros","SUV \u00e0 Paros","voitures SUV \u00e0 Paros"],"articleSection":["Jeep \u00e0 Paros","location de Jeep \u00e0 Paros","location de voiture SUV \u00e0 Paros","locations de Jeep \u00e0 Paros","locations de voitures SUV \u00e0 Paros","SUV \u00e0 Paros","voitures SUV \u00e0 Paros"],"inLanguage":"fr-FR","potentialAction":[{"@type":"CommentAction","name":"Comment","target":["https:\/\/parosrentcar.com\/fr\/location-de-voitures-suv-jeep-a-paros\/#respond"]}]},{"@type":"WebPage","@id":"https:\/\/parosrentcar.com\/fr\/location-de-voitures-suv-jeep-a-paros\/","url":"https:\/\/parosrentcar.com\/fr\/location-de-voitures-suv-jeep-a-paros\/","name":"Location de voitures SUV \/ Jeep \u00e0 Paros","isPartOf":{"@id":"https:\/\/parosrentcar.com\/fr\/#website"},"primaryImageOfPage":{"@id":"https:\/\/parosrentcar.com\/fr\/location-de-voitures-suv-jeep-a-paros\/#primaryimage"},"image":{"@id":"https:\/\/parosrentcar.com\/fr\/location-de-voitures-suv-jeep-a-paros\/#primaryimage"},"thumbnailUrl":"https:\/\/parosrentcar.com\/fr\/wp-content\/uploads\/2023\/07\/bmw-x1-1000-400.jpg","datePublished":"2023-07-06T07:13:43+00:00","dateModified":"2023-07-06T08:19:06+00:00","author":{"@id":"https:\/\/parosrentcar.com\/fr\/#\/schema\/person\/d743451aad44d2f5e7839544ed91721e"},"description":"Large gamme de nouvelles voitures SUV \/ Jeep \u00e0 louer \u00e0 Paros aux meilleurs prix du march\u00e9.","breadcrumb":{"@id":"https:\/\/parosrentcar.com\/fr\/location-de-voitures-suv-jeep-a-paros\/#breadcrumb"},"inLanguage":"fr-FR","potentialAction":[{"@type":"ReadAction","target":["https:\/\/parosrentcar.com\/fr\/location-de-voitures-suv-jeep-a-paros\/"]}]},{"@type":"ImageObject","inLanguage":"fr-FR","@id":"https:\/\/parosrentcar.com\/fr\/location-de-voitures-suv-jeep-a-paros\/#primaryimage","url":"https:\/\/parosrentcar.com\/fr\/wp-content\/uploads\/2023\/07\/bmw-x1-1000-400.jpg","contentUrl":"https:\/\/parosrentcar.com\/fr\/wp-content\/uploads\/2023\/07\/bmw-x1-1000-400.jpg","width":1000,"height":400,"caption":"Location de voitures SUV \/ Jeep \u00e0 Paros"},{"@type":"BreadcrumbList","@id":"https:\/\/parosrentcar.com\/fr\/location-de-voitures-suv-jeep-a-paros\/#breadcrumb","itemListElement":[{"@type":"ListItem","position":1,"name":"Home","item":"https:\/\/parosrentcar.com\/fr\/"},{"@type":"ListItem","position":2,"name":"Location de voitures SUV \/ Jeep \u00e0 Paros"}]},{"@type":"WebSite","@id":"https:\/\/parosrentcar.com\/fr\/#website","url":"https:\/\/parosrentcar.com\/fr\/","name":"Location de voitures \u00e0 Paros Gr\u00e8ce - ParosEuropeanRent","description":"Location de voiture, buggy, quad, atv, scooter, moto et v\u00e9lo \u00e0 Paros","potentialAction":[{"@type":"SearchAction","target":{"@type":"EntryPoint","urlTemplate":"https:\/\/parosrentcar.com\/fr\/?s={search_term_string}"},"query-input":{"@type":"PropertyValueSpecification","valueRequired":true,"valueName":"search_term_string"}}],"inLanguage":"fr-FR"},{"@type":"Person","@id":"https:\/\/parosrentcar.com\/fr\/#\/schema\/person\/d743451aad44d2f5e7839544ed91721e","name":"admin","image":{"@type":"ImageObject","inLanguage":"fr-FR","@id":"https:\/\/parosrentcar.com\/fr\/#\/schema\/person\/image\/","url":"https:\/\/secure.gravatar.com\/avatar\/e8373ef91d847108770c709f685a900c4549230f96552692edf55206b4e6cdac?s=96&d=mm&r=g","contentUrl":"https:\/\/secure.gravatar.com\/avatar\/e8373ef91d847108770c709f685a900c4549230f96552692edf55206b4e6cdac?s=96&d=mm&r=g","caption":"admin"},"url":"https:\/\/parosrentcar.com\/fr\/author\/admin\/"}]}},"_links":{"self":[{"href":"https:\/\/parosrentcar.com\/fr\/wp-json\/wp\/v2\/posts\/38391","targetHints":{"allow":["GET"]}}],"collection":[{"href":"https:\/\/parosrentcar.com\/fr\/wp-json\/wp\/v2\/posts"}],"about":[{"href":"https:\/\/parosrentcar.com\/fr\/wp-json\/wp\/v2\/types\/post"}],"author":[{"embeddable":true,"href":"https:\/\/parosrentcar.com\/fr\/wp-json\/wp\/v2\/users\/1"}],"replies":[{"embeddable":true,"href":"https:\/\/parosrentcar.com\/fr\/wp-json\/wp\/v2\/comments?post=38391"}],"version-history":[{"count":2,"href":"https:\/\/parosrentcar.com\/fr\/wp-json\/wp\/v2\/posts\/38391\/revisions"}],"predecessor-version":[{"id":38393,"href":"https:\/\/parosrentcar.com\/fr\/wp-json\/wp\/v2\/posts\/38391\/revisions\/38393"}],"wp:featuredmedia":[{"embeddable":true,"href":"https:\/\/parosrentcar.com\/fr\/wp-json\/wp\/v2\/media\/38395"}],"wp:attachment":[{"href":"https:\/\/parosrentcar.com\/fr\/wp-json\/wp\/v2\/media?parent=38391"}],"wp:term":[{"taxonomy":"category","embeddable":true,"href":"https:\/\/parosrentcar.com\/fr\/wp-json\/wp\/v2\/categories?post=38391"},{"taxonomy":"post_tag","embeddable":true,"href":"https:\/\/parosrentcar.com\/fr\/wp-json\/wp\/v2\/tags?post=38391"}],"curies":[{"name":"wp","href":"https:\/\/api.w.org\/{rel}","templated":true}]}}