{"id":2804,"date":"2021-08-04T05:13:15","date_gmt":"2021-08-04T05:13:15","guid":{"rendered":"https:\/\/parosrentcar.com\/fr\/?p=2804"},"modified":"2021-08-04T05:41:17","modified_gmt":"2021-08-04T05:41:17","slug":"les-foires-a-paros","status":"publish","type":"post","link":"https:\/\/parosrentcar.com\/fr\/les-foires-a-paros\/","title":{"rendered":"Les Foires \u00e0 Paros"},"content":{"rendered":"<p>&nbsp;<br \/>\nTout au long de l\u2019ann\u00e9e, mais surtout pendant la p\u00e9riode estivale, le visiteur de Paros, a la chance d\u2019assister avec les habitants \u00e0 une des foires qui animent l\u2019ile.<\/p>\n<p>Vous trouverez toujours une bonne raison pour faire la f\u00eate dans un lieu qui rend hommage aux m\u0153urs et aux coutumes grecs. Des mets traditionnels, marins ou pas, sont au premier plan, qui, accompagn\u00e9s du vin local et de la musique, unissent et r\u00e9jouissent l\u2019\u00e2me des personnes pr\u00e9sentes.<\/p>\n<p>Combinez vos vacances avec les festivit\u00e9s locales qui ont lieu \u00e0 des villages maritimes ou montagnards diff\u00e9rents. Pour votre transport efficace, vous pouvez louer un v\u00e9hicule de notre soci\u00e9t\u00e9, ParosEuropean Rent parmi notre large gamme de voitures, buggy, quad\/atv, motos et scooters aux prix les plus avantageux du march\u00e9.<\/p>\n<p>Un calendrier des foires d\u2019\u00e9t\u00e9 les plus r\u00e9put\u00e9es est cit\u00e9 ci-dessous\u00a0:<\/p>\n<ul>\n<li><strong>23 Juin:<\/strong> Foire de Kleidonas\u00a0: On c\u00e9l\u00e8bre la mise en flammes des guirlandes du 1er Mai et par la suite les jeunes et les enfants sautent au-dessus du feu pour faire expulser les mauvais esprits, selon la tradition.<\/li>\n<li><strong>30 Juin:<\/strong> La veille de la f\u00eate a lieu la Foire du monast\u00e8re d\u2019 Agioi Anargyri, pr\u00e8s de Paroikia<\/li>\n<li><strong>2 Juillet:<\/strong> \u00c9v\u00e8nements culturels uniques et manifestations lors de la F\u00eate r\u00e9put\u00e9e du Poisson et du Vin \u00e0 Naoussa<\/li>\n<li><strong>16-17 Juillet :<\/strong> Foire d&rsquo;Agia Marina au village \u00ab\u00a0Kostos\u00a0\u00bb<\/li>\n<li><strong>17 Juillet:<\/strong> Renouveau de la \u00ab\u00a0Tsambouna\u00a0\u00bb (cornemuse) \u00e0 Naoussa<\/li>\n<li><strong>24 Juillet:<\/strong> Foire d&rsquo;Agia Anna \u00e0 Paroikia<\/li>\n<li><strong>6 Ao\u00fbt:<\/strong> Foire de Sotiros (Transfiguration du Sauveur) \u00e0\u00a0 Alyki et \u00e0 Marpissa<\/li>\n<li><strong>15 Ao\u00fbt:<\/strong> l\u2019 Assomption \u00e0 Paros est synonyme de Panagia (Vierge Marie) Des milliers de fid\u00e8les se rendent au p\u00e8lerinage pour participer avec d\u00e9votion \u00e0 la f\u00eate. Une messe de grande solennit\u00e9 est suivie d\u2019une procession d\u00e9file dans les rues de Paroikia. \u00a0Le soir, tous les bateaux qui se trouvent dans le port s&rsquo;illuminent et un spectacle splendide de nombreux feux d&rsquo;artifices \u00e9claire le ciel. Par la suite, des manifestations accompagn\u00e9es de musique et des danses traditionnelles ont lieu sur la plage de Paroikia.<\/li>\n<li><strong>23 Ao\u00fbt<\/strong>: La Foire des Pirates a lieu afin de repr\u00e9senter l&rsquo;invasion de Barbarossa \u00e0 Naoussa, en 1537. Les hommes de ce pirate fameux ont enlev\u00e9 les femmes des habitants, qui, \u00e0 leur tour, les ont combattus pour r\u00e9cup\u00e9rer leurs \u00e9pouses.<\/li>\n<li><strong>28-29 Ao\u00fbt<\/strong> : C\u2019est la F\u00eate de l&rsquo;Agios Ioannis Detis, du monast\u00e8re qui se trouve au Parc Environnemental et Culturel.\u00a0 La foire a \u00e9galement lieu au village Lefkes.<\/li>\n<\/ul>\n","protected":false},"excerpt":{"rendered":"<p>&nbsp; Tout au long de l\u2019ann\u00e9e, mais surtout pendant la p\u00e9riode estivale, le visiteur de Paros, a la chance d\u2019assister avec les habitants \u00e0 une des foires qui animent l\u2019ile. Vous trouverez toujours une bonne raison pour faire la f\u00eate dans un lieu qui rend hommage aux m\u0153urs et aux coutumes grecs. Des mets traditionnels, marins ou pas, sont au premier plan, qui, accompagn\u00e9s du vin local et de la musique, unissent et r\u00e9jouissent l\u2019\u00e2me des personnes pr\u00e9sentes. Combinez vos vacances avec les festivit\u00e9s locales qui ont lieu \u00e0 des villages maritimes ou montagnards diff\u00e9rents. Pour votre transport efficace, vous pouvez louer un v\u00e9hicule de notre soci\u00e9t\u00e9, ParosEuropean Rent parmi [&hellip;]<\/p>\n","protected":false},"author":1,"featured_media":2806,"comment_status":"open","ping_status":"open","sticky":false,"template":"","format":"standard","meta":{"footnotes":""},"categories":[245,244,246],"tags":[248,247,249],"class_list":["post-2804","post","type-post","status-publish","format-standard","has-post-thumbnail","hentry","category-fetes-a-paros","category-foires-a-paros","category-transports-a-paros","tag-fetes-a-paros","tag-foires-a-paros","tag-transports-a-paros"],"yoast_head":"<!-- This site is optimized with the Yoast SEO plugin v27.1.1 - https:\/\/yoast.com\/product\/yoast-seo-wordpress\/ -->\n<title>Les Foires \u00e0 Paros - ParosEuropean Rent \u00e0 Paros<\/title>\n<meta name=\"description\" content=\"Combinez vos vacances avec les foires traditionnelles de Paros, qui ont lieu dans tous les villages. Pour des transports confortables, \u00e9conomiques et s\u00e9curis\u00e9s, louez une voiture de ParosEuropean Rent\" \/>\n<meta name=\"robots\" content=\"index, follow, max-snippet:-1, max-image-preview:large, max-video-preview:-1\" \/>\n<link rel=\"canonical\" href=\"https:\/\/parosrentcar.com\/fr\/les-foires-a-paros\/\" \/>\n<meta property=\"og:locale\" content=\"fr_FR\" \/>\n<meta property=\"og:type\" content=\"article\" \/>\n<meta property=\"og:title\" content=\"Les Foires \u00e0 Paros - ParosEuropean Rent \u00e0 Paros\" \/>\n<meta property=\"og:description\" content=\"Combinez vos vacances avec les foires traditionnelles de Paros, qui ont lieu dans tous les villages. Pour des transports confortables, \u00e9conomiques et s\u00e9curis\u00e9s, louez une voiture de ParosEuropean Rent\" \/>\n<meta property=\"og:url\" content=\"https:\/\/parosrentcar.com\/fr\/les-foires-a-paros\/\" \/>\n<meta property=\"og:site_name\" content=\"Location de voitures \u00e0 Paros Gr\u00e8ce - ParosEuropeanRent\" \/>\n<meta property=\"article:publisher\" content=\"https:\/\/www.facebook.com\/paroscarrental\" \/>\n<meta property=\"article:published_time\" content=\"2021-08-04T05:13:15+00:00\" \/>\n<meta property=\"article:modified_time\" content=\"2021-08-04T05:41:17+00:00\" \/>\n<meta property=\"og:image\" content=\"https:\/\/parosrentcar.com\/fr\/wp-content\/uploads\/2021\/08\/panigiria-1000-400.jpg\" \/>\n\t<meta property=\"og:image:width\" content=\"1000\" \/>\n\t<meta property=\"og:image:height\" content=\"400\" \/>\n\t<meta property=\"og:image:type\" content=\"image\/jpeg\" \/>\n<meta name=\"author\" content=\"admin\" \/>\n<meta name=\"twitter:label1\" content=\"\u00c9crit par\" \/>\n\t<meta name=\"twitter:data1\" content=\"admin\" \/>\n\t<meta name=\"twitter:label2\" content=\"Dur\u00e9e de lecture estim\u00e9e\" \/>\n\t<meta name=\"twitter:data2\" content=\"2 minutes\" \/>\n<script type=\"application\/ld+json\" class=\"yoast-schema-graph\">{\"@context\":\"https:\/\/schema.org\",\"@graph\":[{\"@type\":\"Article\",\"@id\":\"https:\/\/parosrentcar.com\/fr\/les-foires-a-paros\/#article\",\"isPartOf\":{\"@id\":\"https:\/\/parosrentcar.com\/fr\/les-foires-a-paros\/\"},\"author\":{\"name\":\"admin\",\"@id\":\"https:\/\/parosrentcar.com\/fr\/#\/schema\/person\/d743451aad44d2f5e7839544ed91721e\"},\"headline\":\"Les Foires \u00e0 Paros\",\"datePublished\":\"2021-08-04T05:13:15+00:00\",\"dateModified\":\"2021-08-04T05:41:17+00:00\",\"mainEntityOfPage\":{\"@id\":\"https:\/\/parosrentcar.com\/fr\/les-foires-a-paros\/\"},\"wordCount\":431,\"commentCount\":0,\"image\":{\"@id\":\"https:\/\/parosrentcar.com\/fr\/les-foires-a-paros\/#primaryimage\"},\"thumbnailUrl\":\"https:\/\/parosrentcar.com\/fr\/wp-content\/uploads\/2021\/08\/panigiria-1000-400.jpg\",\"keywords\":[\"f\u00eates \u00e0 Paros\",\"foires \u00e0 Paros\",\"transports \u00e0 Paros\"],\"articleSection\":[\"f\u00eates \u00e0 Paros\",\"foires \u00e0 Paros\",\"transports \u00e0 Paros\"],\"inLanguage\":\"fr-FR\",\"potentialAction\":[{\"@type\":\"CommentAction\",\"name\":\"Comment\",\"target\":[\"https:\/\/parosrentcar.com\/fr\/les-foires-a-paros\/#respond\"]}]},{\"@type\":\"WebPage\",\"@id\":\"https:\/\/parosrentcar.com\/fr\/les-foires-a-paros\/\",\"url\":\"https:\/\/parosrentcar.com\/fr\/les-foires-a-paros\/\",\"name\":\"Les Foires \u00e0 Paros - ParosEuropean Rent \u00e0 Paros\",\"isPartOf\":{\"@id\":\"https:\/\/parosrentcar.com\/fr\/#website\"},\"primaryImageOfPage\":{\"@id\":\"https:\/\/parosrentcar.com\/fr\/les-foires-a-paros\/#primaryimage\"},\"image\":{\"@id\":\"https:\/\/parosrentcar.com\/fr\/les-foires-a-paros\/#primaryimage\"},\"thumbnailUrl\":\"https:\/\/parosrentcar.com\/fr\/wp-content\/uploads\/2021\/08\/panigiria-1000-400.jpg\",\"datePublished\":\"2021-08-04T05:13:15+00:00\",\"dateModified\":\"2021-08-04T05:41:17+00:00\",\"author\":{\"@id\":\"https:\/\/parosrentcar.com\/fr\/#\/schema\/person\/d743451aad44d2f5e7839544ed91721e\"},\"description\":\"Combinez vos vacances avec les foires traditionnelles de Paros, qui ont lieu dans tous les villages. Pour des transports confortables, \u00e9conomiques et s\u00e9curis\u00e9s, louez une voiture de ParosEuropean Rent\",\"breadcrumb\":{\"@id\":\"https:\/\/parosrentcar.com\/fr\/les-foires-a-paros\/#breadcrumb\"},\"inLanguage\":\"fr-FR\",\"potentialAction\":[{\"@type\":\"ReadAction\",\"target\":[\"https:\/\/parosrentcar.com\/fr\/les-foires-a-paros\/\"]}]},{\"@type\":\"ImageObject\",\"inLanguage\":\"fr-FR\",\"@id\":\"https:\/\/parosrentcar.com\/fr\/les-foires-a-paros\/#primaryimage\",\"url\":\"https:\/\/parosrentcar.com\/fr\/wp-content\/uploads\/2021\/08\/panigiria-1000-400.jpg\",\"contentUrl\":\"https:\/\/parosrentcar.com\/fr\/wp-content\/uploads\/2021\/08\/panigiria-1000-400.jpg\",\"width\":1000,\"height\":400,\"caption\":\"Les Foires \u00e0 Paros\"},{\"@type\":\"BreadcrumbList\",\"@id\":\"https:\/\/parosrentcar.com\/fr\/les-foires-a-paros\/#breadcrumb\",\"itemListElement\":[{\"@type\":\"ListItem\",\"position\":1,\"name\":\"Home\",\"item\":\"https:\/\/parosrentcar.com\/fr\/\"},{\"@type\":\"ListItem\",\"position\":2,\"name\":\"Les Foires \u00e0 Paros\"}]},{\"@type\":\"WebSite\",\"@id\":\"https:\/\/parosrentcar.com\/fr\/#website\",\"url\":\"https:\/\/parosrentcar.com\/fr\/\",\"name\":\"Location de voitures \u00e0 Paros Gr\u00e8ce - ParosEuropeanRent\",\"description\":\"Location de voiture, buggy, quad, atv, scooter, moto et v\u00e9lo \u00e0 Paros\",\"potentialAction\":[{\"@type\":\"SearchAction\",\"target\":{\"@type\":\"EntryPoint\",\"urlTemplate\":\"https:\/\/parosrentcar.com\/fr\/?s={search_term_string}\"},\"query-input\":{\"@type\":\"PropertyValueSpecification\",\"valueRequired\":true,\"valueName\":\"search_term_string\"}}],\"inLanguage\":\"fr-FR\"},{\"@type\":\"Person\",\"@id\":\"https:\/\/parosrentcar.com\/fr\/#\/schema\/person\/d743451aad44d2f5e7839544ed91721e\",\"name\":\"admin\",\"image\":{\"@type\":\"ImageObject\",\"inLanguage\":\"fr-FR\",\"@id\":\"https:\/\/parosrentcar.com\/fr\/#\/schema\/person\/image\/\",\"url\":\"https:\/\/secure.gravatar.com\/avatar\/e8373ef91d847108770c709f685a900c4549230f96552692edf55206b4e6cdac?s=96&d=mm&r=g\",\"contentUrl\":\"https:\/\/secure.gravatar.com\/avatar\/e8373ef91d847108770c709f685a900c4549230f96552692edf55206b4e6cdac?s=96&d=mm&r=g\",\"caption\":\"admin\"},\"url\":\"https:\/\/parosrentcar.com\/fr\/author\/admin\/\"}]}<\/script>\n<!-- \/ Yoast SEO plugin. -->","yoast_head_json":{"title":"Les Foires \u00e0 Paros - ParosEuropean Rent \u00e0 Paros","description":"Combinez vos vacances avec les foires traditionnelles de Paros, qui ont lieu dans tous les villages. Pour des transports confortables, \u00e9conomiques et s\u00e9curis\u00e9s, louez une voiture de ParosEuropean Rent","robots":{"index":"index","follow":"follow","max-snippet":"max-snippet:-1","max-image-preview":"max-image-preview:large","max-video-preview":"max-video-preview:-1"},"canonical":"https:\/\/parosrentcar.com\/fr\/les-foires-a-paros\/","og_locale":"fr_FR","og_type":"article","og_title":"Les Foires \u00e0 Paros - ParosEuropean Rent \u00e0 Paros","og_description":"Combinez vos vacances avec les foires traditionnelles de Paros, qui ont lieu dans tous les villages. Pour des transports confortables, \u00e9conomiques et s\u00e9curis\u00e9s, louez une voiture de ParosEuropean Rent","og_url":"https:\/\/parosrentcar.com\/fr\/les-foires-a-paros\/","og_site_name":"Location de voitures \u00e0 Paros Gr\u00e8ce - ParosEuropeanRent","article_publisher":"https:\/\/www.facebook.com\/paroscarrental","article_published_time":"2021-08-04T05:13:15+00:00","article_modified_time":"2021-08-04T05:41:17+00:00","og_image":[{"width":1000,"height":400,"url":"https:\/\/parosrentcar.com\/fr\/wp-content\/uploads\/2021\/08\/panigiria-1000-400.jpg","type":"image\/jpeg"}],"author":"admin","twitter_misc":{"\u00c9crit par":"admin","Dur\u00e9e de lecture estim\u00e9e":"2 minutes"},"schema":{"@context":"https:\/\/schema.org","@graph":[{"@type":"Article","@id":"https:\/\/parosrentcar.com\/fr\/les-foires-a-paros\/#article","isPartOf":{"@id":"https:\/\/parosrentcar.com\/fr\/les-foires-a-paros\/"},"author":{"name":"admin","@id":"https:\/\/parosrentcar.com\/fr\/#\/schema\/person\/d743451aad44d2f5e7839544ed91721e"},"headline":"Les Foires \u00e0 Paros","datePublished":"2021-08-04T05:13:15+00:00","dateModified":"2021-08-04T05:41:17+00:00","mainEntityOfPage":{"@id":"https:\/\/parosrentcar.com\/fr\/les-foires-a-paros\/"},"wordCount":431,"commentCount":0,"image":{"@id":"https:\/\/parosrentcar.com\/fr\/les-foires-a-paros\/#primaryimage"},"thumbnailUrl":"https:\/\/parosrentcar.com\/fr\/wp-content\/uploads\/2021\/08\/panigiria-1000-400.jpg","keywords":["f\u00eates \u00e0 Paros","foires \u00e0 Paros","transports \u00e0 Paros"],"articleSection":["f\u00eates \u00e0 Paros","foires \u00e0 Paros","transports \u00e0 Paros"],"inLanguage":"fr-FR","potentialAction":[{"@type":"CommentAction","name":"Comment","target":["https:\/\/parosrentcar.com\/fr\/les-foires-a-paros\/#respond"]}]},{"@type":"WebPage","@id":"https:\/\/parosrentcar.com\/fr\/les-foires-a-paros\/","url":"https:\/\/parosrentcar.com\/fr\/les-foires-a-paros\/","name":"Les Foires \u00e0 Paros - ParosEuropean Rent \u00e0 Paros","isPartOf":{"@id":"https:\/\/parosrentcar.com\/fr\/#website"},"primaryImageOfPage":{"@id":"https:\/\/parosrentcar.com\/fr\/les-foires-a-paros\/#primaryimage"},"image":{"@id":"https:\/\/parosrentcar.com\/fr\/les-foires-a-paros\/#primaryimage"},"thumbnailUrl":"https:\/\/parosrentcar.com\/fr\/wp-content\/uploads\/2021\/08\/panigiria-1000-400.jpg","datePublished":"2021-08-04T05:13:15+00:00","dateModified":"2021-08-04T05:41:17+00:00","author":{"@id":"https:\/\/parosrentcar.com\/fr\/#\/schema\/person\/d743451aad44d2f5e7839544ed91721e"},"description":"Combinez vos vacances avec les foires traditionnelles de Paros, qui ont lieu dans tous les villages. Pour des transports confortables, \u00e9conomiques et s\u00e9curis\u00e9s, louez une voiture de ParosEuropean Rent","breadcrumb":{"@id":"https:\/\/parosrentcar.com\/fr\/les-foires-a-paros\/#breadcrumb"},"inLanguage":"fr-FR","potentialAction":[{"@type":"ReadAction","target":["https:\/\/parosrentcar.com\/fr\/les-foires-a-paros\/"]}]},{"@type":"ImageObject","inLanguage":"fr-FR","@id":"https:\/\/parosrentcar.com\/fr\/les-foires-a-paros\/#primaryimage","url":"https:\/\/parosrentcar.com\/fr\/wp-content\/uploads\/2021\/08\/panigiria-1000-400.jpg","contentUrl":"https:\/\/parosrentcar.com\/fr\/wp-content\/uploads\/2021\/08\/panigiria-1000-400.jpg","width":1000,"height":400,"caption":"Les Foires \u00e0 Paros"},{"@type":"BreadcrumbList","@id":"https:\/\/parosrentcar.com\/fr\/les-foires-a-paros\/#breadcrumb","itemListElement":[{"@type":"ListItem","position":1,"name":"Home","item":"https:\/\/parosrentcar.com\/fr\/"},{"@type":"ListItem","position":2,"name":"Les Foires \u00e0 Paros"}]},{"@type":"WebSite","@id":"https:\/\/parosrentcar.com\/fr\/#website","url":"https:\/\/parosrentcar.com\/fr\/","name":"Location de voitures \u00e0 Paros Gr\u00e8ce - ParosEuropeanRent","description":"Location de voiture, buggy, quad, atv, scooter, moto et v\u00e9lo \u00e0 Paros","potentialAction":[{"@type":"SearchAction","target":{"@type":"EntryPoint","urlTemplate":"https:\/\/parosrentcar.com\/fr\/?s={search_term_string}"},"query-input":{"@type":"PropertyValueSpecification","valueRequired":true,"valueName":"search_term_string"}}],"inLanguage":"fr-FR"},{"@type":"Person","@id":"https:\/\/parosrentcar.com\/fr\/#\/schema\/person\/d743451aad44d2f5e7839544ed91721e","name":"admin","image":{"@type":"ImageObject","inLanguage":"fr-FR","@id":"https:\/\/parosrentcar.com\/fr\/#\/schema\/person\/image\/","url":"https:\/\/secure.gravatar.com\/avatar\/e8373ef91d847108770c709f685a900c4549230f96552692edf55206b4e6cdac?s=96&d=mm&r=g","contentUrl":"https:\/\/secure.gravatar.com\/avatar\/e8373ef91d847108770c709f685a900c4549230f96552692edf55206b4e6cdac?s=96&d=mm&r=g","caption":"admin"},"url":"https:\/\/parosrentcar.com\/fr\/author\/admin\/"}]}},"_links":{"self":[{"href":"https:\/\/parosrentcar.com\/fr\/wp-json\/wp\/v2\/posts\/2804","targetHints":{"allow":["GET"]}}],"collection":[{"href":"https:\/\/parosrentcar.com\/fr\/wp-json\/wp\/v2\/posts"}],"about":[{"href":"https:\/\/parosrentcar.com\/fr\/wp-json\/wp\/v2\/types\/post"}],"author":[{"embeddable":true,"href":"https:\/\/parosrentcar.com\/fr\/wp-json\/wp\/v2\/users\/1"}],"replies":[{"embeddable":true,"href":"https:\/\/parosrentcar.com\/fr\/wp-json\/wp\/v2\/comments?post=2804"}],"version-history":[{"count":1,"href":"https:\/\/parosrentcar.com\/fr\/wp-json\/wp\/v2\/posts\/2804\/revisions"}],"predecessor-version":[{"id":2805,"href":"https:\/\/parosrentcar.com\/fr\/wp-json\/wp\/v2\/posts\/2804\/revisions\/2805"}],"wp:featuredmedia":[{"embeddable":true,"href":"https:\/\/parosrentcar.com\/fr\/wp-json\/wp\/v2\/media\/2806"}],"wp:attachment":[{"href":"https:\/\/parosrentcar.com\/fr\/wp-json\/wp\/v2\/media?parent=2804"}],"wp:term":[{"taxonomy":"category","embeddable":true,"href":"https:\/\/parosrentcar.com\/fr\/wp-json\/wp\/v2\/categories?post=2804"},{"taxonomy":"post_tag","embeddable":true,"href":"https:\/\/parosrentcar.com\/fr\/wp-json\/wp\/v2\/tags?post=2804"}],"curies":[{"name":"wp","href":"https:\/\/api.w.org\/{rel}","templated":true}]}}