{"id":2797,"date":"2021-06-05T04:25:35","date_gmt":"2021-06-05T04:25:35","guid":{"rendered":"https:\/\/parosrentcar.com\/fr\/?p=2797"},"modified":"2021-06-05T04:25:54","modified_gmt":"2021-06-05T04:25:54","slug":"location-de-buggy-quad-atv-a-equipement-complet","status":"publish","type":"post","link":"https:\/\/parosrentcar.com\/fr\/location-de-buggy-quad-atv-a-equipement-complet\/","title":{"rendered":"Location de Buggy, Quad\/Atv \u00e0 \u00e9quipement complet"},"content":{"rendered":"<p>&nbsp;<br \/>\nR\u00e9jouissez du soleil, de la mer et de la brise d\u2019\u00e9t\u00e9 de notre ile tout en conduisant un buggy ou quad confortable, s\u00fbr et \u00e9conomique de notre soci\u00e9t\u00e9 ParosEuropean Rent. On dispose d\u2019une large gamme de Quad \/ Atv &amp; Buggy qui peut couvrir tous vos besoins.<\/p>\n<p><strong><u>Quad \/ Atv &amp; Buggy de location<\/u><\/strong><\/p>\n<ul>\n<li>Quad MXU 80cc<\/li>\n<li>Quad MXU 170cc<\/li>\n<li>Quad MXU-R 310cc<\/li>\n<li>Quad MXU 450cc 4&#215;4<\/li>\n<li>Buggy 570cc Automatique<\/li>\n<li>Buggy 800cc Automatique<\/li>\n<\/ul>\n<p><strong><u>Quad\/Atv <\/u><\/strong><strong><u>&amp; Buggy de Location<\/u><\/strong><\/p>\n<p>La livraison et la reprise des buggy &amp; quad \/ atv est gratuite sur le Port ou l\u2019A\u00e9roport de Paros ainsi qu\u2019\u00e0 votre h\u00f4tel.<\/p>\n<p>Pour les\u00a0r\u00e9servations\u00a0en ligne, s\u00e9lectionnez le buggy &amp; quad \/ atv qui vous int\u00e9resse et compl\u00e9tez le formulaire de r\u00e9servation avec vos coordonn\u00e9es.<\/p>\n","protected":false},"excerpt":{"rendered":"<p>&nbsp; R\u00e9jouissez du soleil, de la mer et de la brise d\u2019\u00e9t\u00e9 de notre ile tout en conduisant un buggy ou quad confortable, s\u00fbr et \u00e9conomique de notre soci\u00e9t\u00e9 ParosEuropean Rent. On dispose d\u2019une large gamme de Quad \/ Atv &amp; Buggy qui peut couvrir tous vos besoins. Quad \/ Atv &amp; Buggy de location Quad MXU 80cc Quad MXU 170cc Quad MXU-R 310cc Quad MXU 450cc 4&#215;4 Buggy 570cc Automatique Buggy 800cc Automatique Quad\/Atv &amp; Buggy de Location La livraison et la reprise des buggy &amp; quad \/ atv est gratuite sur le Port ou l\u2019A\u00e9roport de Paros ainsi qu\u2019\u00e0 votre h\u00f4tel. Pour les\u00a0r\u00e9servations\u00a0en ligne, s\u00e9lectionnez le buggy &amp; [&hellip;]<\/p>\n","protected":false},"author":1,"featured_media":2798,"comment_status":"open","ping_status":"open","sticky":false,"template":"","format":"standard","meta":{"footnotes":""},"categories":[22,30,118,109,110,238,239,240],"tags":[96,97,98,241,242,243],"class_list":["post-2797","post","type-post","status-publish","format-standard","has-post-thumbnail","hentry","category-atv-a-paros","category-buggy-a-paros","category-location-de-atv-a-paros","category-location-de-buggy-a-paros","category-location-de-quad-a-paros","category-locations-de-buggy-a-paros","category-locations-de-quad-a-paros","category-locations-d-atv-a-paros","tag-location-de-buggy-a-paros","tag-location-de-quad-a-paros","tag-location-d-atv-a-paros","tag-locations-de-buggy-a-paros","tag-locations-de-quad-a-paros","tag-locations-d-atv-a-paros"],"yoast_head":"<!-- This site is optimized with the Yoast SEO plugin v27.1.1 - https:\/\/yoast.com\/product\/yoast-seo-wordpress\/ -->\n<title>Location de Buggy, Quad\/Atv \u00e0 \u00e9quipement complet<\/title>\n<meta name=\"description\" content=\"Location de buggy &amp; quad \/ atv neufs, \u00e9conomiques et s\u00e9curis\u00e9s \u00e0 Paros. Locations de buggy &amp; quad \/ atv \u00e0 Paros.\" \/>\n<meta name=\"robots\" content=\"index, follow, max-snippet:-1, max-image-preview:large, max-video-preview:-1\" \/>\n<link rel=\"canonical\" href=\"https:\/\/parosrentcar.com\/fr\/location-de-buggy-quad-atv-a-equipement-complet\/\" \/>\n<meta property=\"og:locale\" content=\"fr_FR\" \/>\n<meta property=\"og:type\" content=\"article\" \/>\n<meta property=\"og:title\" content=\"Location de Buggy, Quad\/Atv \u00e0 \u00e9quipement complet\" \/>\n<meta property=\"og:description\" content=\"Location de buggy &amp; quad \/ atv neufs, \u00e9conomiques et s\u00e9curis\u00e9s \u00e0 Paros. Locations de buggy &amp; quad \/ atv \u00e0 Paros.\" \/>\n<meta property=\"og:url\" content=\"https:\/\/parosrentcar.com\/fr\/location-de-buggy-quad-atv-a-equipement-complet\/\" \/>\n<meta property=\"og:site_name\" content=\"Location de voitures \u00e0 Paros Gr\u00e8ce - ParosEuropeanRent\" \/>\n<meta property=\"article:publisher\" content=\"https:\/\/www.facebook.com\/paroscarrental\" \/>\n<meta property=\"article:published_time\" content=\"2021-06-05T04:25:35+00:00\" \/>\n<meta property=\"article:modified_time\" content=\"2021-06-05T04:25:54+00:00\" \/>\n<meta property=\"og:image\" content=\"https:\/\/parosrentcar.com\/fr\/wp-content\/uploads\/2021\/06\/buggy-final-1000-400-1000x400-1.jpg\" \/>\n\t<meta property=\"og:image:width\" content=\"1000\" \/>\n\t<meta property=\"og:image:height\" content=\"400\" \/>\n\t<meta property=\"og:image:type\" content=\"image\/jpeg\" \/>\n<meta name=\"author\" content=\"admin\" \/>\n<meta name=\"twitter:label1\" content=\"\u00c9crit par\" \/>\n\t<meta name=\"twitter:data1\" content=\"admin\" \/>\n\t<meta name=\"twitter:label2\" content=\"Dur\u00e9e de lecture estim\u00e9e\" \/>\n\t<meta name=\"twitter:data2\" content=\"1 minute\" \/>\n<script type=\"application\/ld+json\" class=\"yoast-schema-graph\">{\"@context\":\"https:\/\/schema.org\",\"@graph\":[{\"@type\":\"Article\",\"@id\":\"https:\/\/parosrentcar.com\/fr\/location-de-buggy-quad-atv-a-equipement-complet\/#article\",\"isPartOf\":{\"@id\":\"https:\/\/parosrentcar.com\/fr\/location-de-buggy-quad-atv-a-equipement-complet\/\"},\"author\":{\"name\":\"admin\",\"@id\":\"https:\/\/parosrentcar.com\/fr\/#\/schema\/person\/d743451aad44d2f5e7839544ed91721e\"},\"headline\":\"Location de Buggy, Quad\/Atv \u00e0 \u00e9quipement complet\",\"datePublished\":\"2021-06-05T04:25:35+00:00\",\"dateModified\":\"2021-06-05T04:25:54+00:00\",\"mainEntityOfPage\":{\"@id\":\"https:\/\/parosrentcar.com\/fr\/location-de-buggy-quad-atv-a-equipement-complet\/\"},\"wordCount\":145,\"commentCount\":0,\"image\":{\"@id\":\"https:\/\/parosrentcar.com\/fr\/location-de-buggy-quad-atv-a-equipement-complet\/#primaryimage\"},\"thumbnailUrl\":\"https:\/\/parosrentcar.com\/fr\/wp-content\/uploads\/2021\/06\/buggy-final-1000-400-1000x400-1.jpg\",\"keywords\":[\"location de buggy \u00e0 Paros\",\"location de quad \u00e0 Paros\",\"location d\u2019 atv \u00e0 Paros\",\"locations de buggy \u00e0 Paros\",\"locations de quad \u00e0 Paros\",\"locations d\u2019 atv \u00e0 Paros\"],\"articleSection\":[\"Atv \u00e0 Paros\",\"Buggy \u00e0 Paros\",\"location de atv \u00e0 Paros\",\"location de buggy \u00e0 Paros\",\"location de quad \u00e0 Paros\",\"locations de buggy \u00e0 Paros\",\"locations de quad \u00e0 Paros\",\"locations d\u2019 atv \u00e0 Paros\"],\"inLanguage\":\"fr-FR\",\"potentialAction\":[{\"@type\":\"CommentAction\",\"name\":\"Comment\",\"target\":[\"https:\/\/parosrentcar.com\/fr\/location-de-buggy-quad-atv-a-equipement-complet\/#respond\"]}]},{\"@type\":\"WebPage\",\"@id\":\"https:\/\/parosrentcar.com\/fr\/location-de-buggy-quad-atv-a-equipement-complet\/\",\"url\":\"https:\/\/parosrentcar.com\/fr\/location-de-buggy-quad-atv-a-equipement-complet\/\",\"name\":\"Location de Buggy, Quad\/Atv \u00e0 \u00e9quipement complet\",\"isPartOf\":{\"@id\":\"https:\/\/parosrentcar.com\/fr\/#website\"},\"primaryImageOfPage\":{\"@id\":\"https:\/\/parosrentcar.com\/fr\/location-de-buggy-quad-atv-a-equipement-complet\/#primaryimage\"},\"image\":{\"@id\":\"https:\/\/parosrentcar.com\/fr\/location-de-buggy-quad-atv-a-equipement-complet\/#primaryimage\"},\"thumbnailUrl\":\"https:\/\/parosrentcar.com\/fr\/wp-content\/uploads\/2021\/06\/buggy-final-1000-400-1000x400-1.jpg\",\"datePublished\":\"2021-06-05T04:25:35+00:00\",\"dateModified\":\"2021-06-05T04:25:54+00:00\",\"author\":{\"@id\":\"https:\/\/parosrentcar.com\/fr\/#\/schema\/person\/d743451aad44d2f5e7839544ed91721e\"},\"description\":\"Location de buggy & quad \/ atv neufs, \u00e9conomiques et s\u00e9curis\u00e9s \u00e0 Paros. Locations de buggy & quad \/ atv \u00e0 Paros.\",\"breadcrumb\":{\"@id\":\"https:\/\/parosrentcar.com\/fr\/location-de-buggy-quad-atv-a-equipement-complet\/#breadcrumb\"},\"inLanguage\":\"fr-FR\",\"potentialAction\":[{\"@type\":\"ReadAction\",\"target\":[\"https:\/\/parosrentcar.com\/fr\/location-de-buggy-quad-atv-a-equipement-complet\/\"]}]},{\"@type\":\"ImageObject\",\"inLanguage\":\"fr-FR\",\"@id\":\"https:\/\/parosrentcar.com\/fr\/location-de-buggy-quad-atv-a-equipement-complet\/#primaryimage\",\"url\":\"https:\/\/parosrentcar.com\/fr\/wp-content\/uploads\/2021\/06\/buggy-final-1000-400-1000x400-1.jpg\",\"contentUrl\":\"https:\/\/parosrentcar.com\/fr\/wp-content\/uploads\/2021\/06\/buggy-final-1000-400-1000x400-1.jpg\",\"width\":1000,\"height\":400,\"caption\":\"Location de Buggy, Quad\/Atv \u00e0 \u00e9quipement complet\"},{\"@type\":\"BreadcrumbList\",\"@id\":\"https:\/\/parosrentcar.com\/fr\/location-de-buggy-quad-atv-a-equipement-complet\/#breadcrumb\",\"itemListElement\":[{\"@type\":\"ListItem\",\"position\":1,\"name\":\"Home\",\"item\":\"https:\/\/parosrentcar.com\/fr\/\"},{\"@type\":\"ListItem\",\"position\":2,\"name\":\"Location de Buggy, Quad\/Atv \u00e0 \u00e9quipement complet\"}]},{\"@type\":\"WebSite\",\"@id\":\"https:\/\/parosrentcar.com\/fr\/#website\",\"url\":\"https:\/\/parosrentcar.com\/fr\/\",\"name\":\"Location de voitures \u00e0 Paros Gr\u00e8ce - ParosEuropeanRent\",\"description\":\"Location de voiture, buggy, quad, atv, scooter, moto et v\u00e9lo \u00e0 Paros\",\"potentialAction\":[{\"@type\":\"SearchAction\",\"target\":{\"@type\":\"EntryPoint\",\"urlTemplate\":\"https:\/\/parosrentcar.com\/fr\/?s={search_term_string}\"},\"query-input\":{\"@type\":\"PropertyValueSpecification\",\"valueRequired\":true,\"valueName\":\"search_term_string\"}}],\"inLanguage\":\"fr-FR\"},{\"@type\":\"Person\",\"@id\":\"https:\/\/parosrentcar.com\/fr\/#\/schema\/person\/d743451aad44d2f5e7839544ed91721e\",\"name\":\"admin\",\"image\":{\"@type\":\"ImageObject\",\"inLanguage\":\"fr-FR\",\"@id\":\"https:\/\/parosrentcar.com\/fr\/#\/schema\/person\/image\/\",\"url\":\"https:\/\/secure.gravatar.com\/avatar\/e8373ef91d847108770c709f685a900c4549230f96552692edf55206b4e6cdac?s=96&d=mm&r=g\",\"contentUrl\":\"https:\/\/secure.gravatar.com\/avatar\/e8373ef91d847108770c709f685a900c4549230f96552692edf55206b4e6cdac?s=96&d=mm&r=g\",\"caption\":\"admin\"},\"url\":\"https:\/\/parosrentcar.com\/fr\/author\/admin\/\"}]}<\/script>\n<!-- \/ Yoast SEO plugin. -->","yoast_head_json":{"title":"Location de Buggy, Quad\/Atv \u00e0 \u00e9quipement complet","description":"Location de buggy & quad \/ atv neufs, \u00e9conomiques et s\u00e9curis\u00e9s \u00e0 Paros. Locations de buggy & quad \/ atv \u00e0 Paros.","robots":{"index":"index","follow":"follow","max-snippet":"max-snippet:-1","max-image-preview":"max-image-preview:large","max-video-preview":"max-video-preview:-1"},"canonical":"https:\/\/parosrentcar.com\/fr\/location-de-buggy-quad-atv-a-equipement-complet\/","og_locale":"fr_FR","og_type":"article","og_title":"Location de Buggy, Quad\/Atv \u00e0 \u00e9quipement complet","og_description":"Location de buggy & quad \/ atv neufs, \u00e9conomiques et s\u00e9curis\u00e9s \u00e0 Paros. Locations de buggy & quad \/ atv \u00e0 Paros.","og_url":"https:\/\/parosrentcar.com\/fr\/location-de-buggy-quad-atv-a-equipement-complet\/","og_site_name":"Location de voitures \u00e0 Paros Gr\u00e8ce - ParosEuropeanRent","article_publisher":"https:\/\/www.facebook.com\/paroscarrental","article_published_time":"2021-06-05T04:25:35+00:00","article_modified_time":"2021-06-05T04:25:54+00:00","og_image":[{"width":1000,"height":400,"url":"https:\/\/parosrentcar.com\/fr\/wp-content\/uploads\/2021\/06\/buggy-final-1000-400-1000x400-1.jpg","type":"image\/jpeg"}],"author":"admin","twitter_misc":{"\u00c9crit par":"admin","Dur\u00e9e de lecture estim\u00e9e":"1 minute"},"schema":{"@context":"https:\/\/schema.org","@graph":[{"@type":"Article","@id":"https:\/\/parosrentcar.com\/fr\/location-de-buggy-quad-atv-a-equipement-complet\/#article","isPartOf":{"@id":"https:\/\/parosrentcar.com\/fr\/location-de-buggy-quad-atv-a-equipement-complet\/"},"author":{"name":"admin","@id":"https:\/\/parosrentcar.com\/fr\/#\/schema\/person\/d743451aad44d2f5e7839544ed91721e"},"headline":"Location de Buggy, Quad\/Atv \u00e0 \u00e9quipement complet","datePublished":"2021-06-05T04:25:35+00:00","dateModified":"2021-06-05T04:25:54+00:00","mainEntityOfPage":{"@id":"https:\/\/parosrentcar.com\/fr\/location-de-buggy-quad-atv-a-equipement-complet\/"},"wordCount":145,"commentCount":0,"image":{"@id":"https:\/\/parosrentcar.com\/fr\/location-de-buggy-quad-atv-a-equipement-complet\/#primaryimage"},"thumbnailUrl":"https:\/\/parosrentcar.com\/fr\/wp-content\/uploads\/2021\/06\/buggy-final-1000-400-1000x400-1.jpg","keywords":["location de buggy \u00e0 Paros","location de quad \u00e0 Paros","location d\u2019 atv \u00e0 Paros","locations de buggy \u00e0 Paros","locations de quad \u00e0 Paros","locations d\u2019 atv \u00e0 Paros"],"articleSection":["Atv \u00e0 Paros","Buggy \u00e0 Paros","location de atv \u00e0 Paros","location de buggy \u00e0 Paros","location de quad \u00e0 Paros","locations de buggy \u00e0 Paros","locations de quad \u00e0 Paros","locations d\u2019 atv \u00e0 Paros"],"inLanguage":"fr-FR","potentialAction":[{"@type":"CommentAction","name":"Comment","target":["https:\/\/parosrentcar.com\/fr\/location-de-buggy-quad-atv-a-equipement-complet\/#respond"]}]},{"@type":"WebPage","@id":"https:\/\/parosrentcar.com\/fr\/location-de-buggy-quad-atv-a-equipement-complet\/","url":"https:\/\/parosrentcar.com\/fr\/location-de-buggy-quad-atv-a-equipement-complet\/","name":"Location de Buggy, Quad\/Atv \u00e0 \u00e9quipement complet","isPartOf":{"@id":"https:\/\/parosrentcar.com\/fr\/#website"},"primaryImageOfPage":{"@id":"https:\/\/parosrentcar.com\/fr\/location-de-buggy-quad-atv-a-equipement-complet\/#primaryimage"},"image":{"@id":"https:\/\/parosrentcar.com\/fr\/location-de-buggy-quad-atv-a-equipement-complet\/#primaryimage"},"thumbnailUrl":"https:\/\/parosrentcar.com\/fr\/wp-content\/uploads\/2021\/06\/buggy-final-1000-400-1000x400-1.jpg","datePublished":"2021-06-05T04:25:35+00:00","dateModified":"2021-06-05T04:25:54+00:00","author":{"@id":"https:\/\/parosrentcar.com\/fr\/#\/schema\/person\/d743451aad44d2f5e7839544ed91721e"},"description":"Location de buggy & quad \/ atv neufs, \u00e9conomiques et s\u00e9curis\u00e9s \u00e0 Paros. Locations de buggy & quad \/ atv \u00e0 Paros.","breadcrumb":{"@id":"https:\/\/parosrentcar.com\/fr\/location-de-buggy-quad-atv-a-equipement-complet\/#breadcrumb"},"inLanguage":"fr-FR","potentialAction":[{"@type":"ReadAction","target":["https:\/\/parosrentcar.com\/fr\/location-de-buggy-quad-atv-a-equipement-complet\/"]}]},{"@type":"ImageObject","inLanguage":"fr-FR","@id":"https:\/\/parosrentcar.com\/fr\/location-de-buggy-quad-atv-a-equipement-complet\/#primaryimage","url":"https:\/\/parosrentcar.com\/fr\/wp-content\/uploads\/2021\/06\/buggy-final-1000-400-1000x400-1.jpg","contentUrl":"https:\/\/parosrentcar.com\/fr\/wp-content\/uploads\/2021\/06\/buggy-final-1000-400-1000x400-1.jpg","width":1000,"height":400,"caption":"Location de Buggy, Quad\/Atv \u00e0 \u00e9quipement complet"},{"@type":"BreadcrumbList","@id":"https:\/\/parosrentcar.com\/fr\/location-de-buggy-quad-atv-a-equipement-complet\/#breadcrumb","itemListElement":[{"@type":"ListItem","position":1,"name":"Home","item":"https:\/\/parosrentcar.com\/fr\/"},{"@type":"ListItem","position":2,"name":"Location de Buggy, Quad\/Atv \u00e0 \u00e9quipement complet"}]},{"@type":"WebSite","@id":"https:\/\/parosrentcar.com\/fr\/#website","url":"https:\/\/parosrentcar.com\/fr\/","name":"Location de voitures \u00e0 Paros Gr\u00e8ce - ParosEuropeanRent","description":"Location de voiture, buggy, quad, atv, scooter, moto et v\u00e9lo \u00e0 Paros","potentialAction":[{"@type":"SearchAction","target":{"@type":"EntryPoint","urlTemplate":"https:\/\/parosrentcar.com\/fr\/?s={search_term_string}"},"query-input":{"@type":"PropertyValueSpecification","valueRequired":true,"valueName":"search_term_string"}}],"inLanguage":"fr-FR"},{"@type":"Person","@id":"https:\/\/parosrentcar.com\/fr\/#\/schema\/person\/d743451aad44d2f5e7839544ed91721e","name":"admin","image":{"@type":"ImageObject","inLanguage":"fr-FR","@id":"https:\/\/parosrentcar.com\/fr\/#\/schema\/person\/image\/","url":"https:\/\/secure.gravatar.com\/avatar\/e8373ef91d847108770c709f685a900c4549230f96552692edf55206b4e6cdac?s=96&d=mm&r=g","contentUrl":"https:\/\/secure.gravatar.com\/avatar\/e8373ef91d847108770c709f685a900c4549230f96552692edf55206b4e6cdac?s=96&d=mm&r=g","caption":"admin"},"url":"https:\/\/parosrentcar.com\/fr\/author\/admin\/"}]}},"_links":{"self":[{"href":"https:\/\/parosrentcar.com\/fr\/wp-json\/wp\/v2\/posts\/2797","targetHints":{"allow":["GET"]}}],"collection":[{"href":"https:\/\/parosrentcar.com\/fr\/wp-json\/wp\/v2\/posts"}],"about":[{"href":"https:\/\/parosrentcar.com\/fr\/wp-json\/wp\/v2\/types\/post"}],"author":[{"embeddable":true,"href":"https:\/\/parosrentcar.com\/fr\/wp-json\/wp\/v2\/users\/1"}],"replies":[{"embeddable":true,"href":"https:\/\/parosrentcar.com\/fr\/wp-json\/wp\/v2\/comments?post=2797"}],"version-history":[{"count":2,"href":"https:\/\/parosrentcar.com\/fr\/wp-json\/wp\/v2\/posts\/2797\/revisions"}],"predecessor-version":[{"id":2800,"href":"https:\/\/parosrentcar.com\/fr\/wp-json\/wp\/v2\/posts\/2797\/revisions\/2800"}],"wp:featuredmedia":[{"embeddable":true,"href":"https:\/\/parosrentcar.com\/fr\/wp-json\/wp\/v2\/media\/2798"}],"wp:attachment":[{"href":"https:\/\/parosrentcar.com\/fr\/wp-json\/wp\/v2\/media?parent=2797"}],"wp:term":[{"taxonomy":"category","embeddable":true,"href":"https:\/\/parosrentcar.com\/fr\/wp-json\/wp\/v2\/categories?post=2797"},{"taxonomy":"post_tag","embeddable":true,"href":"https:\/\/parosrentcar.com\/fr\/wp-json\/wp\/v2\/tags?post=2797"}],"curies":[{"name":"wp","href":"https:\/\/api.w.org\/{rel}","templated":true}]}}