{"id":2787,"date":"2021-04-05T05:41:54","date_gmt":"2021-04-05T05:41:54","guid":{"rendered":"https:\/\/parosrentcar.com\/fr\/?p=2787"},"modified":"2021-04-05T15:49:20","modified_gmt":"2021-04-05T15:49:20","slug":"flotte-de-voitures-renouvelee-ete-2021","status":"publish","type":"post","link":"https:\/\/parosrentcar.com\/fr\/flotte-de-voitures-renouvelee-ete-2021\/","title":{"rendered":"Flotte de voitures renouvel\u00e9e &#8211; Et\u00e9 2021"},"content":{"rendered":"<p>&nbsp;<br \/>\nNotre soci\u00e9t\u00e9,\u00a0ParosEuropean Rent, met \u00e0 votre disposition une flotte de v\u00e9hicules r\u00e9cents et parfaitement entretenus, pour votre circuit en toute s\u00e9curit\u00e9 sur l\u2019ile de Paros.<\/p>\n<p>Notre pr\u00e9occupation primordiale est la s\u00e9curit\u00e9 de nos clients. C\u2019est pour cette raison qu\u2019on renouvelle toujours notre flotte avec des v\u00e9hicules derni\u00e8re technologie pour que vous jouissiez de notre ile en s\u00e9curit\u00e9 et sans probl\u00e8mes durant votre d\u00e9placement.<\/p>\n<p>Les tr\u00e8s bons avis de clients qui nous rendent visite chaque ann\u00e9e constituent notre remboursement pour tout cet effort.<\/p>\n<p><strong><u>\u00a0Cette ann\u00e9e-l\u00e0, les cat\u00e9gories ci-dessous sont renouvel\u00e9es avec des v\u00e9hicules correspondants\u00a0:<\/u><\/strong><\/p>\n<ul>\n<li>GROUP \u0391: PEUGEOT 108<\/li>\n<li>GROUP B: FIAT PANDA (NOUVEAU)<\/li>\n<li>GROUP C: PEUGEOT 208<\/li>\n<li>GROUP D: SUZUKI IGNIS AUTOMATIQUE<\/li>\n<li>GROUP F: PEUGEOT RIFTER (A SEPT PLACES)<\/li>\n<li>GROUP S: BMW X1 (AUTOMATIQUE)<\/li>\n<\/ul>\n<p><strong><u>On a \u00e9galement renouvell\u00e9 les cat\u00e9gories de motos, quad\/atv et buggy<\/u><\/strong><\/p>\n<ul>\n<li>BMW G310 GS<\/li>\n<li>KYMCO MXU 450cc<\/li>\n<li>BUGGY POLARIS 570cc AUTOMATIQUE<\/li>\n<\/ul>\n<p>Pour les\u00a0r\u00e9servations\u00a0en ligne, s\u00e9lectionnez la voiture, buggy, quad\/atv, moto ou scooter qui vous int\u00e9resse et compl\u00e9tez le formulaire de r\u00e9servation avec vos coordonn\u00e9es.<\/p>\n","protected":false},"excerpt":{"rendered":"<p>&nbsp; Notre soci\u00e9t\u00e9,\u00a0ParosEuropean Rent, met \u00e0 votre disposition une flotte de v\u00e9hicules r\u00e9cents et parfaitement entretenus, pour votre circuit en toute s\u00e9curit\u00e9 sur l\u2019ile de Paros. Notre pr\u00e9occupation primordiale est la s\u00e9curit\u00e9 de nos clients. C\u2019est pour cette raison qu\u2019on renouvelle toujours notre flotte avec des v\u00e9hicules derni\u00e8re technologie pour que vous jouissiez de notre ile en s\u00e9curit\u00e9 et sans probl\u00e8mes durant votre d\u00e9placement. Les tr\u00e8s bons avis de clients qui nous rendent visite chaque ann\u00e9e constituent notre remboursement pour tout cet effort. \u00a0Cette ann\u00e9e-l\u00e0, les cat\u00e9gories ci-dessous sont renouvel\u00e9es avec des v\u00e9hicules correspondants\u00a0: GROUP \u0391: PEUGEOT 108 GROUP B: FIAT PANDA (NOUVEAU) GROUP C: PEUGEOT 208 GROUP D: SUZUKI [&hellip;]<\/p>\n","protected":false},"author":1,"featured_media":0,"comment_status":"open","ping_status":"open","sticky":false,"template":"","format":"standard","meta":{"footnotes":""},"categories":[118,109,117,110,116,108,230,218,234,232,219,83,233],"tags":[96,180,97,112,61,231,237,235,236],"class_list":["post-2787","post","type-post","status-publish","format-standard","hentry","category-location-de-atv-a-paros","category-location-de-buggy-a-paros","category-location-de-motos-a-paros","category-location-de-quad-a-paros","category-location-de-scooter-a-paros","category-location-de-voiture-a-paros","category-location-de-voiture-neuves-a-paros","category-locations-de-motos-a-paros","category-locations-de-motos-neuves-a-paros","category-locations-de-quads-neufs-a-paros","category-locations-de-scooters-a-paros","category-locations-de-voitures-a-paros","category-locations-d-atv-neufs-a-paros","tag-location-de-buggy-a-paros","tag-location-de-moto-a-paros","tag-location-de-quad-a-paros","tag-location-de-scooter-a-paros","tag-location-de-voiture-a-paros","tag-location-de-voiture-neuves-a-paros","tag-locations-de-motos-neuves-a-paros","tag-locations-de-quads-neufs-a-paros","tag-locations-d-atv-neufs-a-paros"],"yoast_head":"<!-- This site is optimized with the Yoast SEO plugin v27.1.1 - https:\/\/yoast.com\/product\/yoast-seo-wordpress\/ -->\n<title>Flotte de voitures renouvel\u00e9e - Et\u00e9 2021<\/title>\n<meta name=\"description\" content=\"Voitures, buggy, quad\/atv, motos ou scooters de location \u00e0 Paros de derni\u00e8re technologie. Regardez les cat\u00e9gories de notre flotte renouvel\u00e9e pour l\u2019ann\u00e9e 2021\" \/>\n<meta name=\"robots\" content=\"index, follow, max-snippet:-1, max-image-preview:large, max-video-preview:-1\" \/>\n<link rel=\"canonical\" href=\"https:\/\/parosrentcar.com\/fr\/flotte-de-voitures-renouvelee-ete-2021\/\" \/>\n<meta property=\"og:locale\" content=\"fr_FR\" \/>\n<meta property=\"og:type\" content=\"article\" \/>\n<meta property=\"og:title\" content=\"Flotte de voitures renouvel\u00e9e - Et\u00e9 2021\" \/>\n<meta property=\"og:description\" content=\"Voitures, buggy, quad\/atv, motos ou scooters de location \u00e0 Paros de derni\u00e8re technologie. Regardez les cat\u00e9gories de notre flotte renouvel\u00e9e pour l\u2019ann\u00e9e 2021\" \/>\n<meta property=\"og:url\" content=\"https:\/\/parosrentcar.com\/fr\/flotte-de-voitures-renouvelee-ete-2021\/\" \/>\n<meta property=\"og:site_name\" content=\"Location de voitures \u00e0 Paros Gr\u00e8ce - ParosEuropeanRent\" \/>\n<meta property=\"article:publisher\" content=\"https:\/\/www.facebook.com\/paroscarrental\" \/>\n<meta property=\"article:published_time\" content=\"2021-04-05T05:41:54+00:00\" \/>\n<meta property=\"article:modified_time\" content=\"2021-04-05T15:49:20+00:00\" \/>\n<meta name=\"author\" content=\"admin\" \/>\n<meta name=\"twitter:label1\" content=\"\u00c9crit par\" \/>\n\t<meta name=\"twitter:data1\" content=\"admin\" \/>\n\t<meta name=\"twitter:label2\" content=\"Dur\u00e9e de lecture estim\u00e9e\" \/>\n\t<meta name=\"twitter:data2\" content=\"1 minute\" \/>\n<script type=\"application\/ld+json\" class=\"yoast-schema-graph\">{\"@context\":\"https:\/\/schema.org\",\"@graph\":[{\"@type\":\"Article\",\"@id\":\"https:\/\/parosrentcar.com\/fr\/flotte-de-voitures-renouvelee-ete-2021\/#article\",\"isPartOf\":{\"@id\":\"https:\/\/parosrentcar.com\/fr\/flotte-de-voitures-renouvelee-ete-2021\/\"},\"author\":{\"name\":\"admin\",\"@id\":\"https:\/\/parosrentcar.com\/fr\/#\/schema\/person\/d743451aad44d2f5e7839544ed91721e\"},\"headline\":\"Flotte de voitures renouvel\u00e9e &#8211; Et\u00e9 2021\",\"datePublished\":\"2021-04-05T05:41:54+00:00\",\"dateModified\":\"2021-04-05T15:49:20+00:00\",\"mainEntityOfPage\":{\"@id\":\"https:\/\/parosrentcar.com\/fr\/flotte-de-voitures-renouvelee-ete-2021\/\"},\"wordCount\":203,\"commentCount\":0,\"keywords\":[\"location de buggy \u00e0 Paros\",\"location de moto \u00e0 Paros\",\"location de quad \u00e0 Paros\",\"location de scooter \u00e0 Paros\",\"location de voiture \u00e0 Paros\",\"location de voiture neuves \u00e0 Paros\",\"locations de motos neuves \u00e0 Paros\",\"locations de quads neufs \u00e0 Paros\",\"locations d\u2019 atv neufs \u00e0 Paros\"],\"articleSection\":[\"location de atv \u00e0 Paros\",\"location de buggy \u00e0 Paros\",\"location de moto \u00e0 Paros\",\"location de quad \u00e0 Paros\",\"location de scooter \u00e0 Paros\",\"location de voiture \u00e0 Paros\",\"location de voiture neuves \u00e0 Paros\",\"locations de motos \u00e0 Paros\",\"locations de motos neuves \u00e0 Paros\",\"locations de quads neufs \u00e0 Paros\",\"locations de scooters \u00e0 Paros\",\"locations de voitures \u00e0 Paros\",\"locations d\u2019 atv neufs \u00e0 Paros\"],\"inLanguage\":\"fr-FR\",\"potentialAction\":[{\"@type\":\"CommentAction\",\"name\":\"Comment\",\"target\":[\"https:\/\/parosrentcar.com\/fr\/flotte-de-voitures-renouvelee-ete-2021\/#respond\"]}]},{\"@type\":\"WebPage\",\"@id\":\"https:\/\/parosrentcar.com\/fr\/flotte-de-voitures-renouvelee-ete-2021\/\",\"url\":\"https:\/\/parosrentcar.com\/fr\/flotte-de-voitures-renouvelee-ete-2021\/\",\"name\":\"Flotte de voitures renouvel\u00e9e - Et\u00e9 2021\",\"isPartOf\":{\"@id\":\"https:\/\/parosrentcar.com\/fr\/#website\"},\"datePublished\":\"2021-04-05T05:41:54+00:00\",\"dateModified\":\"2021-04-05T15:49:20+00:00\",\"author\":{\"@id\":\"https:\/\/parosrentcar.com\/fr\/#\/schema\/person\/d743451aad44d2f5e7839544ed91721e\"},\"description\":\"Voitures, buggy, quad\/atv, motos ou scooters de location \u00e0 Paros de derni\u00e8re technologie. Regardez les cat\u00e9gories de notre flotte renouvel\u00e9e pour l\u2019ann\u00e9e 2021\",\"breadcrumb\":{\"@id\":\"https:\/\/parosrentcar.com\/fr\/flotte-de-voitures-renouvelee-ete-2021\/#breadcrumb\"},\"inLanguage\":\"fr-FR\",\"potentialAction\":[{\"@type\":\"ReadAction\",\"target\":[\"https:\/\/parosrentcar.com\/fr\/flotte-de-voitures-renouvelee-ete-2021\/\"]}]},{\"@type\":\"BreadcrumbList\",\"@id\":\"https:\/\/parosrentcar.com\/fr\/flotte-de-voitures-renouvelee-ete-2021\/#breadcrumb\",\"itemListElement\":[{\"@type\":\"ListItem\",\"position\":1,\"name\":\"Home\",\"item\":\"https:\/\/parosrentcar.com\/fr\/\"},{\"@type\":\"ListItem\",\"position\":2,\"name\":\"Flotte de voitures renouvel\u00e9e &#8211; Et\u00e9 2021\"}]},{\"@type\":\"WebSite\",\"@id\":\"https:\/\/parosrentcar.com\/fr\/#website\",\"url\":\"https:\/\/parosrentcar.com\/fr\/\",\"name\":\"Location de voitures \u00e0 Paros Gr\u00e8ce - ParosEuropeanRent\",\"description\":\"Location de voiture, buggy, quad, atv, scooter, moto et v\u00e9lo \u00e0 Paros\",\"potentialAction\":[{\"@type\":\"SearchAction\",\"target\":{\"@type\":\"EntryPoint\",\"urlTemplate\":\"https:\/\/parosrentcar.com\/fr\/?s={search_term_string}\"},\"query-input\":{\"@type\":\"PropertyValueSpecification\",\"valueRequired\":true,\"valueName\":\"search_term_string\"}}],\"inLanguage\":\"fr-FR\"},{\"@type\":\"Person\",\"@id\":\"https:\/\/parosrentcar.com\/fr\/#\/schema\/person\/d743451aad44d2f5e7839544ed91721e\",\"name\":\"admin\",\"image\":{\"@type\":\"ImageObject\",\"inLanguage\":\"fr-FR\",\"@id\":\"https:\/\/parosrentcar.com\/fr\/#\/schema\/person\/image\/\",\"url\":\"https:\/\/secure.gravatar.com\/avatar\/e8373ef91d847108770c709f685a900c4549230f96552692edf55206b4e6cdac?s=96&d=mm&r=g\",\"contentUrl\":\"https:\/\/secure.gravatar.com\/avatar\/e8373ef91d847108770c709f685a900c4549230f96552692edf55206b4e6cdac?s=96&d=mm&r=g\",\"caption\":\"admin\"},\"url\":\"https:\/\/parosrentcar.com\/fr\/author\/admin\/\"}]}<\/script>\n<!-- \/ Yoast SEO plugin. -->","yoast_head_json":{"title":"Flotte de voitures renouvel\u00e9e - Et\u00e9 2021","description":"Voitures, buggy, quad\/atv, motos ou scooters de location \u00e0 Paros de derni\u00e8re technologie. Regardez les cat\u00e9gories de notre flotte renouvel\u00e9e pour l\u2019ann\u00e9e 2021","robots":{"index":"index","follow":"follow","max-snippet":"max-snippet:-1","max-image-preview":"max-image-preview:large","max-video-preview":"max-video-preview:-1"},"canonical":"https:\/\/parosrentcar.com\/fr\/flotte-de-voitures-renouvelee-ete-2021\/","og_locale":"fr_FR","og_type":"article","og_title":"Flotte de voitures renouvel\u00e9e - Et\u00e9 2021","og_description":"Voitures, buggy, quad\/atv, motos ou scooters de location \u00e0 Paros de derni\u00e8re technologie. Regardez les cat\u00e9gories de notre flotte renouvel\u00e9e pour l\u2019ann\u00e9e 2021","og_url":"https:\/\/parosrentcar.com\/fr\/flotte-de-voitures-renouvelee-ete-2021\/","og_site_name":"Location de voitures \u00e0 Paros Gr\u00e8ce - ParosEuropeanRent","article_publisher":"https:\/\/www.facebook.com\/paroscarrental","article_published_time":"2021-04-05T05:41:54+00:00","article_modified_time":"2021-04-05T15:49:20+00:00","author":"admin","twitter_misc":{"\u00c9crit par":"admin","Dur\u00e9e de lecture estim\u00e9e":"1 minute"},"schema":{"@context":"https:\/\/schema.org","@graph":[{"@type":"Article","@id":"https:\/\/parosrentcar.com\/fr\/flotte-de-voitures-renouvelee-ete-2021\/#article","isPartOf":{"@id":"https:\/\/parosrentcar.com\/fr\/flotte-de-voitures-renouvelee-ete-2021\/"},"author":{"name":"admin","@id":"https:\/\/parosrentcar.com\/fr\/#\/schema\/person\/d743451aad44d2f5e7839544ed91721e"},"headline":"Flotte de voitures renouvel\u00e9e &#8211; Et\u00e9 2021","datePublished":"2021-04-05T05:41:54+00:00","dateModified":"2021-04-05T15:49:20+00:00","mainEntityOfPage":{"@id":"https:\/\/parosrentcar.com\/fr\/flotte-de-voitures-renouvelee-ete-2021\/"},"wordCount":203,"commentCount":0,"keywords":["location de buggy \u00e0 Paros","location de moto \u00e0 Paros","location de quad \u00e0 Paros","location de scooter \u00e0 Paros","location de voiture \u00e0 Paros","location de voiture neuves \u00e0 Paros","locations de motos neuves \u00e0 Paros","locations de quads neufs \u00e0 Paros","locations d\u2019 atv neufs \u00e0 Paros"],"articleSection":["location de atv \u00e0 Paros","location de buggy \u00e0 Paros","location de moto \u00e0 Paros","location de quad \u00e0 Paros","location de scooter \u00e0 Paros","location de voiture \u00e0 Paros","location de voiture neuves \u00e0 Paros","locations de motos \u00e0 Paros","locations de motos neuves \u00e0 Paros","locations de quads neufs \u00e0 Paros","locations de scooters \u00e0 Paros","locations de voitures \u00e0 Paros","locations d\u2019 atv neufs \u00e0 Paros"],"inLanguage":"fr-FR","potentialAction":[{"@type":"CommentAction","name":"Comment","target":["https:\/\/parosrentcar.com\/fr\/flotte-de-voitures-renouvelee-ete-2021\/#respond"]}]},{"@type":"WebPage","@id":"https:\/\/parosrentcar.com\/fr\/flotte-de-voitures-renouvelee-ete-2021\/","url":"https:\/\/parosrentcar.com\/fr\/flotte-de-voitures-renouvelee-ete-2021\/","name":"Flotte de voitures renouvel\u00e9e - Et\u00e9 2021","isPartOf":{"@id":"https:\/\/parosrentcar.com\/fr\/#website"},"datePublished":"2021-04-05T05:41:54+00:00","dateModified":"2021-04-05T15:49:20+00:00","author":{"@id":"https:\/\/parosrentcar.com\/fr\/#\/schema\/person\/d743451aad44d2f5e7839544ed91721e"},"description":"Voitures, buggy, quad\/atv, motos ou scooters de location \u00e0 Paros de derni\u00e8re technologie. Regardez les cat\u00e9gories de notre flotte renouvel\u00e9e pour l\u2019ann\u00e9e 2021","breadcrumb":{"@id":"https:\/\/parosrentcar.com\/fr\/flotte-de-voitures-renouvelee-ete-2021\/#breadcrumb"},"inLanguage":"fr-FR","potentialAction":[{"@type":"ReadAction","target":["https:\/\/parosrentcar.com\/fr\/flotte-de-voitures-renouvelee-ete-2021\/"]}]},{"@type":"BreadcrumbList","@id":"https:\/\/parosrentcar.com\/fr\/flotte-de-voitures-renouvelee-ete-2021\/#breadcrumb","itemListElement":[{"@type":"ListItem","position":1,"name":"Home","item":"https:\/\/parosrentcar.com\/fr\/"},{"@type":"ListItem","position":2,"name":"Flotte de voitures renouvel\u00e9e &#8211; Et\u00e9 2021"}]},{"@type":"WebSite","@id":"https:\/\/parosrentcar.com\/fr\/#website","url":"https:\/\/parosrentcar.com\/fr\/","name":"Location de voitures \u00e0 Paros Gr\u00e8ce - ParosEuropeanRent","description":"Location de voiture, buggy, quad, atv, scooter, moto et v\u00e9lo \u00e0 Paros","potentialAction":[{"@type":"SearchAction","target":{"@type":"EntryPoint","urlTemplate":"https:\/\/parosrentcar.com\/fr\/?s={search_term_string}"},"query-input":{"@type":"PropertyValueSpecification","valueRequired":true,"valueName":"search_term_string"}}],"inLanguage":"fr-FR"},{"@type":"Person","@id":"https:\/\/parosrentcar.com\/fr\/#\/schema\/person\/d743451aad44d2f5e7839544ed91721e","name":"admin","image":{"@type":"ImageObject","inLanguage":"fr-FR","@id":"https:\/\/parosrentcar.com\/fr\/#\/schema\/person\/image\/","url":"https:\/\/secure.gravatar.com\/avatar\/e8373ef91d847108770c709f685a900c4549230f96552692edf55206b4e6cdac?s=96&d=mm&r=g","contentUrl":"https:\/\/secure.gravatar.com\/avatar\/e8373ef91d847108770c709f685a900c4549230f96552692edf55206b4e6cdac?s=96&d=mm&r=g","caption":"admin"},"url":"https:\/\/parosrentcar.com\/fr\/author\/admin\/"}]}},"_links":{"self":[{"href":"https:\/\/parosrentcar.com\/fr\/wp-json\/wp\/v2\/posts\/2787","targetHints":{"allow":["GET"]}}],"collection":[{"href":"https:\/\/parosrentcar.com\/fr\/wp-json\/wp\/v2\/posts"}],"about":[{"href":"https:\/\/parosrentcar.com\/fr\/wp-json\/wp\/v2\/types\/post"}],"author":[{"embeddable":true,"href":"https:\/\/parosrentcar.com\/fr\/wp-json\/wp\/v2\/users\/1"}],"replies":[{"embeddable":true,"href":"https:\/\/parosrentcar.com\/fr\/wp-json\/wp\/v2\/comments?post=2787"}],"version-history":[{"count":3,"href":"https:\/\/parosrentcar.com\/fr\/wp-json\/wp\/v2\/posts\/2787\/revisions"}],"predecessor-version":[{"id":2790,"href":"https:\/\/parosrentcar.com\/fr\/wp-json\/wp\/v2\/posts\/2787\/revisions\/2790"}],"wp:attachment":[{"href":"https:\/\/parosrentcar.com\/fr\/wp-json\/wp\/v2\/media?parent=2787"}],"wp:term":[{"taxonomy":"category","embeddable":true,"href":"https:\/\/parosrentcar.com\/fr\/wp-json\/wp\/v2\/categories?post=2787"},{"taxonomy":"post_tag","embeddable":true,"href":"https:\/\/parosrentcar.com\/fr\/wp-json\/wp\/v2\/tags?post=2787"}],"curies":[{"name":"wp","href":"https:\/\/api.w.org\/{rel}","templated":true}]}}