{"id":2697,"date":"2021-03-04T04:47:18","date_gmt":"2021-03-04T04:47:18","guid":{"rendered":"https:\/\/parosrentcar.com\/fr\/?p=2697"},"modified":"2021-03-04T05:24:23","modified_gmt":"2021-03-04T05:24:23","slug":"locations-de-motos-et-scooters-a-paros","status":"publish","type":"post","link":"https:\/\/parosrentcar.com\/fr\/locations-de-motos-et-scooters-a-paros\/","title":{"rendered":"Locations de Motos et scooters \u00e0 Paros"},"content":{"rendered":"<p>&nbsp;<br \/>\nNous poss\u00e9dons une\u00a0nouvelle flotte d\u2019une large gamme de motos et scooters de grosse cylindr\u00e9e de location \u00e0 Paros, toujours \u00e0 des prix les plus avantageux\u00a0! La large gamme de motos et scooters qu\u2019on dispose peut couvrir tout go\u00fbt et besoin.<\/p>\n<p>La location d\u2019une moto ou d\u2019un scooter rend votre moyen de d\u00e9placement sur l\u2019ile flexible, \u00e9conomique et confortable, lorsque la perte du temps dans des embouteillages et la recherche d\u2019un lieu de stationnement constituent des probl\u00e8mes communs durant les mois estivaux. Vous aurez, ainsi, le temps de faire un circuit sur l\u2019ile afin de r\u00e9jouir des plages uniques, des villages et des sites de Paros.<\/p>\n<p><strong>Motos et scooters \u00e0 grosse cylindr\u00e9e<\/strong><\/p>\n<ul>\n<li>Scooter SYM Symphony 125cc<\/li>\n<li>Scooter PIAGGIO Medley 150cc<\/li>\n<li>Scooter SYM Symphony 200cc<\/li>\n<li>Moto Kawasaki 250cc<\/li>\n<li>Moto BMV GS 310cc<\/li>\n<\/ul>\n<p><strong>Nos tarifs sont sans frais cach\u00e9s et comprennent<\/strong><strong> :<\/strong> la TVA de 24% \u2013 le kilom\u00e9trage illimit\u00e9 \u2013 l\u2019assurance responsabilit\u00e9 civile vis-\u00e0-vis de tiers \u2013 casque gratuit, bagage-moto !<\/p>\n<p>Pour les\u00a0r\u00e9servations\u00a0en ligne, s\u00e9lectionnez la moto ou le scooter qui vous int\u00e9resse et compl\u00e9tez le formulaire de r\u00e9servation avec vos coordonn\u00e9es.<\/p>\n","protected":false},"excerpt":{"rendered":"<p>&nbsp; Nous poss\u00e9dons une\u00a0nouvelle flotte d\u2019une large gamme de motos et scooters de grosse cylindr\u00e9e de location \u00e0 Paros, toujours \u00e0 des prix les plus avantageux\u00a0! La large gamme de motos et scooters qu\u2019on dispose peut couvrir tout go\u00fbt et besoin. La location d\u2019une moto ou d\u2019un scooter rend votre moyen de d\u00e9placement sur l\u2019ile flexible, \u00e9conomique et confortable, lorsque la perte du temps dans des embouteillages et la recherche d\u2019un lieu de stationnement constituent des probl\u00e8mes communs durant les mois estivaux. Vous aurez, ainsi, le temps de faire un circuit sur l\u2019ile afin de r\u00e9jouir des plages uniques, des villages et des sites de Paros. Motos et scooters \u00e0 [&hellip;]<\/p>\n","protected":false},"author":1,"featured_media":0,"comment_status":"open","ping_status":"open","sticky":false,"template":"","format":"standard","meta":{"footnotes":""},"categories":[221,222,117,223,116,220,218,219],"tags":[227,228,180,229,112,226,224,225],"class_list":["post-2697","post","type-post","status-publish","format-standard","hentry","category-location-de-deux-roues-a-paros","category-location-de-moto-a-grosse-cylindree-a-paros","category-location-de-motos-a-paros","category-location-de-scooter-a-grosse-cylindree-a-paros","category-location-de-scooter-a-paros","category-locations-de-deux-roues-a-paros","category-locations-de-motos-a-paros","category-locations-de-scooters-a-paros","tag-location-de-deux-roues-a-paros","tag-location-de-moto-a-grosse-cylindree-a-paros","tag-location-de-moto-a-paros","tag-location-de-scooter-a-grosse-cylindree-a-paros","tag-location-de-scooter-a-paros","tag-locations-de-deux-roues-a-paros","tag-locations-de-motos-a-paros","tag-locations-de-scooters-a-paros"],"yoast_head":"<!-- This site is optimized with the Yoast SEO plugin v27.1.1 - https:\/\/yoast.com\/product\/yoast-seo-wordpress\/ -->\n<title>Locations de Motos et scooters \u00e0 Paros<\/title>\n<meta name=\"description\" content=\"Locations de motos et de scooters \u00e0 grosse cylindr\u00e9e \u00e0 Paros. Location de moto et scooter \u00e0 Paros pour votre d\u00e9placement confortable et \u00e9conomique.\" \/>\n<meta name=\"robots\" content=\"index, follow, max-snippet:-1, max-image-preview:large, max-video-preview:-1\" \/>\n<link rel=\"canonical\" href=\"https:\/\/parosrentcar.com\/fr\/locations-de-motos-et-scooters-a-paros\/\" \/>\n<meta property=\"og:locale\" content=\"fr_FR\" \/>\n<meta property=\"og:type\" content=\"article\" \/>\n<meta property=\"og:title\" content=\"Locations de Motos et scooters \u00e0 Paros\" \/>\n<meta property=\"og:description\" content=\"Locations de motos et de scooters \u00e0 grosse cylindr\u00e9e \u00e0 Paros. Location de moto et scooter \u00e0 Paros pour votre d\u00e9placement confortable et \u00e9conomique.\" \/>\n<meta property=\"og:url\" content=\"https:\/\/parosrentcar.com\/fr\/locations-de-motos-et-scooters-a-paros\/\" \/>\n<meta property=\"og:site_name\" content=\"Location de voitures \u00e0 Paros Gr\u00e8ce - ParosEuropeanRent\" \/>\n<meta property=\"article:publisher\" content=\"https:\/\/www.facebook.com\/paroscarrental\" \/>\n<meta property=\"article:published_time\" content=\"2021-03-04T04:47:18+00:00\" \/>\n<meta property=\"article:modified_time\" content=\"2021-03-04T05:24:23+00:00\" \/>\n<meta name=\"author\" content=\"admin\" \/>\n<meta name=\"twitter:label1\" content=\"\u00c9crit par\" \/>\n\t<meta name=\"twitter:data1\" content=\"admin\" \/>\n\t<meta name=\"twitter:label2\" content=\"Dur\u00e9e de lecture estim\u00e9e\" \/>\n\t<meta name=\"twitter:data2\" content=\"1 minute\" \/>\n<script type=\"application\/ld+json\" class=\"yoast-schema-graph\">{\"@context\":\"https:\/\/schema.org\",\"@graph\":[{\"@type\":\"Article\",\"@id\":\"https:\/\/parosrentcar.com\/fr\/locations-de-motos-et-scooters-a-paros\/#article\",\"isPartOf\":{\"@id\":\"https:\/\/parosrentcar.com\/fr\/locations-de-motos-et-scooters-a-paros\/\"},\"author\":{\"name\":\"admin\",\"@id\":\"https:\/\/parosrentcar.com\/fr\/#\/schema\/person\/d743451aad44d2f5e7839544ed91721e\"},\"headline\":\"Locations de Motos et scooters \u00e0 Paros\",\"datePublished\":\"2021-03-04T04:47:18+00:00\",\"dateModified\":\"2021-03-04T05:24:23+00:00\",\"mainEntityOfPage\":{\"@id\":\"https:\/\/parosrentcar.com\/fr\/locations-de-motos-et-scooters-a-paros\/\"},\"wordCount\":205,\"commentCount\":0,\"keywords\":[\"location de deux-roues \u00e0 Paros\",\"location de moto \u00e0 grosse cylindr\u00e9e \u00e0 Paros\",\"location de moto \u00e0 Paros\",\"location de scooter \u00e0 grosse cylindr\u00e9e \u00e0 Paros\",\"location de scooter \u00e0 Paros\",\"locations de deux-roues \u00e0 Paros\",\"locations de motos \u00e0 Paros\",\"locations de scooters \u00e0 Paros\"],\"articleSection\":[\"location de deux-roues \u00e0 Paros\",\"location de moto \u00e0 grosse cylindr\u00e9e \u00e0 Paros\",\"location de moto \u00e0 Paros\",\"location de scooter \u00e0 grosse cylindr\u00e9e \u00e0 Paros\",\"location de scooter \u00e0 Paros\",\"locations de deux-roues \u00e0 Paros\",\"locations de motos \u00e0 Paros\",\"locations de scooters \u00e0 Paros\"],\"inLanguage\":\"fr-FR\",\"potentialAction\":[{\"@type\":\"CommentAction\",\"name\":\"Comment\",\"target\":[\"https:\/\/parosrentcar.com\/fr\/locations-de-motos-et-scooters-a-paros\/#respond\"]}]},{\"@type\":\"WebPage\",\"@id\":\"https:\/\/parosrentcar.com\/fr\/locations-de-motos-et-scooters-a-paros\/\",\"url\":\"https:\/\/parosrentcar.com\/fr\/locations-de-motos-et-scooters-a-paros\/\",\"name\":\"Locations de Motos et scooters \u00e0 Paros\",\"isPartOf\":{\"@id\":\"https:\/\/parosrentcar.com\/fr\/#website\"},\"datePublished\":\"2021-03-04T04:47:18+00:00\",\"dateModified\":\"2021-03-04T05:24:23+00:00\",\"author\":{\"@id\":\"https:\/\/parosrentcar.com\/fr\/#\/schema\/person\/d743451aad44d2f5e7839544ed91721e\"},\"description\":\"Locations de motos et de scooters \u00e0 grosse cylindr\u00e9e \u00e0 Paros. Location de moto et scooter \u00e0 Paros pour votre d\u00e9placement confortable et \u00e9conomique.\",\"breadcrumb\":{\"@id\":\"https:\/\/parosrentcar.com\/fr\/locations-de-motos-et-scooters-a-paros\/#breadcrumb\"},\"inLanguage\":\"fr-FR\",\"potentialAction\":[{\"@type\":\"ReadAction\",\"target\":[\"https:\/\/parosrentcar.com\/fr\/locations-de-motos-et-scooters-a-paros\/\"]}]},{\"@type\":\"BreadcrumbList\",\"@id\":\"https:\/\/parosrentcar.com\/fr\/locations-de-motos-et-scooters-a-paros\/#breadcrumb\",\"itemListElement\":[{\"@type\":\"ListItem\",\"position\":1,\"name\":\"Home\",\"item\":\"https:\/\/parosrentcar.com\/fr\/\"},{\"@type\":\"ListItem\",\"position\":2,\"name\":\"Locations de Motos et scooters \u00e0 Paros\"}]},{\"@type\":\"WebSite\",\"@id\":\"https:\/\/parosrentcar.com\/fr\/#website\",\"url\":\"https:\/\/parosrentcar.com\/fr\/\",\"name\":\"Location de voitures \u00e0 Paros Gr\u00e8ce - ParosEuropeanRent\",\"description\":\"Location de voiture, buggy, quad, atv, scooter, moto et v\u00e9lo \u00e0 Paros\",\"potentialAction\":[{\"@type\":\"SearchAction\",\"target\":{\"@type\":\"EntryPoint\",\"urlTemplate\":\"https:\/\/parosrentcar.com\/fr\/?s={search_term_string}\"},\"query-input\":{\"@type\":\"PropertyValueSpecification\",\"valueRequired\":true,\"valueName\":\"search_term_string\"}}],\"inLanguage\":\"fr-FR\"},{\"@type\":\"Person\",\"@id\":\"https:\/\/parosrentcar.com\/fr\/#\/schema\/person\/d743451aad44d2f5e7839544ed91721e\",\"name\":\"admin\",\"image\":{\"@type\":\"ImageObject\",\"inLanguage\":\"fr-FR\",\"@id\":\"https:\/\/parosrentcar.com\/fr\/#\/schema\/person\/image\/\",\"url\":\"https:\/\/secure.gravatar.com\/avatar\/e8373ef91d847108770c709f685a900c4549230f96552692edf55206b4e6cdac?s=96&d=mm&r=g\",\"contentUrl\":\"https:\/\/secure.gravatar.com\/avatar\/e8373ef91d847108770c709f685a900c4549230f96552692edf55206b4e6cdac?s=96&d=mm&r=g\",\"caption\":\"admin\"},\"url\":\"https:\/\/parosrentcar.com\/fr\/author\/admin\/\"}]}<\/script>\n<!-- \/ Yoast SEO plugin. -->","yoast_head_json":{"title":"Locations de Motos et scooters \u00e0 Paros","description":"Locations de motos et de scooters \u00e0 grosse cylindr\u00e9e \u00e0 Paros. Location de moto et scooter \u00e0 Paros pour votre d\u00e9placement confortable et \u00e9conomique.","robots":{"index":"index","follow":"follow","max-snippet":"max-snippet:-1","max-image-preview":"max-image-preview:large","max-video-preview":"max-video-preview:-1"},"canonical":"https:\/\/parosrentcar.com\/fr\/locations-de-motos-et-scooters-a-paros\/","og_locale":"fr_FR","og_type":"article","og_title":"Locations de Motos et scooters \u00e0 Paros","og_description":"Locations de motos et de scooters \u00e0 grosse cylindr\u00e9e \u00e0 Paros. Location de moto et scooter \u00e0 Paros pour votre d\u00e9placement confortable et \u00e9conomique.","og_url":"https:\/\/parosrentcar.com\/fr\/locations-de-motos-et-scooters-a-paros\/","og_site_name":"Location de voitures \u00e0 Paros Gr\u00e8ce - ParosEuropeanRent","article_publisher":"https:\/\/www.facebook.com\/paroscarrental","article_published_time":"2021-03-04T04:47:18+00:00","article_modified_time":"2021-03-04T05:24:23+00:00","author":"admin","twitter_misc":{"\u00c9crit par":"admin","Dur\u00e9e de lecture estim\u00e9e":"1 minute"},"schema":{"@context":"https:\/\/schema.org","@graph":[{"@type":"Article","@id":"https:\/\/parosrentcar.com\/fr\/locations-de-motos-et-scooters-a-paros\/#article","isPartOf":{"@id":"https:\/\/parosrentcar.com\/fr\/locations-de-motos-et-scooters-a-paros\/"},"author":{"name":"admin","@id":"https:\/\/parosrentcar.com\/fr\/#\/schema\/person\/d743451aad44d2f5e7839544ed91721e"},"headline":"Locations de Motos et scooters \u00e0 Paros","datePublished":"2021-03-04T04:47:18+00:00","dateModified":"2021-03-04T05:24:23+00:00","mainEntityOfPage":{"@id":"https:\/\/parosrentcar.com\/fr\/locations-de-motos-et-scooters-a-paros\/"},"wordCount":205,"commentCount":0,"keywords":["location de deux-roues \u00e0 Paros","location de moto \u00e0 grosse cylindr\u00e9e \u00e0 Paros","location de moto \u00e0 Paros","location de scooter \u00e0 grosse cylindr\u00e9e \u00e0 Paros","location de scooter \u00e0 Paros","locations de deux-roues \u00e0 Paros","locations de motos \u00e0 Paros","locations de scooters \u00e0 Paros"],"articleSection":["location de deux-roues \u00e0 Paros","location de moto \u00e0 grosse cylindr\u00e9e \u00e0 Paros","location de moto \u00e0 Paros","location de scooter \u00e0 grosse cylindr\u00e9e \u00e0 Paros","location de scooter \u00e0 Paros","locations de deux-roues \u00e0 Paros","locations de motos \u00e0 Paros","locations de scooters \u00e0 Paros"],"inLanguage":"fr-FR","potentialAction":[{"@type":"CommentAction","name":"Comment","target":["https:\/\/parosrentcar.com\/fr\/locations-de-motos-et-scooters-a-paros\/#respond"]}]},{"@type":"WebPage","@id":"https:\/\/parosrentcar.com\/fr\/locations-de-motos-et-scooters-a-paros\/","url":"https:\/\/parosrentcar.com\/fr\/locations-de-motos-et-scooters-a-paros\/","name":"Locations de Motos et scooters \u00e0 Paros","isPartOf":{"@id":"https:\/\/parosrentcar.com\/fr\/#website"},"datePublished":"2021-03-04T04:47:18+00:00","dateModified":"2021-03-04T05:24:23+00:00","author":{"@id":"https:\/\/parosrentcar.com\/fr\/#\/schema\/person\/d743451aad44d2f5e7839544ed91721e"},"description":"Locations de motos et de scooters \u00e0 grosse cylindr\u00e9e \u00e0 Paros. Location de moto et scooter \u00e0 Paros pour votre d\u00e9placement confortable et \u00e9conomique.","breadcrumb":{"@id":"https:\/\/parosrentcar.com\/fr\/locations-de-motos-et-scooters-a-paros\/#breadcrumb"},"inLanguage":"fr-FR","potentialAction":[{"@type":"ReadAction","target":["https:\/\/parosrentcar.com\/fr\/locations-de-motos-et-scooters-a-paros\/"]}]},{"@type":"BreadcrumbList","@id":"https:\/\/parosrentcar.com\/fr\/locations-de-motos-et-scooters-a-paros\/#breadcrumb","itemListElement":[{"@type":"ListItem","position":1,"name":"Home","item":"https:\/\/parosrentcar.com\/fr\/"},{"@type":"ListItem","position":2,"name":"Locations de Motos et scooters \u00e0 Paros"}]},{"@type":"WebSite","@id":"https:\/\/parosrentcar.com\/fr\/#website","url":"https:\/\/parosrentcar.com\/fr\/","name":"Location de voitures \u00e0 Paros Gr\u00e8ce - ParosEuropeanRent","description":"Location de voiture, buggy, quad, atv, scooter, moto et v\u00e9lo \u00e0 Paros","potentialAction":[{"@type":"SearchAction","target":{"@type":"EntryPoint","urlTemplate":"https:\/\/parosrentcar.com\/fr\/?s={search_term_string}"},"query-input":{"@type":"PropertyValueSpecification","valueRequired":true,"valueName":"search_term_string"}}],"inLanguage":"fr-FR"},{"@type":"Person","@id":"https:\/\/parosrentcar.com\/fr\/#\/schema\/person\/d743451aad44d2f5e7839544ed91721e","name":"admin","image":{"@type":"ImageObject","inLanguage":"fr-FR","@id":"https:\/\/parosrentcar.com\/fr\/#\/schema\/person\/image\/","url":"https:\/\/secure.gravatar.com\/avatar\/e8373ef91d847108770c709f685a900c4549230f96552692edf55206b4e6cdac?s=96&d=mm&r=g","contentUrl":"https:\/\/secure.gravatar.com\/avatar\/e8373ef91d847108770c709f685a900c4549230f96552692edf55206b4e6cdac?s=96&d=mm&r=g","caption":"admin"},"url":"https:\/\/parosrentcar.com\/fr\/author\/admin\/"}]}},"_links":{"self":[{"href":"https:\/\/parosrentcar.com\/fr\/wp-json\/wp\/v2\/posts\/2697","targetHints":{"allow":["GET"]}}],"collection":[{"href":"https:\/\/parosrentcar.com\/fr\/wp-json\/wp\/v2\/posts"}],"about":[{"href":"https:\/\/parosrentcar.com\/fr\/wp-json\/wp\/v2\/types\/post"}],"author":[{"embeddable":true,"href":"https:\/\/parosrentcar.com\/fr\/wp-json\/wp\/v2\/users\/1"}],"replies":[{"embeddable":true,"href":"https:\/\/parosrentcar.com\/fr\/wp-json\/wp\/v2\/comments?post=2697"}],"version-history":[{"count":2,"href":"https:\/\/parosrentcar.com\/fr\/wp-json\/wp\/v2\/posts\/2697\/revisions"}],"predecessor-version":[{"id":2699,"href":"https:\/\/parosrentcar.com\/fr\/wp-json\/wp\/v2\/posts\/2697\/revisions\/2699"}],"wp:attachment":[{"href":"https:\/\/parosrentcar.com\/fr\/wp-json\/wp\/v2\/media?parent=2697"}],"wp:term":[{"taxonomy":"category","embeddable":true,"href":"https:\/\/parosrentcar.com\/fr\/wp-json\/wp\/v2\/categories?post=2697"},{"taxonomy":"post_tag","embeddable":true,"href":"https:\/\/parosrentcar.com\/fr\/wp-json\/wp\/v2\/tags?post=2697"}],"curies":[{"name":"wp","href":"https:\/\/api.w.org\/{rel}","templated":true}]}}