{"id":2687,"date":"2021-02-03T05:11:16","date_gmt":"2021-02-03T05:11:16","guid":{"rendered":"https:\/\/parosrentcar.com\/fr\/?p=2687"},"modified":"2021-02-03T06:00:11","modified_gmt":"2021-02-03T06:00:11","slug":"offres-hivernales-de-location-de-voitures-et-scooters-economiques-a-paros","status":"publish","type":"post","link":"https:\/\/parosrentcar.com\/fr\/offres-hivernales-de-location-de-voitures-et-scooters-economiques-a-paros\/","title":{"rendered":"Offres hivernales de location de voitures et scooters \u00e9conomiques \u00e0 Paros"},"content":{"rendered":"<p>&nbsp;<br \/>\nNotre soci\u00e9t\u00e9 <strong>Paros European Rent <\/strong>est ouverte toute l\u2019ann\u00e9e \u00e0 Paros et vous offre les meilleurs tarifs en mati\u00e8re de location de voitures, buggy, quad\/atv, scooters et motos s\u00fbrs et fiables.<\/p>\n<p>Elle propose ainsi \u00e0 nos visiteurs d\u2019hiver les offres suivantes\u00a0:<\/p>\n<ul>\n<li><strong>Offre weekend (3 jours) \u2013Tarif 60 \u20ac<\/strong><br \/>\nCat\u00e9gorie de v\u00e9hicules concern\u00e9e : A, B<strong><br \/>\n<\/strong>Comprend : la TVA de 24% \u2013 le kilom\u00e9trage illimit\u00e9 \u2013 l\u2019assurance responsabilit\u00e9 civile vis-\u00e0-vis de tiers \u2013 Livraison gratuite au port, \u00e0 l\u2019a\u00e9roport et \u00e0 l\u2019h\u00f4tel \u2013 Si\u00e8ge auto pour enfant gratuit\u00a0!<br \/>\n<strong><u>P\u00e9riode de validit\u00e9 de l\u2019offre<\/u><\/strong><u>\u00a0<strong>: Du 01.11.2020 au 30.03.2021<\/strong><\/u><\/li>\n<\/ul>\n<ul>\n<li><strong>Offre (<\/strong><strong>7<\/strong><strong> jours) \u2013Tarif 105 \u20ac<\/strong><br \/>\nCat\u00e9gorie de v\u00e9hicules concern\u00e9e : A, B<br \/>\nComprend : la TVA de 24% \u2013 le kilom\u00e9trage illimit\u00e9 \u2013 l\u2019assurance responsabilit\u00e9 civile vis-\u00e0-vis de tiers \u2013 Livraison gratuite au port, \u00e0 l\u2019a\u00e9roport et \u00e0 l\u2019h\u00f4tel \u2013 Si\u00e8ge auto pour enfant gratuit\u00a0!<br \/>\n<strong><u>P\u00e9riode de validit\u00e9 de l\u2019offre<\/u><\/strong><u>\u00a0<strong>: Du 01.11.2020 au 30.03.2021<\/strong><\/u><\/li>\n<\/ul>\n<ul>\n<li><strong>Offre Scooter (7 jours) \u2013Tarif 60 \u20ac<\/strong><br \/>\nCat\u00e9gorie de scooter concern\u00e9e : 125cc, 150cc<br \/>\nComprend : la TVA de 24% \u2013 le kilom\u00e9trage illimit\u00e9 \u2013 l\u2019assurance responsabilit\u00e9 civile vis-\u00e0-vis de tiers \u2013 Livraison gratuite au port, \u00e0 l\u2019a\u00e9roport et \u00e0 l\u2019h\u00f4tel \u2013 Casque gratuit\u00a0!<br \/>\n<strong><u>P\u00e9riode de validit\u00e9 de l\u2019offre<\/u><\/strong><u>\u00a0<strong>: Du 01.11.2020 au 30.03.2021<\/strong><\/u><\/li>\n<\/ul>\n<p>Pour faire une r\u00e9servation en ligne, recherchez parmi nos offres celle qui vous int\u00e9resse et compl\u00e9tez le formulaire de r\u00e9servation avec vos coordonn\u00e9es.<\/p>\n","protected":false},"excerpt":{"rendered":"<p>Notre soci\u00e9t\u00e9 Paros European Rent est ouverte toute l\u2019ann\u00e9e \u00e0 Paros et vous offre les meilleurs tarifs en mati\u00e8re de location de voitures, buggy, quad\/atv, scooters et motos s\u00fbrs et fiables. Elle propose ainsi \u00e0 nos visiteurs d\u2019hiver les offres suivantes <\/p>\n","protected":false},"author":1,"featured_media":2692,"comment_status":"open","ping_status":"open","sticky":false,"template":"","format":"standard","meta":{"footnotes":""},"categories":[205,203,204,202,209,208,207,206],"tags":[213,211,212,210,217,216,215,214],"class_list":["post-2687","post","type-post","status-publish","format-standard","has-post-thumbnail","hentry","category-location-de-scooter-a-paros-en-hiver","category-location-de-voiture-a-paros-en-hiver","category-locations-de-scooters-a-paros-en-hiver","category-locations-de-voitures-a-paros-en-hiver","category-offre-de-location-de-scooter-a-paros-en-hiver","category-offre-de-location-de-voiture-a-paros-en-hiver","category-offres-de-locations-de-scooters-a-paros-en-hiver","category-offres-de-locations-de-voitures-a-paros-en-hiver","tag-location-de-scooter-a-paros-en-hiver","tag-location-de-voiture-a-paros-en-hiver","tag-locations-de-scooters-a-paros-en-hiver","tag-locations-de-voitures-a-paros-en-hiver","tag-offre-de-location-de-scooter-a-paros-en-hiver","tag-offre-de-location-de-voiture-a-paros-en-hiver","tag-offres-de-locations-de-scooters-a-paros-en-hiver","tag-offres-de-locations-de-voitures-a-paros-en-hiver"],"yoast_head":"<!-- This site is optimized with the Yoast SEO plugin v27.1.1 - https:\/\/yoast.com\/product\/yoast-seo-wordpress\/ -->\n<title>Offres hivernales de location de voitures et scooters \u00e9conomiques \u00e0 Paros<\/title>\n<meta name=\"description\" content=\"Offres hivernales de ParosEuropean Rent pour location de voiture et scooter \u00e9conomique \u00e0 Paros. Offres de locations de voitures et scooters \u00e0 Paros en hiver.\" \/>\n<meta name=\"robots\" content=\"index, follow, max-snippet:-1, max-image-preview:large, max-video-preview:-1\" \/>\n<link rel=\"canonical\" href=\"https:\/\/parosrentcar.com\/fr\/offres-hivernales-de-location-de-voitures-et-scooters-economiques-a-paros\/\" \/>\n<meta property=\"og:locale\" content=\"fr_FR\" \/>\n<meta property=\"og:type\" content=\"article\" \/>\n<meta property=\"og:title\" content=\"Offres hivernales de location de voitures et scooters \u00e9conomiques \u00e0 Paros\" \/>\n<meta property=\"og:description\" content=\"Offres hivernales de ParosEuropean Rent pour location de voiture et scooter \u00e9conomique \u00e0 Paros. Offres de locations de voitures et scooters \u00e0 Paros en hiver.\" \/>\n<meta property=\"og:url\" content=\"https:\/\/parosrentcar.com\/fr\/offres-hivernales-de-location-de-voitures-et-scooters-economiques-a-paros\/\" \/>\n<meta property=\"og:site_name\" content=\"Location de voitures \u00e0 Paros Gr\u00e8ce - ParosEuropeanRent\" \/>\n<meta property=\"article:publisher\" content=\"https:\/\/www.facebook.com\/paroscarrental\" \/>\n<meta property=\"article:published_time\" content=\"2021-02-03T05:11:16+00:00\" \/>\n<meta property=\"article:modified_time\" content=\"2021-02-03T06:00:11+00:00\" \/>\n<meta property=\"og:image\" content=\"https:\/\/parosrentcar.com\/fr\/wp-content\/uploads\/2021\/02\/citigo-1000-400.jpg\" \/>\n\t<meta property=\"og:image:width\" content=\"1000\" \/>\n\t<meta property=\"og:image:height\" content=\"400\" \/>\n\t<meta property=\"og:image:type\" content=\"image\/jpeg\" \/>\n<meta name=\"author\" content=\"admin\" \/>\n<meta name=\"twitter:label1\" content=\"\u00c9crit par\" \/>\n\t<meta name=\"twitter:data1\" content=\"admin\" \/>\n\t<meta name=\"twitter:label2\" content=\"Dur\u00e9e de lecture estim\u00e9e\" \/>\n\t<meta name=\"twitter:data2\" content=\"1 minute\" \/>\n<script type=\"application\/ld+json\" class=\"yoast-schema-graph\">{\"@context\":\"https:\/\/schema.org\",\"@graph\":[{\"@type\":\"Article\",\"@id\":\"https:\/\/parosrentcar.com\/fr\/offres-hivernales-de-location-de-voitures-et-scooters-economiques-a-paros\/#article\",\"isPartOf\":{\"@id\":\"https:\/\/parosrentcar.com\/fr\/offres-hivernales-de-location-de-voitures-et-scooters-economiques-a-paros\/\"},\"author\":{\"name\":\"admin\",\"@id\":\"https:\/\/parosrentcar.com\/fr\/#\/schema\/person\/d743451aad44d2f5e7839544ed91721e\"},\"headline\":\"Offres hivernales de location de voitures et scooters \u00e9conomiques \u00e0 Paros\",\"datePublished\":\"2021-02-03T05:11:16+00:00\",\"dateModified\":\"2021-02-03T06:00:11+00:00\",\"mainEntityOfPage\":{\"@id\":\"https:\/\/parosrentcar.com\/fr\/offres-hivernales-de-location-de-voitures-et-scooters-economiques-a-paros\/\"},\"wordCount\":244,\"commentCount\":0,\"image\":{\"@id\":\"https:\/\/parosrentcar.com\/fr\/offres-hivernales-de-location-de-voitures-et-scooters-economiques-a-paros\/#primaryimage\"},\"thumbnailUrl\":\"https:\/\/parosrentcar.com\/fr\/wp-content\/uploads\/2021\/02\/citigo-1000-400.jpg\",\"keywords\":[\"location de scooter \u00e0 Paros en hiver\",\"location de voiture \u00e0 Paros en hiver\",\"locations de scooters \u00e0 Paros en hiver\",\"locations de voitures \u00e0 Paros en hiver\",\"offre de location de scooter \u00e0 Paros en hiver\",\"offre de location de voiture \u00e0 Paros en hiver\",\"offres de locations de scooters \u00e0 Paros en hiver\",\"offres de locations de voitures \u00e0 Paros en hiver\"],\"articleSection\":[\"location de scooter \u00e0 Paros en hiver\",\"location de voiture \u00e0 Paros en hiver\",\"locations de scooters \u00e0 Paros en hiver\",\"locations de voitures \u00e0 Paros en hiver\",\"offre de location de scooter \u00e0 Paros en hiver\",\"offre de location de voiture \u00e0 Paros en hiver\",\"offres de locations de scooters \u00e0 Paros en hiver\",\"offres de locations de voitures \u00e0 Paros en hiver\"],\"inLanguage\":\"fr-FR\",\"potentialAction\":[{\"@type\":\"CommentAction\",\"name\":\"Comment\",\"target\":[\"https:\/\/parosrentcar.com\/fr\/offres-hivernales-de-location-de-voitures-et-scooters-economiques-a-paros\/#respond\"]}]},{\"@type\":\"WebPage\",\"@id\":\"https:\/\/parosrentcar.com\/fr\/offres-hivernales-de-location-de-voitures-et-scooters-economiques-a-paros\/\",\"url\":\"https:\/\/parosrentcar.com\/fr\/offres-hivernales-de-location-de-voitures-et-scooters-economiques-a-paros\/\",\"name\":\"Offres hivernales de location de voitures et scooters \u00e9conomiques \u00e0 Paros\",\"isPartOf\":{\"@id\":\"https:\/\/parosrentcar.com\/fr\/#website\"},\"primaryImageOfPage\":{\"@id\":\"https:\/\/parosrentcar.com\/fr\/offres-hivernales-de-location-de-voitures-et-scooters-economiques-a-paros\/#primaryimage\"},\"image\":{\"@id\":\"https:\/\/parosrentcar.com\/fr\/offres-hivernales-de-location-de-voitures-et-scooters-economiques-a-paros\/#primaryimage\"},\"thumbnailUrl\":\"https:\/\/parosrentcar.com\/fr\/wp-content\/uploads\/2021\/02\/citigo-1000-400.jpg\",\"datePublished\":\"2021-02-03T05:11:16+00:00\",\"dateModified\":\"2021-02-03T06:00:11+00:00\",\"author\":{\"@id\":\"https:\/\/parosrentcar.com\/fr\/#\/schema\/person\/d743451aad44d2f5e7839544ed91721e\"},\"description\":\"Offres hivernales de ParosEuropean Rent pour location de voiture et scooter \u00e9conomique \u00e0 Paros. Offres de locations de voitures et scooters \u00e0 Paros en hiver.\",\"breadcrumb\":{\"@id\":\"https:\/\/parosrentcar.com\/fr\/offres-hivernales-de-location-de-voitures-et-scooters-economiques-a-paros\/#breadcrumb\"},\"inLanguage\":\"fr-FR\",\"potentialAction\":[{\"@type\":\"ReadAction\",\"target\":[\"https:\/\/parosrentcar.com\/fr\/offres-hivernales-de-location-de-voitures-et-scooters-economiques-a-paros\/\"]}]},{\"@type\":\"ImageObject\",\"inLanguage\":\"fr-FR\",\"@id\":\"https:\/\/parosrentcar.com\/fr\/offres-hivernales-de-location-de-voitures-et-scooters-economiques-a-paros\/#primaryimage\",\"url\":\"https:\/\/parosrentcar.com\/fr\/wp-content\/uploads\/2021\/02\/citigo-1000-400.jpg\",\"contentUrl\":\"https:\/\/parosrentcar.com\/fr\/wp-content\/uploads\/2021\/02\/citigo-1000-400.jpg\",\"width\":1000,\"height\":400,\"caption\":\"Offres hivernales de location de voitures\"},{\"@type\":\"BreadcrumbList\",\"@id\":\"https:\/\/parosrentcar.com\/fr\/offres-hivernales-de-location-de-voitures-et-scooters-economiques-a-paros\/#breadcrumb\",\"itemListElement\":[{\"@type\":\"ListItem\",\"position\":1,\"name\":\"Home\",\"item\":\"https:\/\/parosrentcar.com\/fr\/\"},{\"@type\":\"ListItem\",\"position\":2,\"name\":\"Offres hivernales de location de voitures et scooters \u00e9conomiques \u00e0 Paros\"}]},{\"@type\":\"WebSite\",\"@id\":\"https:\/\/parosrentcar.com\/fr\/#website\",\"url\":\"https:\/\/parosrentcar.com\/fr\/\",\"name\":\"Location de voitures \u00e0 Paros Gr\u00e8ce - ParosEuropeanRent\",\"description\":\"Location de voiture, buggy, quad, atv, scooter, moto et v\u00e9lo \u00e0 Paros\",\"potentialAction\":[{\"@type\":\"SearchAction\",\"target\":{\"@type\":\"EntryPoint\",\"urlTemplate\":\"https:\/\/parosrentcar.com\/fr\/?s={search_term_string}\"},\"query-input\":{\"@type\":\"PropertyValueSpecification\",\"valueRequired\":true,\"valueName\":\"search_term_string\"}}],\"inLanguage\":\"fr-FR\"},{\"@type\":\"Person\",\"@id\":\"https:\/\/parosrentcar.com\/fr\/#\/schema\/person\/d743451aad44d2f5e7839544ed91721e\",\"name\":\"admin\",\"image\":{\"@type\":\"ImageObject\",\"inLanguage\":\"fr-FR\",\"@id\":\"https:\/\/parosrentcar.com\/fr\/#\/schema\/person\/image\/\",\"url\":\"https:\/\/secure.gravatar.com\/avatar\/e8373ef91d847108770c709f685a900c4549230f96552692edf55206b4e6cdac?s=96&d=mm&r=g\",\"contentUrl\":\"https:\/\/secure.gravatar.com\/avatar\/e8373ef91d847108770c709f685a900c4549230f96552692edf55206b4e6cdac?s=96&d=mm&r=g\",\"caption\":\"admin\"},\"url\":\"https:\/\/parosrentcar.com\/fr\/author\/admin\/\"}]}<\/script>\n<!-- \/ Yoast SEO plugin. -->","yoast_head_json":{"title":"Offres hivernales de location de voitures et scooters \u00e9conomiques \u00e0 Paros","description":"Offres hivernales de ParosEuropean Rent pour location de voiture et scooter \u00e9conomique \u00e0 Paros. Offres de locations de voitures et scooters \u00e0 Paros en hiver.","robots":{"index":"index","follow":"follow","max-snippet":"max-snippet:-1","max-image-preview":"max-image-preview:large","max-video-preview":"max-video-preview:-1"},"canonical":"https:\/\/parosrentcar.com\/fr\/offres-hivernales-de-location-de-voitures-et-scooters-economiques-a-paros\/","og_locale":"fr_FR","og_type":"article","og_title":"Offres hivernales de location de voitures et scooters \u00e9conomiques \u00e0 Paros","og_description":"Offres hivernales de ParosEuropean Rent pour location de voiture et scooter \u00e9conomique \u00e0 Paros. Offres de locations de voitures et scooters \u00e0 Paros en hiver.","og_url":"https:\/\/parosrentcar.com\/fr\/offres-hivernales-de-location-de-voitures-et-scooters-economiques-a-paros\/","og_site_name":"Location de voitures \u00e0 Paros Gr\u00e8ce - ParosEuropeanRent","article_publisher":"https:\/\/www.facebook.com\/paroscarrental","article_published_time":"2021-02-03T05:11:16+00:00","article_modified_time":"2021-02-03T06:00:11+00:00","og_image":[{"width":1000,"height":400,"url":"https:\/\/parosrentcar.com\/fr\/wp-content\/uploads\/2021\/02\/citigo-1000-400.jpg","type":"image\/jpeg"}],"author":"admin","twitter_misc":{"\u00c9crit par":"admin","Dur\u00e9e de lecture estim\u00e9e":"1 minute"},"schema":{"@context":"https:\/\/schema.org","@graph":[{"@type":"Article","@id":"https:\/\/parosrentcar.com\/fr\/offres-hivernales-de-location-de-voitures-et-scooters-economiques-a-paros\/#article","isPartOf":{"@id":"https:\/\/parosrentcar.com\/fr\/offres-hivernales-de-location-de-voitures-et-scooters-economiques-a-paros\/"},"author":{"name":"admin","@id":"https:\/\/parosrentcar.com\/fr\/#\/schema\/person\/d743451aad44d2f5e7839544ed91721e"},"headline":"Offres hivernales de location de voitures et scooters \u00e9conomiques \u00e0 Paros","datePublished":"2021-02-03T05:11:16+00:00","dateModified":"2021-02-03T06:00:11+00:00","mainEntityOfPage":{"@id":"https:\/\/parosrentcar.com\/fr\/offres-hivernales-de-location-de-voitures-et-scooters-economiques-a-paros\/"},"wordCount":244,"commentCount":0,"image":{"@id":"https:\/\/parosrentcar.com\/fr\/offres-hivernales-de-location-de-voitures-et-scooters-economiques-a-paros\/#primaryimage"},"thumbnailUrl":"https:\/\/parosrentcar.com\/fr\/wp-content\/uploads\/2021\/02\/citigo-1000-400.jpg","keywords":["location de scooter \u00e0 Paros en hiver","location de voiture \u00e0 Paros en hiver","locations de scooters \u00e0 Paros en hiver","locations de voitures \u00e0 Paros en hiver","offre de location de scooter \u00e0 Paros en hiver","offre de location de voiture \u00e0 Paros en hiver","offres de locations de scooters \u00e0 Paros en hiver","offres de locations de voitures \u00e0 Paros en hiver"],"articleSection":["location de scooter \u00e0 Paros en hiver","location de voiture \u00e0 Paros en hiver","locations de scooters \u00e0 Paros en hiver","locations de voitures \u00e0 Paros en hiver","offre de location de scooter \u00e0 Paros en hiver","offre de location de voiture \u00e0 Paros en hiver","offres de locations de scooters \u00e0 Paros en hiver","offres de locations de voitures \u00e0 Paros en hiver"],"inLanguage":"fr-FR","potentialAction":[{"@type":"CommentAction","name":"Comment","target":["https:\/\/parosrentcar.com\/fr\/offres-hivernales-de-location-de-voitures-et-scooters-economiques-a-paros\/#respond"]}]},{"@type":"WebPage","@id":"https:\/\/parosrentcar.com\/fr\/offres-hivernales-de-location-de-voitures-et-scooters-economiques-a-paros\/","url":"https:\/\/parosrentcar.com\/fr\/offres-hivernales-de-location-de-voitures-et-scooters-economiques-a-paros\/","name":"Offres hivernales de location de voitures et scooters \u00e9conomiques \u00e0 Paros","isPartOf":{"@id":"https:\/\/parosrentcar.com\/fr\/#website"},"primaryImageOfPage":{"@id":"https:\/\/parosrentcar.com\/fr\/offres-hivernales-de-location-de-voitures-et-scooters-economiques-a-paros\/#primaryimage"},"image":{"@id":"https:\/\/parosrentcar.com\/fr\/offres-hivernales-de-location-de-voitures-et-scooters-economiques-a-paros\/#primaryimage"},"thumbnailUrl":"https:\/\/parosrentcar.com\/fr\/wp-content\/uploads\/2021\/02\/citigo-1000-400.jpg","datePublished":"2021-02-03T05:11:16+00:00","dateModified":"2021-02-03T06:00:11+00:00","author":{"@id":"https:\/\/parosrentcar.com\/fr\/#\/schema\/person\/d743451aad44d2f5e7839544ed91721e"},"description":"Offres hivernales de ParosEuropean Rent pour location de voiture et scooter \u00e9conomique \u00e0 Paros. Offres de locations de voitures et scooters \u00e0 Paros en hiver.","breadcrumb":{"@id":"https:\/\/parosrentcar.com\/fr\/offres-hivernales-de-location-de-voitures-et-scooters-economiques-a-paros\/#breadcrumb"},"inLanguage":"fr-FR","potentialAction":[{"@type":"ReadAction","target":["https:\/\/parosrentcar.com\/fr\/offres-hivernales-de-location-de-voitures-et-scooters-economiques-a-paros\/"]}]},{"@type":"ImageObject","inLanguage":"fr-FR","@id":"https:\/\/parosrentcar.com\/fr\/offres-hivernales-de-location-de-voitures-et-scooters-economiques-a-paros\/#primaryimage","url":"https:\/\/parosrentcar.com\/fr\/wp-content\/uploads\/2021\/02\/citigo-1000-400.jpg","contentUrl":"https:\/\/parosrentcar.com\/fr\/wp-content\/uploads\/2021\/02\/citigo-1000-400.jpg","width":1000,"height":400,"caption":"Offres hivernales de location de voitures"},{"@type":"BreadcrumbList","@id":"https:\/\/parosrentcar.com\/fr\/offres-hivernales-de-location-de-voitures-et-scooters-economiques-a-paros\/#breadcrumb","itemListElement":[{"@type":"ListItem","position":1,"name":"Home","item":"https:\/\/parosrentcar.com\/fr\/"},{"@type":"ListItem","position":2,"name":"Offres hivernales de location de voitures et scooters \u00e9conomiques \u00e0 Paros"}]},{"@type":"WebSite","@id":"https:\/\/parosrentcar.com\/fr\/#website","url":"https:\/\/parosrentcar.com\/fr\/","name":"Location de voitures \u00e0 Paros Gr\u00e8ce - ParosEuropeanRent","description":"Location de voiture, buggy, quad, atv, scooter, moto et v\u00e9lo \u00e0 Paros","potentialAction":[{"@type":"SearchAction","target":{"@type":"EntryPoint","urlTemplate":"https:\/\/parosrentcar.com\/fr\/?s={search_term_string}"},"query-input":{"@type":"PropertyValueSpecification","valueRequired":true,"valueName":"search_term_string"}}],"inLanguage":"fr-FR"},{"@type":"Person","@id":"https:\/\/parosrentcar.com\/fr\/#\/schema\/person\/d743451aad44d2f5e7839544ed91721e","name":"admin","image":{"@type":"ImageObject","inLanguage":"fr-FR","@id":"https:\/\/parosrentcar.com\/fr\/#\/schema\/person\/image\/","url":"https:\/\/secure.gravatar.com\/avatar\/e8373ef91d847108770c709f685a900c4549230f96552692edf55206b4e6cdac?s=96&d=mm&r=g","contentUrl":"https:\/\/secure.gravatar.com\/avatar\/e8373ef91d847108770c709f685a900c4549230f96552692edf55206b4e6cdac?s=96&d=mm&r=g","caption":"admin"},"url":"https:\/\/parosrentcar.com\/fr\/author\/admin\/"}]}},"_links":{"self":[{"href":"https:\/\/parosrentcar.com\/fr\/wp-json\/wp\/v2\/posts\/2687","targetHints":{"allow":["GET"]}}],"collection":[{"href":"https:\/\/parosrentcar.com\/fr\/wp-json\/wp\/v2\/posts"}],"about":[{"href":"https:\/\/parosrentcar.com\/fr\/wp-json\/wp\/v2\/types\/post"}],"author":[{"embeddable":true,"href":"https:\/\/parosrentcar.com\/fr\/wp-json\/wp\/v2\/users\/1"}],"replies":[{"embeddable":true,"href":"https:\/\/parosrentcar.com\/fr\/wp-json\/wp\/v2\/comments?post=2687"}],"version-history":[{"count":4,"href":"https:\/\/parosrentcar.com\/fr\/wp-json\/wp\/v2\/posts\/2687\/revisions"}],"predecessor-version":[{"id":2691,"href":"https:\/\/parosrentcar.com\/fr\/wp-json\/wp\/v2\/posts\/2687\/revisions\/2691"}],"wp:featuredmedia":[{"embeddable":true,"href":"https:\/\/parosrentcar.com\/fr\/wp-json\/wp\/v2\/media\/2692"}],"wp:attachment":[{"href":"https:\/\/parosrentcar.com\/fr\/wp-json\/wp\/v2\/media?parent=2687"}],"wp:term":[{"taxonomy":"category","embeddable":true,"href":"https:\/\/parosrentcar.com\/fr\/wp-json\/wp\/v2\/categories?post=2687"},{"taxonomy":"post_tag","embeddable":true,"href":"https:\/\/parosrentcar.com\/fr\/wp-json\/wp\/v2\/tags?post=2687"}],"curies":[{"name":"wp","href":"https:\/\/api.w.org\/{rel}","templated":true}]}}