{"id":2499,"date":"2018-04-04T04:50:46","date_gmt":"2018-04-04T04:50:46","guid":{"rendered":"https:\/\/parosrentcar.com\/fr\/?p=2499"},"modified":"2018-04-04T05:05:11","modified_gmt":"2018-04-04T05:05:11","slug":"voitures-a-tarifs-economiques-sures-vos-vacances-a-paros","status":"publish","type":"post","link":"https:\/\/parosrentcar.com\/fr\/voitures-a-tarifs-economiques-sures-vos-vacances-a-paros\/","title":{"rendered":"Voitures \u00e0 tarifs \u00e9conomiques et s\u00fbres pour vos vacances \u00e0 Paros"},"content":{"rendered":"<p>Paros constitue une des iles les plus r\u00e9put\u00e9es de Cyclades. Le soleil, les plages des eaux limpides et de sable dor\u00e9, les maisons blanchies traditionnelles, les \u00e9glises\u00a0\u00e0\u00a0d\u00f4me bleu, les rues pav\u00e9es, d\u00e9montrent la beaut\u00e9 naturelle des Cyclades de cette ile.<\/p>\n<p>Paros accueille des visiteurs du monde entier pour une dur\u00e9e de 7 mois par an. La plupart des touristes vient pendant les mois estivaux: juin, juillet et ao\u00fbt. Apr\u00e8s Naxos, Paros constitue la deuxi\u00e8me plus grande ile des Cyclades. Afin d\u2019explorer le grand nombre des plages superbes, vous aurez besoin d\u2019un v\u00e9hicule comme <strong>voiture, scooter, quad ou Buggy<\/strong>.<\/p>\n<p>Ne tardez pas de faire votre r\u00e9servation en s\u00e9lectionnant parmi les voitures \u00e9conomiques de cat\u00e9gorie A et profitez de la <strong>r\u00e9duction de 15%<\/strong> pour une location de plus de 8 jours.<\/p>\n<ul>\n<li><a href=\"https:\/\/parosrentcar.com\/fr\/location-de-voitures-a-paros\/scoda-citigo\/\" target=\"_blank\" rel=\"noopener\"><strong>GROUP A\u00a0: SCODA CITIGO<\/strong><\/a><\/li>\n<li><a href=\"https:\/\/parosrentcar.com\/fr\/location-de-voitures-a-paros\/matiz-chevrolet\/\" target=\"_blank\" rel=\"noopener\"><strong>GROUP A\u00a0: SPARK CHEVROLET<\/strong><\/a><\/li>\n<li><a href=\"https:\/\/parosrentcar.com\/fr\/location-de-voitures-a-paros\/groupe-a-suzuki-alto\/\" target=\"_blank\" rel=\"noopener\"><strong>GROUP A\u00a0: SUZUKI ALTO<\/strong><\/a><\/li>\n<\/ul>\n<p><strong>Les tarifs<\/strong><strong> comprennent\u00a0:<\/strong>\u00a0 TVA de 24%-\u00a0 kilom\u00e9trage illimit\u00e9- assurance responsabilit\u00e9 civile vis-\u00e0-vis de tiers \u00a0\u2013 livraison gratuite au Port, \u00e0 l\u2019 A\u00e9roport et \u00e0 l\u2019H\u00f4tel \u2013 si\u00e8ge auto pour enfant gratuit.<\/p>\n","protected":false},"excerpt":{"rendered":"<p>Paros constitue une des iles les plus r\u00e9put\u00e9es de Cyclades. Le soleil, les plages des eaux limpides et de sable dor\u00e9, les maisons blanchies traditionnelles, les \u00e9glises\u00a0\u00e0\u00a0d\u00f4me bleu, les rues pav\u00e9es, d\u00e9montrent la beaut\u00e9 naturelle des Cyclades de cette ile. Paros accueille des visiteurs du monde entier pour une dur\u00e9e de 7 mois par an. La plupart des touristes vient pendant les mois estivaux: juin, juillet et ao\u00fbt. Apr\u00e8s Naxos, Paros constitue la deuxi\u00e8me plus grande ile des Cyclades. Afin d\u2019explorer le grand nombre des plages superbes, vous aurez besoin d\u2019un v\u00e9hicule comme voiture, scooter, quad ou Buggy. Ne tardez pas de faire votre r\u00e9servation en s\u00e9lectionnant parmi les voitures [&hellip;]<\/p>\n","protected":false},"author":1,"featured_media":0,"comment_status":"open","ping_status":"open","sticky":false,"template":"","format":"standard","meta":{"footnotes":""},"categories":[31,30,118,109,117,110,116,108,83,193,45,119,21,20,39,38,5,135,6,10],"tags":[113,35,111,96,180,97,112,61,196,195,48,26,42,194,132],"class_list":["post-2499","post","type-post","status-publish","format-standard","hentry","category-buggy-a-louer-a-paros","category-buggy-a-paros","category-location-de-atv-a-paros","category-location-de-buggy-a-paros","category-location-de-motos-a-paros","category-location-de-quad-a-paros","category-location-de-scooter-a-paros","category-location-de-voiture-a-paros","category-locations-de-voitures-a-paros","category-louer-une-voiture-a-paros","category-moto-a-louer-a-paros","category-paros-voitures","category-quad-a-louer-a-paros","category-quad-a-paros","category-scooter-a-louer-a-paros","category-scooter-a-paros","category-voitures-a-louer-a-paros","category-voiture-de-location-a-paros","category-voitures-a-parikia","category-voitures-de-luxe-a-paros","tag-atv-a-louer-a-paros","tag-buggy-a-louer-a-paros","tag-location-de-atv-a-paros","tag-location-de-buggy-a-paros","tag-location-de-moto-a-paros","tag-location-de-quad-a-paros","tag-location-de-scooter-a-paros","tag-location-de-voiture-a-paros","tag-louer-une-buggy-a-paros","tag-louer-une-voiture-a-paros","tag-moto-a-louer-a-paros","tag-quad-a-louer-a-paros","tag-scooter-a-louer-a-paros","tag-vacances-a-paros","tag-voiture-a-louer-a-paros"],"yoast_head":"<!-- This site is optimized with the Yoast SEO plugin v27.1.1 - https:\/\/yoast.com\/product\/yoast-seo-wordpress\/ -->\n<title>Voitures \u00e9conomiques et en s\u00e9curit\u00e9 pour vos vacances \u00e0 Paros<\/title>\n<meta name=\"description\" content=\"Offres de location de voitures r\u00e9centes, buggy, quads-atv, scooters et motos. Voitures \u00e9conomiques et en s\u00e9curit\u00e9 pour vos vacances \u00e0 Paros. Location de voiture \u00e0 Paros\" \/>\n<meta name=\"robots\" content=\"index, follow, max-snippet:-1, max-image-preview:large, max-video-preview:-1\" \/>\n<link rel=\"canonical\" href=\"https:\/\/parosrentcar.com\/fr\/voitures-a-tarifs-economiques-sures-vos-vacances-a-paros\/\" \/>\n<meta property=\"og:locale\" content=\"fr_FR\" \/>\n<meta property=\"og:type\" content=\"article\" \/>\n<meta property=\"og:title\" content=\"Voitures \u00e9conomiques et en s\u00e9curit\u00e9 pour vos vacances \u00e0 Paros\" \/>\n<meta property=\"og:description\" content=\"Offres de location de voitures r\u00e9centes, buggy, quads-atv, scooters et motos. Voitures \u00e9conomiques et en s\u00e9curit\u00e9 pour vos vacances \u00e0 Paros. Location de voiture \u00e0 Paros\" \/>\n<meta property=\"og:url\" content=\"https:\/\/parosrentcar.com\/fr\/voitures-a-tarifs-economiques-sures-vos-vacances-a-paros\/\" \/>\n<meta property=\"og:site_name\" content=\"Location de voitures \u00e0 Paros Gr\u00e8ce - ParosEuropeanRent\" \/>\n<meta property=\"article:publisher\" content=\"https:\/\/www.facebook.com\/paroscarrental\" \/>\n<meta property=\"article:published_time\" content=\"2018-04-04T04:50:46+00:00\" \/>\n<meta property=\"article:modified_time\" content=\"2018-04-04T05:05:11+00:00\" \/>\n<meta name=\"author\" content=\"admin\" \/>\n<meta name=\"twitter:label1\" content=\"\u00c9crit par\" \/>\n\t<meta name=\"twitter:data1\" content=\"admin\" \/>\n\t<meta name=\"twitter:label2\" content=\"Dur\u00e9e de lecture estim\u00e9e\" \/>\n\t<meta name=\"twitter:data2\" content=\"1 minute\" \/>\n<script type=\"application\/ld+json\" class=\"yoast-schema-graph\">{\"@context\":\"https:\/\/schema.org\",\"@graph\":[{\"@type\":\"Article\",\"@id\":\"https:\/\/parosrentcar.com\/fr\/voitures-a-tarifs-economiques-sures-vos-vacances-a-paros\/#article\",\"isPartOf\":{\"@id\":\"https:\/\/parosrentcar.com\/fr\/voitures-a-tarifs-economiques-sures-vos-vacances-a-paros\/\"},\"author\":{\"name\":\"admin\",\"@id\":\"https:\/\/parosrentcar.com\/fr\/#\/schema\/person\/d743451aad44d2f5e7839544ed91721e\"},\"headline\":\"Voitures \u00e0 tarifs \u00e9conomiques et s\u00fbres pour vos vacances \u00e0 Paros\",\"datePublished\":\"2018-04-04T04:50:46+00:00\",\"dateModified\":\"2018-04-04T05:05:11+00:00\",\"mainEntityOfPage\":{\"@id\":\"https:\/\/parosrentcar.com\/fr\/voitures-a-tarifs-economiques-sures-vos-vacances-a-paros\/\"},\"wordCount\":199,\"commentCount\":0,\"keywords\":[\"atv \u00e0 louer \u00e0 Paros\",\"Buggy \u00e0 louer \u00e0 Paros\",\"location de atv \u00e0 Paros\",\"location de buggy \u00e0 Paros\",\"location de moto \u00e0 Paros\",\"location de quad \u00e0 Paros\",\"location de scooter \u00e0 Paros\",\"location de voiture \u00e0 Paros\",\"louer une buggy \u00e0 Paros\",\"louer une voiture \u00e0 Paros\",\"Moto \u00e0 louer \u00e0 Paros\",\"Quad \u00e0 louer \u00e0 Paros\",\"Scooter \u00e0 louer \u00e0 Paros\",\"vacances \u00e0 Paros\",\"voiture \u00e0 louer \u00e0 Paros\"],\"articleSection\":[\"Buggy \u00e0 louer \u00e0 Paros\",\"Buggy \u00e0 Paros\",\"location de atv \u00e0 Paros\",\"location de buggy \u00e0 Paros\",\"location de moto \u00e0 Paros\",\"location de quad \u00e0 Paros\",\"location de scooter \u00e0 Paros\",\"location de voiture \u00e0 Paros\",\"locations de voitures \u00e0 Paros\",\"louer une voiture \u00e0 Paros\",\"Moto \u00e0 louer \u00e0 Paros\",\"Paros voitures\",\"Quad \u00e0 louer \u00e0 Paros\",\"Quad \u00e0 Paros\",\"Scooter \u00e0 louer \u00e0 Paros\",\"Scooter \u00e0 Paros\",\"voiture \u00e0 louer \u00e0 Paros\",\"voiture de location \u00e0 Paros\",\"voitures \u00e0 Parikia\",\"voitures de luxe \u00e0 Paros\"],\"inLanguage\":\"fr-FR\",\"potentialAction\":[{\"@type\":\"CommentAction\",\"name\":\"Comment\",\"target\":[\"https:\/\/parosrentcar.com\/fr\/voitures-a-tarifs-economiques-sures-vos-vacances-a-paros\/#respond\"]}]},{\"@type\":\"WebPage\",\"@id\":\"https:\/\/parosrentcar.com\/fr\/voitures-a-tarifs-economiques-sures-vos-vacances-a-paros\/\",\"url\":\"https:\/\/parosrentcar.com\/fr\/voitures-a-tarifs-economiques-sures-vos-vacances-a-paros\/\",\"name\":\"Voitures \u00e9conomiques et en s\u00e9curit\u00e9 pour vos vacances \u00e0 Paros\",\"isPartOf\":{\"@id\":\"https:\/\/parosrentcar.com\/fr\/#website\"},\"datePublished\":\"2018-04-04T04:50:46+00:00\",\"dateModified\":\"2018-04-04T05:05:11+00:00\",\"author\":{\"@id\":\"https:\/\/parosrentcar.com\/fr\/#\/schema\/person\/d743451aad44d2f5e7839544ed91721e\"},\"description\":\"Offres de location de voitures r\u00e9centes, buggy, quads-atv, scooters et motos. Voitures \u00e9conomiques et en s\u00e9curit\u00e9 pour vos vacances \u00e0 Paros. Location de voiture \u00e0 Paros\",\"breadcrumb\":{\"@id\":\"https:\/\/parosrentcar.com\/fr\/voitures-a-tarifs-economiques-sures-vos-vacances-a-paros\/#breadcrumb\"},\"inLanguage\":\"fr-FR\",\"potentialAction\":[{\"@type\":\"ReadAction\",\"target\":[\"https:\/\/parosrentcar.com\/fr\/voitures-a-tarifs-economiques-sures-vos-vacances-a-paros\/\"]}]},{\"@type\":\"BreadcrumbList\",\"@id\":\"https:\/\/parosrentcar.com\/fr\/voitures-a-tarifs-economiques-sures-vos-vacances-a-paros\/#breadcrumb\",\"itemListElement\":[{\"@type\":\"ListItem\",\"position\":1,\"name\":\"Home\",\"item\":\"https:\/\/parosrentcar.com\/fr\/\"},{\"@type\":\"ListItem\",\"position\":2,\"name\":\"Voitures \u00e0 tarifs \u00e9conomiques et s\u00fbres pour vos vacances \u00e0 Paros\"}]},{\"@type\":\"WebSite\",\"@id\":\"https:\/\/parosrentcar.com\/fr\/#website\",\"url\":\"https:\/\/parosrentcar.com\/fr\/\",\"name\":\"Location de voitures \u00e0 Paros Gr\u00e8ce - ParosEuropeanRent\",\"description\":\"Location de voiture, buggy, quad, atv, scooter, moto et v\u00e9lo \u00e0 Paros\",\"potentialAction\":[{\"@type\":\"SearchAction\",\"target\":{\"@type\":\"EntryPoint\",\"urlTemplate\":\"https:\/\/parosrentcar.com\/fr\/?s={search_term_string}\"},\"query-input\":{\"@type\":\"PropertyValueSpecification\",\"valueRequired\":true,\"valueName\":\"search_term_string\"}}],\"inLanguage\":\"fr-FR\"},{\"@type\":\"Person\",\"@id\":\"https:\/\/parosrentcar.com\/fr\/#\/schema\/person\/d743451aad44d2f5e7839544ed91721e\",\"name\":\"admin\",\"image\":{\"@type\":\"ImageObject\",\"inLanguage\":\"fr-FR\",\"@id\":\"https:\/\/parosrentcar.com\/fr\/#\/schema\/person\/image\/\",\"url\":\"https:\/\/secure.gravatar.com\/avatar\/e8373ef91d847108770c709f685a900c4549230f96552692edf55206b4e6cdac?s=96&d=mm&r=g\",\"contentUrl\":\"https:\/\/secure.gravatar.com\/avatar\/e8373ef91d847108770c709f685a900c4549230f96552692edf55206b4e6cdac?s=96&d=mm&r=g\",\"caption\":\"admin\"},\"url\":\"https:\/\/parosrentcar.com\/fr\/author\/admin\/\"}]}<\/script>\n<!-- \/ Yoast SEO plugin. -->","yoast_head_json":{"title":"Voitures \u00e9conomiques et en s\u00e9curit\u00e9 pour vos vacances \u00e0 Paros","description":"Offres de location de voitures r\u00e9centes, buggy, quads-atv, scooters et motos. Voitures \u00e9conomiques et en s\u00e9curit\u00e9 pour vos vacances \u00e0 Paros. Location de voiture \u00e0 Paros","robots":{"index":"index","follow":"follow","max-snippet":"max-snippet:-1","max-image-preview":"max-image-preview:large","max-video-preview":"max-video-preview:-1"},"canonical":"https:\/\/parosrentcar.com\/fr\/voitures-a-tarifs-economiques-sures-vos-vacances-a-paros\/","og_locale":"fr_FR","og_type":"article","og_title":"Voitures \u00e9conomiques et en s\u00e9curit\u00e9 pour vos vacances \u00e0 Paros","og_description":"Offres de location de voitures r\u00e9centes, buggy, quads-atv, scooters et motos. Voitures \u00e9conomiques et en s\u00e9curit\u00e9 pour vos vacances \u00e0 Paros. Location de voiture \u00e0 Paros","og_url":"https:\/\/parosrentcar.com\/fr\/voitures-a-tarifs-economiques-sures-vos-vacances-a-paros\/","og_site_name":"Location de voitures \u00e0 Paros Gr\u00e8ce - ParosEuropeanRent","article_publisher":"https:\/\/www.facebook.com\/paroscarrental","article_published_time":"2018-04-04T04:50:46+00:00","article_modified_time":"2018-04-04T05:05:11+00:00","author":"admin","twitter_misc":{"\u00c9crit par":"admin","Dur\u00e9e de lecture estim\u00e9e":"1 minute"},"schema":{"@context":"https:\/\/schema.org","@graph":[{"@type":"Article","@id":"https:\/\/parosrentcar.com\/fr\/voitures-a-tarifs-economiques-sures-vos-vacances-a-paros\/#article","isPartOf":{"@id":"https:\/\/parosrentcar.com\/fr\/voitures-a-tarifs-economiques-sures-vos-vacances-a-paros\/"},"author":{"name":"admin","@id":"https:\/\/parosrentcar.com\/fr\/#\/schema\/person\/d743451aad44d2f5e7839544ed91721e"},"headline":"Voitures \u00e0 tarifs \u00e9conomiques et s\u00fbres pour vos vacances \u00e0 Paros","datePublished":"2018-04-04T04:50:46+00:00","dateModified":"2018-04-04T05:05:11+00:00","mainEntityOfPage":{"@id":"https:\/\/parosrentcar.com\/fr\/voitures-a-tarifs-economiques-sures-vos-vacances-a-paros\/"},"wordCount":199,"commentCount":0,"keywords":["atv \u00e0 louer \u00e0 Paros","Buggy \u00e0 louer \u00e0 Paros","location de atv \u00e0 Paros","location de buggy \u00e0 Paros","location de moto \u00e0 Paros","location de quad \u00e0 Paros","location de scooter \u00e0 Paros","location de voiture \u00e0 Paros","louer une buggy \u00e0 Paros","louer une voiture \u00e0 Paros","Moto \u00e0 louer \u00e0 Paros","Quad \u00e0 louer \u00e0 Paros","Scooter \u00e0 louer \u00e0 Paros","vacances \u00e0 Paros","voiture \u00e0 louer \u00e0 Paros"],"articleSection":["Buggy \u00e0 louer \u00e0 Paros","Buggy \u00e0 Paros","location de atv \u00e0 Paros","location de buggy \u00e0 Paros","location de moto \u00e0 Paros","location de quad \u00e0 Paros","location de scooter \u00e0 Paros","location de voiture \u00e0 Paros","locations de voitures \u00e0 Paros","louer une voiture \u00e0 Paros","Moto \u00e0 louer \u00e0 Paros","Paros voitures","Quad \u00e0 louer \u00e0 Paros","Quad \u00e0 Paros","Scooter \u00e0 louer \u00e0 Paros","Scooter \u00e0 Paros","voiture \u00e0 louer \u00e0 Paros","voiture de location \u00e0 Paros","voitures \u00e0 Parikia","voitures de luxe \u00e0 Paros"],"inLanguage":"fr-FR","potentialAction":[{"@type":"CommentAction","name":"Comment","target":["https:\/\/parosrentcar.com\/fr\/voitures-a-tarifs-economiques-sures-vos-vacances-a-paros\/#respond"]}]},{"@type":"WebPage","@id":"https:\/\/parosrentcar.com\/fr\/voitures-a-tarifs-economiques-sures-vos-vacances-a-paros\/","url":"https:\/\/parosrentcar.com\/fr\/voitures-a-tarifs-economiques-sures-vos-vacances-a-paros\/","name":"Voitures \u00e9conomiques et en s\u00e9curit\u00e9 pour vos vacances \u00e0 Paros","isPartOf":{"@id":"https:\/\/parosrentcar.com\/fr\/#website"},"datePublished":"2018-04-04T04:50:46+00:00","dateModified":"2018-04-04T05:05:11+00:00","author":{"@id":"https:\/\/parosrentcar.com\/fr\/#\/schema\/person\/d743451aad44d2f5e7839544ed91721e"},"description":"Offres de location de voitures r\u00e9centes, buggy, quads-atv, scooters et motos. Voitures \u00e9conomiques et en s\u00e9curit\u00e9 pour vos vacances \u00e0 Paros. Location de voiture \u00e0 Paros","breadcrumb":{"@id":"https:\/\/parosrentcar.com\/fr\/voitures-a-tarifs-economiques-sures-vos-vacances-a-paros\/#breadcrumb"},"inLanguage":"fr-FR","potentialAction":[{"@type":"ReadAction","target":["https:\/\/parosrentcar.com\/fr\/voitures-a-tarifs-economiques-sures-vos-vacances-a-paros\/"]}]},{"@type":"BreadcrumbList","@id":"https:\/\/parosrentcar.com\/fr\/voitures-a-tarifs-economiques-sures-vos-vacances-a-paros\/#breadcrumb","itemListElement":[{"@type":"ListItem","position":1,"name":"Home","item":"https:\/\/parosrentcar.com\/fr\/"},{"@type":"ListItem","position":2,"name":"Voitures \u00e0 tarifs \u00e9conomiques et s\u00fbres pour vos vacances \u00e0 Paros"}]},{"@type":"WebSite","@id":"https:\/\/parosrentcar.com\/fr\/#website","url":"https:\/\/parosrentcar.com\/fr\/","name":"Location de voitures \u00e0 Paros Gr\u00e8ce - ParosEuropeanRent","description":"Location de voiture, buggy, quad, atv, scooter, moto et v\u00e9lo \u00e0 Paros","potentialAction":[{"@type":"SearchAction","target":{"@type":"EntryPoint","urlTemplate":"https:\/\/parosrentcar.com\/fr\/?s={search_term_string}"},"query-input":{"@type":"PropertyValueSpecification","valueRequired":true,"valueName":"search_term_string"}}],"inLanguage":"fr-FR"},{"@type":"Person","@id":"https:\/\/parosrentcar.com\/fr\/#\/schema\/person\/d743451aad44d2f5e7839544ed91721e","name":"admin","image":{"@type":"ImageObject","inLanguage":"fr-FR","@id":"https:\/\/parosrentcar.com\/fr\/#\/schema\/person\/image\/","url":"https:\/\/secure.gravatar.com\/avatar\/e8373ef91d847108770c709f685a900c4549230f96552692edf55206b4e6cdac?s=96&d=mm&r=g","contentUrl":"https:\/\/secure.gravatar.com\/avatar\/e8373ef91d847108770c709f685a900c4549230f96552692edf55206b4e6cdac?s=96&d=mm&r=g","caption":"admin"},"url":"https:\/\/parosrentcar.com\/fr\/author\/admin\/"}]}},"_links":{"self":[{"href":"https:\/\/parosrentcar.com\/fr\/wp-json\/wp\/v2\/posts\/2499","targetHints":{"allow":["GET"]}}],"collection":[{"href":"https:\/\/parosrentcar.com\/fr\/wp-json\/wp\/v2\/posts"}],"about":[{"href":"https:\/\/parosrentcar.com\/fr\/wp-json\/wp\/v2\/types\/post"}],"author":[{"embeddable":true,"href":"https:\/\/parosrentcar.com\/fr\/wp-json\/wp\/v2\/users\/1"}],"replies":[{"embeddable":true,"href":"https:\/\/parosrentcar.com\/fr\/wp-json\/wp\/v2\/comments?post=2499"}],"version-history":[{"count":3,"href":"https:\/\/parosrentcar.com\/fr\/wp-json\/wp\/v2\/posts\/2499\/revisions"}],"predecessor-version":[{"id":2502,"href":"https:\/\/parosrentcar.com\/fr\/wp-json\/wp\/v2\/posts\/2499\/revisions\/2502"}],"wp:attachment":[{"href":"https:\/\/parosrentcar.com\/fr\/wp-json\/wp\/v2\/media?parent=2499"}],"wp:term":[{"taxonomy":"category","embeddable":true,"href":"https:\/\/parosrentcar.com\/fr\/wp-json\/wp\/v2\/categories?post=2499"},{"taxonomy":"post_tag","embeddable":true,"href":"https:\/\/parosrentcar.com\/fr\/wp-json\/wp\/v2\/tags?post=2499"}],"curies":[{"name":"wp","href":"https:\/\/api.w.org\/{rel}","templated":true}]}}