{"id":2495,"date":"2018-03-10T05:56:24","date_gmt":"2018-03-10T05:56:24","guid":{"rendered":"https:\/\/parosrentcar.com\/fr\/?p=2495"},"modified":"2018-03-10T06:08:34","modified_gmt":"2018-03-10T06:08:34","slug":"voitures-a-louer-economiques-vos-vacances-de-paques-a-paros","status":"publish","type":"post","link":"https:\/\/parosrentcar.com\/fr\/voitures-a-louer-economiques-vos-vacances-de-paques-a-paros\/","title":{"rendered":"Voitures \u00e0 louer \u00e9conomiques pour vos vacances de P\u00e2ques \u00e0 Paros"},"content":{"rendered":"<p>Paros constitue une des destinations les plus populaires pour les vacances de P\u00e2ques. Il s\u2019agit d\u2019une ile pittoresque au c\u0153ur des Cyclades, \u00e0 beaut\u00e9 naturelle et\u00a0 \u00e0 plages de sable dor\u00e9. La Passion et la R\u00e9surrection du Christ sont c\u00e9l\u00e9br\u00e9es dans la splendeur et avec d\u00e9votion dans tous les villages de l\u2019ile.<\/p>\n<p>Le <strong>jeudi saint<\/strong> toutes les \u00e9glises et les monast\u00e8res c\u00e9l\u00e8brent d\u2019une mani\u00e8re majestueuse le sacrifice de l\u2019\u00a0 \u00ab\u00a0homme-Dieu\u00a0\u00bb.<\/p>\n<p>Le <strong>vendredi saint<\/strong> tous les visiteurs se r\u00e9unissent au village de Marpissa. Un jour solennel pour le village, o\u00f9\u00a0 la Passion du Christ est repr\u00e9sent\u00e9e. Une coutume qui a lieu depuis 1924, \u00e0 ne pas rater.<\/p>\n<p>Le <strong>samedi saint<\/strong>, la plupart des fid\u00e8les choisit de visiter l\u2019\u00e9glise Panagia Ekatontapyliani. A la messe de minuit de R\u00e9surrection, des feux d\u2019artifice cr\u00e9ent une ambiance spectaculaire et la nuit brille plus que le jour!<\/p>\n<p>Le <strong>dimanche saint<\/strong> dans toute l\u2019ile il y a des broches en plein air pour l&#8217;embrochement \u00a0traditionnel de l&rsquo;agneau et des tables de f\u00eate.<\/p>\n<p>Notre societ\u00e9, situ\u00e9e pr\u00e8s du port de Parikia met \u00e0 votre disposition une large gamme de voitures, buggy, guad-atv et deux-roues de location afin de vous procurer des transports en confort et s\u00e9curit\u00e9 pour vos vacances de P\u00e2ques sur l\u2019ile de Paros.<\/p>\n<p>Pour faire une r\u00e9servation <strong>en ligne<\/strong>, s\u00e9lectionnez le v\u00e9hicule qui vous int\u00e9resse et compl\u00e9tez le formulaire de r\u00e9servation avec vos coordonn\u00e9es.<\/p>\n","protected":false},"excerpt":{"rendered":"<p>Paros constitue une des destinations les plus populaires pour les vacances de P\u00e2ques. Il s\u2019agit d\u2019une ile pittoresque au c\u0153ur des Cyclades, \u00e0 beaut\u00e9 naturelle et\u00a0 \u00e0 plages de sable dor\u00e9. La Passion et la R\u00e9surrection du Christ sont c\u00e9l\u00e9br\u00e9es dans la splendeur et avec d\u00e9votion dans tous les villages de l\u2019ile. Le jeudi saint toutes les \u00e9glises et les monast\u00e8res c\u00e9l\u00e8brent d\u2019une mani\u00e8re majestueuse le sacrifice de l\u2019\u00a0 \u00ab\u00a0homme-Dieu\u00a0\u00bb. Le vendredi saint tous les visiteurs se r\u00e9unissent au village de Marpissa. Un jour solennel pour le village, o\u00f9\u00a0 la Passion du Christ est repr\u00e9sent\u00e9e. Une coutume qui a lieu depuis 1924, \u00e0 ne pas rater. Le samedi saint, la [&hellip;]<\/p>\n","protected":false},"author":1,"featured_media":0,"comment_status":"open","ping_status":"open","sticky":false,"template":"","format":"standard","meta":{"footnotes":""},"categories":[22,31,30,118,109,117,110,116,108,174,45,44,189,119,78,21,20,39,38,5,175,188],"tags":[35,111,96,180,97,112,61,48,147,190,42,132,13,192],"class_list":["post-2495","post","type-post","status-publish","format-standard","hentry","category-atv-a-paros","category-buggy-a-louer-a-paros","category-buggy-a-paros","category-location-de-atv-a-paros","category-location-de-buggy-a-paros","category-location-de-motos-a-paros","category-location-de-quad-a-paros","category-location-de-scooter-a-paros","category-location-de-voiture-a-paros","category-location-de-voiture-economique-a-paros","category-moto-a-louer-a-paros","category-moto-a-paros","category-paques-a-paros","category-paros-voitures","category-paros-voitures-a-louer","category-quad-a-louer-a-paros","category-quad-a-paros","category-scooter-a-louer-a-paros","category-scooter-a-paros","category-voitures-a-louer-a-paros","category-voitures-a-louer-economiques-a-paros","category-voitures-a-louer-en-securite-a-paros","tag-buggy-a-louer-a-paros","tag-location-de-atv-a-paros","tag-location-de-buggy-a-paros","tag-location-de-moto-a-paros","tag-location-de-quad-a-paros","tag-location-de-scooter-a-paros","tag-location-de-voiture-a-paros","tag-moto-a-louer-a-paros","tag-nouvelles-voitures-a-louer-a-paros","tag-paques-a-paros","tag-scooter-a-louer-a-paros","tag-voiture-a-louer-a-paros","tag-voitures-a-louer-a-paros","tag-voitures-a-louer-en-securite-a-paros"],"yoast_head":"<!-- This site is optimized with the Yoast SEO plugin v27.1.1 - https:\/\/yoast.com\/product\/yoast-seo-wordpress\/ -->\n<title>Voitures \u00e0 louer \u00e9conomiques pour vos vacances de P\u00e2ques \u00e0 Paros<\/title>\n<meta name=\"description\" content=\"Offres de location de voiture, buggy, quad-atv, scooter et moto pour les vacances de P\u00e2ques \u00e0 Paros. Location de voiture \u00e0 Paros. Vacances de P\u00e2ques \u00e0 Paros.\" \/>\n<meta name=\"robots\" content=\"index, follow, max-snippet:-1, max-image-preview:large, max-video-preview:-1\" \/>\n<link rel=\"canonical\" href=\"https:\/\/parosrentcar.com\/fr\/voitures-a-louer-economiques-vos-vacances-de-paques-a-paros\/\" \/>\n<meta property=\"og:locale\" content=\"fr_FR\" \/>\n<meta property=\"og:type\" content=\"article\" \/>\n<meta property=\"og:title\" content=\"Voitures \u00e0 louer \u00e9conomiques pour vos vacances de P\u00e2ques \u00e0 Paros\" \/>\n<meta property=\"og:description\" content=\"Offres de location de voiture, buggy, quad-atv, scooter et moto pour les vacances de P\u00e2ques \u00e0 Paros. Location de voiture \u00e0 Paros. Vacances de P\u00e2ques \u00e0 Paros.\" \/>\n<meta property=\"og:url\" content=\"https:\/\/parosrentcar.com\/fr\/voitures-a-louer-economiques-vos-vacances-de-paques-a-paros\/\" \/>\n<meta property=\"og:site_name\" content=\"Location de voitures \u00e0 Paros Gr\u00e8ce - ParosEuropeanRent\" \/>\n<meta property=\"article:publisher\" content=\"https:\/\/www.facebook.com\/paroscarrental\" \/>\n<meta property=\"article:published_time\" content=\"2018-03-10T05:56:24+00:00\" \/>\n<meta property=\"article:modified_time\" content=\"2018-03-10T06:08:34+00:00\" \/>\n<meta name=\"author\" content=\"admin\" \/>\n<meta name=\"twitter:label1\" content=\"\u00c9crit par\" \/>\n\t<meta name=\"twitter:data1\" content=\"admin\" \/>\n\t<meta name=\"twitter:label2\" content=\"Dur\u00e9e de lecture estim\u00e9e\" \/>\n\t<meta name=\"twitter:data2\" content=\"1 minute\" \/>\n<script type=\"application\/ld+json\" class=\"yoast-schema-graph\">{\"@context\":\"https:\/\/schema.org\",\"@graph\":[{\"@type\":\"Article\",\"@id\":\"https:\/\/parosrentcar.com\/fr\/voitures-a-louer-economiques-vos-vacances-de-paques-a-paros\/#article\",\"isPartOf\":{\"@id\":\"https:\/\/parosrentcar.com\/fr\/voitures-a-louer-economiques-vos-vacances-de-paques-a-paros\/\"},\"author\":{\"name\":\"admin\",\"@id\":\"https:\/\/parosrentcar.com\/fr\/#\/schema\/person\/d743451aad44d2f5e7839544ed91721e\"},\"headline\":\"Voitures \u00e0 louer \u00e9conomiques pour vos vacances de P\u00e2ques \u00e0 Paros\",\"datePublished\":\"2018-03-10T05:56:24+00:00\",\"dateModified\":\"2018-03-10T06:08:34+00:00\",\"mainEntityOfPage\":{\"@id\":\"https:\/\/parosrentcar.com\/fr\/voitures-a-louer-economiques-vos-vacances-de-paques-a-paros\/\"},\"wordCount\":270,\"commentCount\":0,\"keywords\":[\"Buggy \u00e0 louer \u00e0 Paros\",\"location de atv \u00e0 Paros\",\"location de buggy \u00e0 Paros\",\"location de moto \u00e0 Paros\",\"location de quad \u00e0 Paros\",\"location de scooter \u00e0 Paros\",\"location de voiture \u00e0 Paros\",\"Moto \u00e0 louer \u00e0 Paros\",\"nouvelles voitures \u00e0 louer \u00e0 Paros\",\"P\u00e2ques \u00e0 Paros\",\"Scooter \u00e0 louer \u00e0 Paros\",\"voiture \u00e0 louer \u00e0 Paros\",\"voitures \u00e0 louer \u00e0 Paros\",\"voitures \u00e0 louer en s\u00e9curit\u00e9 \u00e0 Paros\"],\"articleSection\":[\"Atv \u00e0 Paros\",\"Buggy \u00e0 louer \u00e0 Paros\",\"Buggy \u00e0 Paros\",\"location de atv \u00e0 Paros\",\"location de buggy \u00e0 Paros\",\"location de moto \u00e0 Paros\",\"location de quad \u00e0 Paros\",\"location de scooter \u00e0 Paros\",\"location de voiture \u00e0 Paros\",\"location de voiture \u00e9conomique \u00e0 Paros\",\"Moto \u00e0 louer \u00e0 Paros\",\"Moto \u00e0 Paros\",\"P\u00e2ques \u00e0 Paros\",\"Paros voitures\",\"Paros voitures \u00e0 louer\",\"Quad \u00e0 louer \u00e0 Paros\",\"Quad \u00e0 Paros\",\"Scooter \u00e0 louer \u00e0 Paros\",\"Scooter \u00e0 Paros\",\"voiture \u00e0 louer \u00e0 Paros\",\"voitures \u00e0 louer \u00e9conomiques \u00e0 Paros\",\"voitures \u00e0 louer en s\u00e9curit\u00e9 \u00e0 Paros\"],\"inLanguage\":\"fr-FR\",\"potentialAction\":[{\"@type\":\"CommentAction\",\"name\":\"Comment\",\"target\":[\"https:\/\/parosrentcar.com\/fr\/voitures-a-louer-economiques-vos-vacances-de-paques-a-paros\/#respond\"]}]},{\"@type\":\"WebPage\",\"@id\":\"https:\/\/parosrentcar.com\/fr\/voitures-a-louer-economiques-vos-vacances-de-paques-a-paros\/\",\"url\":\"https:\/\/parosrentcar.com\/fr\/voitures-a-louer-economiques-vos-vacances-de-paques-a-paros\/\",\"name\":\"Voitures \u00e0 louer \u00e9conomiques pour vos vacances de P\u00e2ques \u00e0 Paros\",\"isPartOf\":{\"@id\":\"https:\/\/parosrentcar.com\/fr\/#website\"},\"datePublished\":\"2018-03-10T05:56:24+00:00\",\"dateModified\":\"2018-03-10T06:08:34+00:00\",\"author\":{\"@id\":\"https:\/\/parosrentcar.com\/fr\/#\/schema\/person\/d743451aad44d2f5e7839544ed91721e\"},\"description\":\"Offres de location de voiture, buggy, quad-atv, scooter et moto pour les vacances de P\u00e2ques \u00e0 Paros. Location de voiture \u00e0 Paros. Vacances de P\u00e2ques \u00e0 Paros.\",\"breadcrumb\":{\"@id\":\"https:\/\/parosrentcar.com\/fr\/voitures-a-louer-economiques-vos-vacances-de-paques-a-paros\/#breadcrumb\"},\"inLanguage\":\"fr-FR\",\"potentialAction\":[{\"@type\":\"ReadAction\",\"target\":[\"https:\/\/parosrentcar.com\/fr\/voitures-a-louer-economiques-vos-vacances-de-paques-a-paros\/\"]}]},{\"@type\":\"BreadcrumbList\",\"@id\":\"https:\/\/parosrentcar.com\/fr\/voitures-a-louer-economiques-vos-vacances-de-paques-a-paros\/#breadcrumb\",\"itemListElement\":[{\"@type\":\"ListItem\",\"position\":1,\"name\":\"Home\",\"item\":\"https:\/\/parosrentcar.com\/fr\/\"},{\"@type\":\"ListItem\",\"position\":2,\"name\":\"Voitures \u00e0 louer \u00e9conomiques pour vos vacances de P\u00e2ques \u00e0 Paros\"}]},{\"@type\":\"WebSite\",\"@id\":\"https:\/\/parosrentcar.com\/fr\/#website\",\"url\":\"https:\/\/parosrentcar.com\/fr\/\",\"name\":\"Location de voitures \u00e0 Paros Gr\u00e8ce - ParosEuropeanRent\",\"description\":\"Location de voiture, buggy, quad, atv, scooter, moto et v\u00e9lo \u00e0 Paros\",\"potentialAction\":[{\"@type\":\"SearchAction\",\"target\":{\"@type\":\"EntryPoint\",\"urlTemplate\":\"https:\/\/parosrentcar.com\/fr\/?s={search_term_string}\"},\"query-input\":{\"@type\":\"PropertyValueSpecification\",\"valueRequired\":true,\"valueName\":\"search_term_string\"}}],\"inLanguage\":\"fr-FR\"},{\"@type\":\"Person\",\"@id\":\"https:\/\/parosrentcar.com\/fr\/#\/schema\/person\/d743451aad44d2f5e7839544ed91721e\",\"name\":\"admin\",\"image\":{\"@type\":\"ImageObject\",\"inLanguage\":\"fr-FR\",\"@id\":\"https:\/\/parosrentcar.com\/fr\/#\/schema\/person\/image\/\",\"url\":\"https:\/\/secure.gravatar.com\/avatar\/e8373ef91d847108770c709f685a900c4549230f96552692edf55206b4e6cdac?s=96&d=mm&r=g\",\"contentUrl\":\"https:\/\/secure.gravatar.com\/avatar\/e8373ef91d847108770c709f685a900c4549230f96552692edf55206b4e6cdac?s=96&d=mm&r=g\",\"caption\":\"admin\"},\"url\":\"https:\/\/parosrentcar.com\/fr\/author\/admin\/\"}]}<\/script>\n<!-- \/ Yoast SEO plugin. -->","yoast_head_json":{"title":"Voitures \u00e0 louer \u00e9conomiques pour vos vacances de P\u00e2ques \u00e0 Paros","description":"Offres de location de voiture, buggy, quad-atv, scooter et moto pour les vacances de P\u00e2ques \u00e0 Paros. Location de voiture \u00e0 Paros. Vacances de P\u00e2ques \u00e0 Paros.","robots":{"index":"index","follow":"follow","max-snippet":"max-snippet:-1","max-image-preview":"max-image-preview:large","max-video-preview":"max-video-preview:-1"},"canonical":"https:\/\/parosrentcar.com\/fr\/voitures-a-louer-economiques-vos-vacances-de-paques-a-paros\/","og_locale":"fr_FR","og_type":"article","og_title":"Voitures \u00e0 louer \u00e9conomiques pour vos vacances de P\u00e2ques \u00e0 Paros","og_description":"Offres de location de voiture, buggy, quad-atv, scooter et moto pour les vacances de P\u00e2ques \u00e0 Paros. Location de voiture \u00e0 Paros. Vacances de P\u00e2ques \u00e0 Paros.","og_url":"https:\/\/parosrentcar.com\/fr\/voitures-a-louer-economiques-vos-vacances-de-paques-a-paros\/","og_site_name":"Location de voitures \u00e0 Paros Gr\u00e8ce - ParosEuropeanRent","article_publisher":"https:\/\/www.facebook.com\/paroscarrental","article_published_time":"2018-03-10T05:56:24+00:00","article_modified_time":"2018-03-10T06:08:34+00:00","author":"admin","twitter_misc":{"\u00c9crit par":"admin","Dur\u00e9e de lecture estim\u00e9e":"1 minute"},"schema":{"@context":"https:\/\/schema.org","@graph":[{"@type":"Article","@id":"https:\/\/parosrentcar.com\/fr\/voitures-a-louer-economiques-vos-vacances-de-paques-a-paros\/#article","isPartOf":{"@id":"https:\/\/parosrentcar.com\/fr\/voitures-a-louer-economiques-vos-vacances-de-paques-a-paros\/"},"author":{"name":"admin","@id":"https:\/\/parosrentcar.com\/fr\/#\/schema\/person\/d743451aad44d2f5e7839544ed91721e"},"headline":"Voitures \u00e0 louer \u00e9conomiques pour vos vacances de P\u00e2ques \u00e0 Paros","datePublished":"2018-03-10T05:56:24+00:00","dateModified":"2018-03-10T06:08:34+00:00","mainEntityOfPage":{"@id":"https:\/\/parosrentcar.com\/fr\/voitures-a-louer-economiques-vos-vacances-de-paques-a-paros\/"},"wordCount":270,"commentCount":0,"keywords":["Buggy \u00e0 louer \u00e0 Paros","location de atv \u00e0 Paros","location de buggy \u00e0 Paros","location de moto \u00e0 Paros","location de quad \u00e0 Paros","location de scooter \u00e0 Paros","location de voiture \u00e0 Paros","Moto \u00e0 louer \u00e0 Paros","nouvelles voitures \u00e0 louer \u00e0 Paros","P\u00e2ques \u00e0 Paros","Scooter \u00e0 louer \u00e0 Paros","voiture \u00e0 louer \u00e0 Paros","voitures \u00e0 louer \u00e0 Paros","voitures \u00e0 louer en s\u00e9curit\u00e9 \u00e0 Paros"],"articleSection":["Atv \u00e0 Paros","Buggy \u00e0 louer \u00e0 Paros","Buggy \u00e0 Paros","location de atv \u00e0 Paros","location de buggy \u00e0 Paros","location de moto \u00e0 Paros","location de quad \u00e0 Paros","location de scooter \u00e0 Paros","location de voiture \u00e0 Paros","location de voiture \u00e9conomique \u00e0 Paros","Moto \u00e0 louer \u00e0 Paros","Moto \u00e0 Paros","P\u00e2ques \u00e0 Paros","Paros voitures","Paros voitures \u00e0 louer","Quad \u00e0 louer \u00e0 Paros","Quad \u00e0 Paros","Scooter \u00e0 louer \u00e0 Paros","Scooter \u00e0 Paros","voiture \u00e0 louer \u00e0 Paros","voitures \u00e0 louer \u00e9conomiques \u00e0 Paros","voitures \u00e0 louer en s\u00e9curit\u00e9 \u00e0 Paros"],"inLanguage":"fr-FR","potentialAction":[{"@type":"CommentAction","name":"Comment","target":["https:\/\/parosrentcar.com\/fr\/voitures-a-louer-economiques-vos-vacances-de-paques-a-paros\/#respond"]}]},{"@type":"WebPage","@id":"https:\/\/parosrentcar.com\/fr\/voitures-a-louer-economiques-vos-vacances-de-paques-a-paros\/","url":"https:\/\/parosrentcar.com\/fr\/voitures-a-louer-economiques-vos-vacances-de-paques-a-paros\/","name":"Voitures \u00e0 louer \u00e9conomiques pour vos vacances de P\u00e2ques \u00e0 Paros","isPartOf":{"@id":"https:\/\/parosrentcar.com\/fr\/#website"},"datePublished":"2018-03-10T05:56:24+00:00","dateModified":"2018-03-10T06:08:34+00:00","author":{"@id":"https:\/\/parosrentcar.com\/fr\/#\/schema\/person\/d743451aad44d2f5e7839544ed91721e"},"description":"Offres de location de voiture, buggy, quad-atv, scooter et moto pour les vacances de P\u00e2ques \u00e0 Paros. Location de voiture \u00e0 Paros. Vacances de P\u00e2ques \u00e0 Paros.","breadcrumb":{"@id":"https:\/\/parosrentcar.com\/fr\/voitures-a-louer-economiques-vos-vacances-de-paques-a-paros\/#breadcrumb"},"inLanguage":"fr-FR","potentialAction":[{"@type":"ReadAction","target":["https:\/\/parosrentcar.com\/fr\/voitures-a-louer-economiques-vos-vacances-de-paques-a-paros\/"]}]},{"@type":"BreadcrumbList","@id":"https:\/\/parosrentcar.com\/fr\/voitures-a-louer-economiques-vos-vacances-de-paques-a-paros\/#breadcrumb","itemListElement":[{"@type":"ListItem","position":1,"name":"Home","item":"https:\/\/parosrentcar.com\/fr\/"},{"@type":"ListItem","position":2,"name":"Voitures \u00e0 louer \u00e9conomiques pour vos vacances de P\u00e2ques \u00e0 Paros"}]},{"@type":"WebSite","@id":"https:\/\/parosrentcar.com\/fr\/#website","url":"https:\/\/parosrentcar.com\/fr\/","name":"Location de voitures \u00e0 Paros Gr\u00e8ce - ParosEuropeanRent","description":"Location de voiture, buggy, quad, atv, scooter, moto et v\u00e9lo \u00e0 Paros","potentialAction":[{"@type":"SearchAction","target":{"@type":"EntryPoint","urlTemplate":"https:\/\/parosrentcar.com\/fr\/?s={search_term_string}"},"query-input":{"@type":"PropertyValueSpecification","valueRequired":true,"valueName":"search_term_string"}}],"inLanguage":"fr-FR"},{"@type":"Person","@id":"https:\/\/parosrentcar.com\/fr\/#\/schema\/person\/d743451aad44d2f5e7839544ed91721e","name":"admin","image":{"@type":"ImageObject","inLanguage":"fr-FR","@id":"https:\/\/parosrentcar.com\/fr\/#\/schema\/person\/image\/","url":"https:\/\/secure.gravatar.com\/avatar\/e8373ef91d847108770c709f685a900c4549230f96552692edf55206b4e6cdac?s=96&d=mm&r=g","contentUrl":"https:\/\/secure.gravatar.com\/avatar\/e8373ef91d847108770c709f685a900c4549230f96552692edf55206b4e6cdac?s=96&d=mm&r=g","caption":"admin"},"url":"https:\/\/parosrentcar.com\/fr\/author\/admin\/"}]}},"_links":{"self":[{"href":"https:\/\/parosrentcar.com\/fr\/wp-json\/wp\/v2\/posts\/2495","targetHints":{"allow":["GET"]}}],"collection":[{"href":"https:\/\/parosrentcar.com\/fr\/wp-json\/wp\/v2\/posts"}],"about":[{"href":"https:\/\/parosrentcar.com\/fr\/wp-json\/wp\/v2\/types\/post"}],"author":[{"embeddable":true,"href":"https:\/\/parosrentcar.com\/fr\/wp-json\/wp\/v2\/users\/1"}],"replies":[{"embeddable":true,"href":"https:\/\/parosrentcar.com\/fr\/wp-json\/wp\/v2\/comments?post=2495"}],"version-history":[{"count":1,"href":"https:\/\/parosrentcar.com\/fr\/wp-json\/wp\/v2\/posts\/2495\/revisions"}],"predecessor-version":[{"id":2496,"href":"https:\/\/parosrentcar.com\/fr\/wp-json\/wp\/v2\/posts\/2495\/revisions\/2496"}],"wp:attachment":[{"href":"https:\/\/parosrentcar.com\/fr\/wp-json\/wp\/v2\/media?parent=2495"}],"wp:term":[{"taxonomy":"category","embeddable":true,"href":"https:\/\/parosrentcar.com\/fr\/wp-json\/wp\/v2\/categories?post=2495"},{"taxonomy":"post_tag","embeddable":true,"href":"https:\/\/parosrentcar.com\/fr\/wp-json\/wp\/v2\/tags?post=2495"}],"curies":[{"name":"wp","href":"https:\/\/api.w.org\/{rel}","templated":true}]}}