{"id":2477,"date":"2018-01-16T06:30:16","date_gmt":"2018-01-16T06:30:16","guid":{"rendered":"https:\/\/parosrentcar.com\/fr\/?p=2477"},"modified":"2018-01-16T06:45:25","modified_gmt":"2018-01-16T06:45:25","slug":"la-fiat-panda-elue-voiture-de-location-a-paros-pour-lannee-2017","status":"publish","type":"post","link":"https:\/\/parosrentcar.com\/fr\/la-fiat-panda-elue-voiture-de-location-a-paros-pour-lannee-2017\/","title":{"rendered":"La Fiat Panda \u00e9lue voiture de location \u00e0 Paros pour l\u2019ann\u00e9e 2017"},"content":{"rendered":"<p><img loading=\"lazy\" decoding=\"async\" class=\"aligncenter wp-image-2481 size-full\" src=\"https:\/\/parosrentcar.com\/fr\/wp-content\/uploads\/2018\/01\/fiat-panda-600-200-1.jpg\" alt=\"La Fiat Panda \u00e9lue voiture de location \u00e0 Paros pour l\u2019ann\u00e9e 2017\" width=\"600\" height=\"200\" srcset=\"https:\/\/parosrentcar.com\/fr\/wp-content\/uploads\/2018\/01\/fiat-panda-600-200-1.jpg 600w, https:\/\/parosrentcar.com\/fr\/wp-content\/uploads\/2018\/01\/fiat-panda-600-200-1-300x100.jpg 300w\" sizes=\"auto, (max-width: 600px) 100vw, 600px\" \/><\/p>\n<p>Selon l\u2019avis des locataires-chauffeurs qui ont fait une r\u00e9servation \u00e0 notre soci\u00e9t\u00e9 de location, Fiat Panda s\u2019impose \u00a0pour l\u2019ann\u00e9e pr\u00e9c\u00e9dente 2017.<\/p>\n<p>Paros est une ile d\u2019un bon r\u00e9seau routier en g\u00e9n\u00e9ral et d\u2019un minimum de raides routes de montagne.<\/p>\n<p>Fiat Panda est class\u00e9e \u00e0 la cat\u00e9gorie des voitures de location \u00e9conomiques. C\u2019est une citadine, de petite taille et de puissance, ayant comme atout le ch\u00e2ssis suspendu du sol et la r\u00e9duction de consommation d\u2019essence. Cinq passagers peuvent \u00eatre transportes en s\u00e9curit\u00e9 et confort avec leurs bagages.<\/p>\n<p>Caract\u00e9ristiques Fiat Panda: 1200cc, Manuel, 5 places, 5 portes, climatisation, Radio, Cd Player<\/p>\n<p>Une location de voiture \u00e0 prix bas dans le but de d\u00e9couvrir les beaut\u00e9s de notre ile. La livraison et le retour des voitures de location se fait sans frais suppl\u00e9mentaires au Port ou l\u2019A\u00e9roport de Paros mais \u00e9galement \u00e0 votre h\u00f4tel.<\/p>\n<p>Pour faire une <a href=\"https:\/\/parosrentcar.com\/fr\/location-de-voitures-a-paros\/fiat-panda\/\" target=\"_blank\" rel=\"noopener\">r\u00e9servation <strong>en ligne<\/strong><\/a>, s\u00e9lectionnez le v\u00e9hicule\u00a0 qui vous int\u00e9resse et compl\u00e9tez le formulaire de r\u00e9servation avec vos coordonn\u00e9es<\/p>\n","protected":false},"excerpt":{"rendered":"<p>Selon l\u2019avis des locataires-chauffeurs qui ont fait une r\u00e9servation \u00e0 notre soci\u00e9t\u00e9 de location, Fiat Panda s\u2019impose \u00a0pour l\u2019ann\u00e9e pr\u00e9c\u00e9dente 2017. Paros est une ile d\u2019un bon r\u00e9seau routier en g\u00e9n\u00e9ral et d\u2019un minimum de raides routes de montagne. Fiat Panda est class\u00e9e \u00e0 la cat\u00e9gorie des voitures de location \u00e9conomiques. C\u2019est une citadine, de petite taille et de puissance, ayant comme atout le ch\u00e2ssis suspendu du sol et la r\u00e9duction de consommation d\u2019essence. Cinq passagers peuvent \u00eatre transportes en s\u00e9curit\u00e9 et confort avec leurs bagages. Caract\u00e9ristiques Fiat Panda: 1200cc, Manuel, 5 places, 5 portes, climatisation, Radio, Cd Player Une location de voiture \u00e0 prix bas dans le but de [&hellip;]<\/p>\n","protected":false},"author":1,"featured_media":0,"comment_status":"open","ping_status":"open","sticky":false,"template":"","format":"standard","meta":{"footnotes":""},"categories":[108,174,136,137,119,78,173,5,135,175],"tags":[61,176,179,13,177,178],"class_list":["post-2477","post","type-post","status-publish","format-standard","hentry","category-location-de-voiture-a-paros","category-location-de-voiture-economique-a-paros","category-paros-voiture-a-louer","category-paros-voiture-de-location","category-paros-voitures","category-paros-voitures-a-louer","category-propositions-de-voitures-de-location-a-paros","category-voitures-a-louer-a-paros","category-voiture-de-location-a-paros","category-voitures-a-louer-economiques-a-paros","tag-location-de-voiture-a-paros","tag-location-de-voiture-economique-a-paros","tag-propositions-de-voitures-de-location-a-paros","tag-voitures-a-louer-a-paros","tag-voitures-a-louer-economiques-a-paros","tag-voitures-de-location-a-paros"],"yoast_head":"<!-- This site is optimized with the Yoast SEO plugin v27.1.1 - https:\/\/yoast.com\/product\/yoast-seo-wordpress\/ -->\n<title>Fiat Panda premi\u00e8re de sa cat\u00e9gorie dans la location de voitures \u00e0 Paros<\/title>\n<meta name=\"description\" content=\"Fiat Panda premi\u00e8re de sa cat\u00e9gorie \u00e0 la location de voitures \u00e0 Paros pour l\u2019ann\u00e9e pr\u00e9c\u00e9dente 2017 selon l\u2019avis des locataires-chauffeurs qui ont fait une r\u00e9servation \u00e0 notre soci\u00e9t\u00e9 de location\" \/>\n<meta name=\"robots\" content=\"index, follow, max-snippet:-1, max-image-preview:large, max-video-preview:-1\" \/>\n<link rel=\"canonical\" href=\"https:\/\/parosrentcar.com\/fr\/la-fiat-panda-elue-voiture-de-location-a-paros-pour-lannee-2017\/\" \/>\n<meta property=\"og:locale\" content=\"fr_FR\" \/>\n<meta property=\"og:type\" content=\"article\" \/>\n<meta property=\"og:title\" content=\"Fiat Panda premi\u00e8re de sa cat\u00e9gorie dans la location de voitures \u00e0 Paros\" \/>\n<meta property=\"og:description\" content=\"Fiat Panda premi\u00e8re de sa cat\u00e9gorie \u00e0 la location de voitures \u00e0 Paros pour l\u2019ann\u00e9e pr\u00e9c\u00e9dente 2017 selon l\u2019avis des locataires-chauffeurs qui ont fait une r\u00e9servation \u00e0 notre soci\u00e9t\u00e9 de location\" \/>\n<meta property=\"og:url\" content=\"https:\/\/parosrentcar.com\/fr\/la-fiat-panda-elue-voiture-de-location-a-paros-pour-lannee-2017\/\" \/>\n<meta property=\"og:site_name\" content=\"Location de voitures \u00e0 Paros Gr\u00e8ce - ParosEuropeanRent\" \/>\n<meta property=\"article:publisher\" content=\"https:\/\/www.facebook.com\/paroscarrental\" \/>\n<meta property=\"article:published_time\" content=\"2018-01-16T06:30:16+00:00\" \/>\n<meta property=\"article:modified_time\" content=\"2018-01-16T06:45:25+00:00\" \/>\n<meta property=\"og:image\" content=\"https:\/\/parosrentcar.com\/fr\/wp-content\/uploads\/2018\/01\/fiat-panda-600-200-1.jpg\" \/>\n<meta name=\"author\" content=\"admin\" \/>\n<meta name=\"twitter:label1\" content=\"\u00c9crit par\" \/>\n\t<meta name=\"twitter:data1\" content=\"admin\" \/>\n\t<meta name=\"twitter:label2\" content=\"Dur\u00e9e de lecture estim\u00e9e\" \/>\n\t<meta name=\"twitter:data2\" content=\"1 minute\" \/>\n<script type=\"application\/ld+json\" class=\"yoast-schema-graph\">{\"@context\":\"https:\/\/schema.org\",\"@graph\":[{\"@type\":\"Article\",\"@id\":\"https:\/\/parosrentcar.com\/fr\/la-fiat-panda-elue-voiture-de-location-a-paros-pour-lannee-2017\/#article\",\"isPartOf\":{\"@id\":\"https:\/\/parosrentcar.com\/fr\/la-fiat-panda-elue-voiture-de-location-a-paros-pour-lannee-2017\/\"},\"author\":{\"name\":\"admin\",\"@id\":\"https:\/\/parosrentcar.com\/fr\/#\/schema\/person\/d743451aad44d2f5e7839544ed91721e\"},\"headline\":\"La Fiat Panda \u00e9lue voiture de location \u00e0 Paros pour l\u2019ann\u00e9e 2017\",\"datePublished\":\"2018-01-16T06:30:16+00:00\",\"dateModified\":\"2018-01-16T06:45:25+00:00\",\"mainEntityOfPage\":{\"@id\":\"https:\/\/parosrentcar.com\/fr\/la-fiat-panda-elue-voiture-de-location-a-paros-pour-lannee-2017\/\"},\"wordCount\":201,\"commentCount\":0,\"image\":{\"@id\":\"https:\/\/parosrentcar.com\/fr\/la-fiat-panda-elue-voiture-de-location-a-paros-pour-lannee-2017\/#primaryimage\"},\"thumbnailUrl\":\"https:\/\/parosrentcar.com\/fr\/wp-content\/uploads\/2018\/01\/fiat-panda-600-200-1.jpg\",\"keywords\":[\"location de voiture \u00e0 Paros\",\"location de voiture \u00e9conomique \u00e0 Paros\",\"propositions de voitures de location \u00e0 Paros\",\"voitures \u00e0 louer \u00e0 Paros\",\"voitures \u00e0 louer \u00e9conomiques \u00e0 Paros\",\"voitures de location \u00e0 Paros\"],\"articleSection\":[\"location de voiture \u00e0 Paros\",\"location de voiture \u00e9conomique \u00e0 Paros\",\"Paros voiture \u00e0 louer\",\"Paros voiture de location\",\"Paros voitures\",\"Paros voitures \u00e0 louer\",\"propositions de voitures de location \u00e0 Paros\",\"voiture \u00e0 louer \u00e0 Paros\",\"voiture de location \u00e0 Paros\",\"voitures \u00e0 louer \u00e9conomiques \u00e0 Paros\"],\"inLanguage\":\"fr-FR\",\"potentialAction\":[{\"@type\":\"CommentAction\",\"name\":\"Comment\",\"target\":[\"https:\/\/parosrentcar.com\/fr\/la-fiat-panda-elue-voiture-de-location-a-paros-pour-lannee-2017\/#respond\"]}]},{\"@type\":\"WebPage\",\"@id\":\"https:\/\/parosrentcar.com\/fr\/la-fiat-panda-elue-voiture-de-location-a-paros-pour-lannee-2017\/\",\"url\":\"https:\/\/parosrentcar.com\/fr\/la-fiat-panda-elue-voiture-de-location-a-paros-pour-lannee-2017\/\",\"name\":\"Fiat Panda premi\u00e8re de sa cat\u00e9gorie dans la location de voitures \u00e0 Paros\",\"isPartOf\":{\"@id\":\"https:\/\/parosrentcar.com\/fr\/#website\"},\"primaryImageOfPage\":{\"@id\":\"https:\/\/parosrentcar.com\/fr\/la-fiat-panda-elue-voiture-de-location-a-paros-pour-lannee-2017\/#primaryimage\"},\"image\":{\"@id\":\"https:\/\/parosrentcar.com\/fr\/la-fiat-panda-elue-voiture-de-location-a-paros-pour-lannee-2017\/#primaryimage\"},\"thumbnailUrl\":\"https:\/\/parosrentcar.com\/fr\/wp-content\/uploads\/2018\/01\/fiat-panda-600-200-1.jpg\",\"datePublished\":\"2018-01-16T06:30:16+00:00\",\"dateModified\":\"2018-01-16T06:45:25+00:00\",\"author\":{\"@id\":\"https:\/\/parosrentcar.com\/fr\/#\/schema\/person\/d743451aad44d2f5e7839544ed91721e\"},\"description\":\"Fiat Panda premi\u00e8re de sa cat\u00e9gorie \u00e0 la location de voitures \u00e0 Paros pour l\u2019ann\u00e9e pr\u00e9c\u00e9dente 2017 selon l\u2019avis des locataires-chauffeurs qui ont fait une r\u00e9servation \u00e0 notre soci\u00e9t\u00e9 de location\",\"breadcrumb\":{\"@id\":\"https:\/\/parosrentcar.com\/fr\/la-fiat-panda-elue-voiture-de-location-a-paros-pour-lannee-2017\/#breadcrumb\"},\"inLanguage\":\"fr-FR\",\"potentialAction\":[{\"@type\":\"ReadAction\",\"target\":[\"https:\/\/parosrentcar.com\/fr\/la-fiat-panda-elue-voiture-de-location-a-paros-pour-lannee-2017\/\"]}]},{\"@type\":\"ImageObject\",\"inLanguage\":\"fr-FR\",\"@id\":\"https:\/\/parosrentcar.com\/fr\/la-fiat-panda-elue-voiture-de-location-a-paros-pour-lannee-2017\/#primaryimage\",\"url\":\"https:\/\/parosrentcar.com\/fr\/wp-content\/uploads\/2018\/01\/fiat-panda-600-200-1.jpg\",\"contentUrl\":\"https:\/\/parosrentcar.com\/fr\/wp-content\/uploads\/2018\/01\/fiat-panda-600-200-1.jpg\",\"width\":600,\"height\":200},{\"@type\":\"BreadcrumbList\",\"@id\":\"https:\/\/parosrentcar.com\/fr\/la-fiat-panda-elue-voiture-de-location-a-paros-pour-lannee-2017\/#breadcrumb\",\"itemListElement\":[{\"@type\":\"ListItem\",\"position\":1,\"name\":\"Home\",\"item\":\"https:\/\/parosrentcar.com\/fr\/\"},{\"@type\":\"ListItem\",\"position\":2,\"name\":\"La Fiat Panda \u00e9lue voiture de location \u00e0 Paros pour l\u2019ann\u00e9e 2017\"}]},{\"@type\":\"WebSite\",\"@id\":\"https:\/\/parosrentcar.com\/fr\/#website\",\"url\":\"https:\/\/parosrentcar.com\/fr\/\",\"name\":\"Location de voitures \u00e0 Paros Gr\u00e8ce - ParosEuropeanRent\",\"description\":\"Location de voiture, buggy, quad, atv, scooter, moto et v\u00e9lo \u00e0 Paros\",\"potentialAction\":[{\"@type\":\"SearchAction\",\"target\":{\"@type\":\"EntryPoint\",\"urlTemplate\":\"https:\/\/parosrentcar.com\/fr\/?s={search_term_string}\"},\"query-input\":{\"@type\":\"PropertyValueSpecification\",\"valueRequired\":true,\"valueName\":\"search_term_string\"}}],\"inLanguage\":\"fr-FR\"},{\"@type\":\"Person\",\"@id\":\"https:\/\/parosrentcar.com\/fr\/#\/schema\/person\/d743451aad44d2f5e7839544ed91721e\",\"name\":\"admin\",\"image\":{\"@type\":\"ImageObject\",\"inLanguage\":\"fr-FR\",\"@id\":\"https:\/\/parosrentcar.com\/fr\/#\/schema\/person\/image\/\",\"url\":\"https:\/\/secure.gravatar.com\/avatar\/e8373ef91d847108770c709f685a900c4549230f96552692edf55206b4e6cdac?s=96&d=mm&r=g\",\"contentUrl\":\"https:\/\/secure.gravatar.com\/avatar\/e8373ef91d847108770c709f685a900c4549230f96552692edf55206b4e6cdac?s=96&d=mm&r=g\",\"caption\":\"admin\"},\"url\":\"https:\/\/parosrentcar.com\/fr\/author\/admin\/\"}]}<\/script>\n<!-- \/ Yoast SEO plugin. -->","yoast_head_json":{"title":"Fiat Panda premi\u00e8re de sa cat\u00e9gorie dans la location de voitures \u00e0 Paros","description":"Fiat Panda premi\u00e8re de sa cat\u00e9gorie \u00e0 la location de voitures \u00e0 Paros pour l\u2019ann\u00e9e pr\u00e9c\u00e9dente 2017 selon l\u2019avis des locataires-chauffeurs qui ont fait une r\u00e9servation \u00e0 notre soci\u00e9t\u00e9 de location","robots":{"index":"index","follow":"follow","max-snippet":"max-snippet:-1","max-image-preview":"max-image-preview:large","max-video-preview":"max-video-preview:-1"},"canonical":"https:\/\/parosrentcar.com\/fr\/la-fiat-panda-elue-voiture-de-location-a-paros-pour-lannee-2017\/","og_locale":"fr_FR","og_type":"article","og_title":"Fiat Panda premi\u00e8re de sa cat\u00e9gorie dans la location de voitures \u00e0 Paros","og_description":"Fiat Panda premi\u00e8re de sa cat\u00e9gorie \u00e0 la location de voitures \u00e0 Paros pour l\u2019ann\u00e9e pr\u00e9c\u00e9dente 2017 selon l\u2019avis des locataires-chauffeurs qui ont fait une r\u00e9servation \u00e0 notre soci\u00e9t\u00e9 de location","og_url":"https:\/\/parosrentcar.com\/fr\/la-fiat-panda-elue-voiture-de-location-a-paros-pour-lannee-2017\/","og_site_name":"Location de voitures \u00e0 Paros Gr\u00e8ce - ParosEuropeanRent","article_publisher":"https:\/\/www.facebook.com\/paroscarrental","article_published_time":"2018-01-16T06:30:16+00:00","article_modified_time":"2018-01-16T06:45:25+00:00","og_image":[{"url":"https:\/\/parosrentcar.com\/fr\/wp-content\/uploads\/2018\/01\/fiat-panda-600-200-1.jpg","type":"","width":"","height":""}],"author":"admin","twitter_misc":{"\u00c9crit par":"admin","Dur\u00e9e de lecture estim\u00e9e":"1 minute"},"schema":{"@context":"https:\/\/schema.org","@graph":[{"@type":"Article","@id":"https:\/\/parosrentcar.com\/fr\/la-fiat-panda-elue-voiture-de-location-a-paros-pour-lannee-2017\/#article","isPartOf":{"@id":"https:\/\/parosrentcar.com\/fr\/la-fiat-panda-elue-voiture-de-location-a-paros-pour-lannee-2017\/"},"author":{"name":"admin","@id":"https:\/\/parosrentcar.com\/fr\/#\/schema\/person\/d743451aad44d2f5e7839544ed91721e"},"headline":"La Fiat Panda \u00e9lue voiture de location \u00e0 Paros pour l\u2019ann\u00e9e 2017","datePublished":"2018-01-16T06:30:16+00:00","dateModified":"2018-01-16T06:45:25+00:00","mainEntityOfPage":{"@id":"https:\/\/parosrentcar.com\/fr\/la-fiat-panda-elue-voiture-de-location-a-paros-pour-lannee-2017\/"},"wordCount":201,"commentCount":0,"image":{"@id":"https:\/\/parosrentcar.com\/fr\/la-fiat-panda-elue-voiture-de-location-a-paros-pour-lannee-2017\/#primaryimage"},"thumbnailUrl":"https:\/\/parosrentcar.com\/fr\/wp-content\/uploads\/2018\/01\/fiat-panda-600-200-1.jpg","keywords":["location de voiture \u00e0 Paros","location de voiture \u00e9conomique \u00e0 Paros","propositions de voitures de location \u00e0 Paros","voitures \u00e0 louer \u00e0 Paros","voitures \u00e0 louer \u00e9conomiques \u00e0 Paros","voitures de location \u00e0 Paros"],"articleSection":["location de voiture \u00e0 Paros","location de voiture \u00e9conomique \u00e0 Paros","Paros voiture \u00e0 louer","Paros voiture de location","Paros voitures","Paros voitures \u00e0 louer","propositions de voitures de location \u00e0 Paros","voiture \u00e0 louer \u00e0 Paros","voiture de location \u00e0 Paros","voitures \u00e0 louer \u00e9conomiques \u00e0 Paros"],"inLanguage":"fr-FR","potentialAction":[{"@type":"CommentAction","name":"Comment","target":["https:\/\/parosrentcar.com\/fr\/la-fiat-panda-elue-voiture-de-location-a-paros-pour-lannee-2017\/#respond"]}]},{"@type":"WebPage","@id":"https:\/\/parosrentcar.com\/fr\/la-fiat-panda-elue-voiture-de-location-a-paros-pour-lannee-2017\/","url":"https:\/\/parosrentcar.com\/fr\/la-fiat-panda-elue-voiture-de-location-a-paros-pour-lannee-2017\/","name":"Fiat Panda premi\u00e8re de sa cat\u00e9gorie dans la location de voitures \u00e0 Paros","isPartOf":{"@id":"https:\/\/parosrentcar.com\/fr\/#website"},"primaryImageOfPage":{"@id":"https:\/\/parosrentcar.com\/fr\/la-fiat-panda-elue-voiture-de-location-a-paros-pour-lannee-2017\/#primaryimage"},"image":{"@id":"https:\/\/parosrentcar.com\/fr\/la-fiat-panda-elue-voiture-de-location-a-paros-pour-lannee-2017\/#primaryimage"},"thumbnailUrl":"https:\/\/parosrentcar.com\/fr\/wp-content\/uploads\/2018\/01\/fiat-panda-600-200-1.jpg","datePublished":"2018-01-16T06:30:16+00:00","dateModified":"2018-01-16T06:45:25+00:00","author":{"@id":"https:\/\/parosrentcar.com\/fr\/#\/schema\/person\/d743451aad44d2f5e7839544ed91721e"},"description":"Fiat Panda premi\u00e8re de sa cat\u00e9gorie \u00e0 la location de voitures \u00e0 Paros pour l\u2019ann\u00e9e pr\u00e9c\u00e9dente 2017 selon l\u2019avis des locataires-chauffeurs qui ont fait une r\u00e9servation \u00e0 notre soci\u00e9t\u00e9 de location","breadcrumb":{"@id":"https:\/\/parosrentcar.com\/fr\/la-fiat-panda-elue-voiture-de-location-a-paros-pour-lannee-2017\/#breadcrumb"},"inLanguage":"fr-FR","potentialAction":[{"@type":"ReadAction","target":["https:\/\/parosrentcar.com\/fr\/la-fiat-panda-elue-voiture-de-location-a-paros-pour-lannee-2017\/"]}]},{"@type":"ImageObject","inLanguage":"fr-FR","@id":"https:\/\/parosrentcar.com\/fr\/la-fiat-panda-elue-voiture-de-location-a-paros-pour-lannee-2017\/#primaryimage","url":"https:\/\/parosrentcar.com\/fr\/wp-content\/uploads\/2018\/01\/fiat-panda-600-200-1.jpg","contentUrl":"https:\/\/parosrentcar.com\/fr\/wp-content\/uploads\/2018\/01\/fiat-panda-600-200-1.jpg","width":600,"height":200},{"@type":"BreadcrumbList","@id":"https:\/\/parosrentcar.com\/fr\/la-fiat-panda-elue-voiture-de-location-a-paros-pour-lannee-2017\/#breadcrumb","itemListElement":[{"@type":"ListItem","position":1,"name":"Home","item":"https:\/\/parosrentcar.com\/fr\/"},{"@type":"ListItem","position":2,"name":"La Fiat Panda \u00e9lue voiture de location \u00e0 Paros pour l\u2019ann\u00e9e 2017"}]},{"@type":"WebSite","@id":"https:\/\/parosrentcar.com\/fr\/#website","url":"https:\/\/parosrentcar.com\/fr\/","name":"Location de voitures \u00e0 Paros Gr\u00e8ce - ParosEuropeanRent","description":"Location de voiture, buggy, quad, atv, scooter, moto et v\u00e9lo \u00e0 Paros","potentialAction":[{"@type":"SearchAction","target":{"@type":"EntryPoint","urlTemplate":"https:\/\/parosrentcar.com\/fr\/?s={search_term_string}"},"query-input":{"@type":"PropertyValueSpecification","valueRequired":true,"valueName":"search_term_string"}}],"inLanguage":"fr-FR"},{"@type":"Person","@id":"https:\/\/parosrentcar.com\/fr\/#\/schema\/person\/d743451aad44d2f5e7839544ed91721e","name":"admin","image":{"@type":"ImageObject","inLanguage":"fr-FR","@id":"https:\/\/parosrentcar.com\/fr\/#\/schema\/person\/image\/","url":"https:\/\/secure.gravatar.com\/avatar\/e8373ef91d847108770c709f685a900c4549230f96552692edf55206b4e6cdac?s=96&d=mm&r=g","contentUrl":"https:\/\/secure.gravatar.com\/avatar\/e8373ef91d847108770c709f685a900c4549230f96552692edf55206b4e6cdac?s=96&d=mm&r=g","caption":"admin"},"url":"https:\/\/parosrentcar.com\/fr\/author\/admin\/"}]}},"_links":{"self":[{"href":"https:\/\/parosrentcar.com\/fr\/wp-json\/wp\/v2\/posts\/2477","targetHints":{"allow":["GET"]}}],"collection":[{"href":"https:\/\/parosrentcar.com\/fr\/wp-json\/wp\/v2\/posts"}],"about":[{"href":"https:\/\/parosrentcar.com\/fr\/wp-json\/wp\/v2\/types\/post"}],"author":[{"embeddable":true,"href":"https:\/\/parosrentcar.com\/fr\/wp-json\/wp\/v2\/users\/1"}],"replies":[{"embeddable":true,"href":"https:\/\/parosrentcar.com\/fr\/wp-json\/wp\/v2\/comments?post=2477"}],"version-history":[{"count":7,"href":"https:\/\/parosrentcar.com\/fr\/wp-json\/wp\/v2\/posts\/2477\/revisions"}],"predecessor-version":[{"id":2486,"href":"https:\/\/parosrentcar.com\/fr\/wp-json\/wp\/v2\/posts\/2477\/revisions\/2486"}],"wp:attachment":[{"href":"https:\/\/parosrentcar.com\/fr\/wp-json\/wp\/v2\/media?parent=2477"}],"wp:term":[{"taxonomy":"category","embeddable":true,"href":"https:\/\/parosrentcar.com\/fr\/wp-json\/wp\/v2\/categories?post=2477"},{"taxonomy":"post_tag","embeddable":true,"href":"https:\/\/parosrentcar.com\/fr\/wp-json\/wp\/v2\/tags?post=2477"}],"curies":[{"name":"wp","href":"https:\/\/api.w.org\/{rel}","templated":true}]}}