{"id":2276,"date":"2017-03-12T09:11:27","date_gmt":"2017-03-12T09:11:27","guid":{"rendered":"https:\/\/parosrentcar.com\/fr\/?p=2276"},"modified":"2017-03-12T09:12:20","modified_gmt":"2017-03-12T09:12:20","slug":"flotte-de-voitures-renouvelee-ete-2017","status":"publish","type":"post","link":"https:\/\/parosrentcar.com\/fr\/flotte-de-voitures-renouvelee-ete-2017\/","title":{"rendered":"Flotte de voitures renouvel\u00e9e, \u00e9t\u00e9 2017"},"content":{"rendered":"<p><a href=\"https:\/\/parosrentcar.com\/fr\/wp-content\/uploads\/2017\/03\/fiat-panda-600-200.jpg\" data-rel=\"lightbox-image-0\" data-rl_title=\"\" data-rl_caption=\"\" title=\"\"><img loading=\"lazy\" decoding=\"async\" class=\"size-full wp-image-2278 aligncenter\" src=\"https:\/\/parosrentcar.com\/fr\/wp-content\/uploads\/2017\/03\/fiat-panda-600-200.jpg\" alt=\"\" width=\"600\" height=\"200\" srcset=\"https:\/\/parosrentcar.com\/fr\/wp-content\/uploads\/2017\/03\/fiat-panda-600-200.jpg 600w, https:\/\/parosrentcar.com\/fr\/wp-content\/uploads\/2017\/03\/fiat-panda-600-200-300x100.jpg 300w\" sizes=\"auto, (max-width: 600px) 100vw, 600px\" \/><\/a>Note soci\u00e9t\u00e9,\u00a0<strong>ParosEuropeanRent<\/strong>, met \u00e0 votre disposition \u00a0une flotte de v\u00e9hicules r\u00e9cents et parfaitement \u00a0entretenus, pour votre circuit en s\u00e9curit\u00e9 sur l\u2019 ile de Paros.<\/p>\n<p>Notre pr\u00e9occupation primordiale est la s\u00e9curit\u00e9 de nos clients. C\u2019est pour cette raison qu\u2019on renouvelle toujours notre flotte avec des v\u00e9hicules derni\u00e8re technologie pour que vous jouissiez de notre ile sans probl\u00e8mes et stress.<\/p>\n<p>Cette ann\u00e9e-l\u00e0, les cat\u00e9gories ci-dessous sont renouvel\u00e9esavec des v\u00e9hicules correspondants\u00a0:<\/p>\n<ul>\n<li><strong>GROUPE A: SUZUKI ALTO<\/strong><\/li>\n<li><strong>GROUP<\/strong><strong>E<\/strong><strong> B: FIAT PANDA<\/strong><\/li>\n<li><strong>GROUPE D: SUZUKI SWIFT AUTOMATIQUE<\/strong><\/li>\n<li><strong>GROUP<\/strong><strong>E<\/strong><strong> E: FIAT 500 CABRIO<\/strong><\/li>\n<\/ul>\n<p>On a aussi renouvel\u00e9 la cat\u00e9gorie de scooters gros cylindr\u00e9s \u00a0et Buggy.<\/p>\n<ul>\n<li><strong>SYM 200CC AUTOMATIQUE<\/strong><\/li>\n<li><strong>BUGGY CFMOTO 800CC AUTOMATIQUE<\/strong><\/li>\n<\/ul>\n<p>Pour faire des r\u00e9servations en ligne, s\u00e9lectionnez la voiture, scooter ou Buggy de votre pr\u00e9f\u00e9rence et remplissez le formulaire de r\u00e9servation avec vos coordonn\u00e9es.<\/p>\n","protected":false},"excerpt":{"rendered":"<p>Note soci\u00e9t\u00e9,\u00a0ParosEuropeanRent, met \u00e0 votre disposition \u00a0une flotte de v\u00e9hicules r\u00e9cents et parfaitement \u00a0entretenus, pour votre circuit en s\u00e9curit\u00e9 sur l\u2019 ile de Paros. Notre pr\u00e9occupation primordiale est la s\u00e9curit\u00e9 de nos clients. C\u2019est pour cette raison qu\u2019on renouvelle toujours notre flotte avec des v\u00e9hicules derni\u00e8re technologie pour que vous jouissiez de notre ile sans probl\u00e8mes et stress. Cette ann\u00e9e-l\u00e0, les cat\u00e9gories ci-dessous sont renouvel\u00e9esavec des v\u00e9hicules correspondants\u00a0: GROUPE A: SUZUKI ALTO GROUPE B: FIAT PANDA GROUPE D: SUZUKI SWIFT AUTOMATIQUE GROUPE E: FIAT 500 CABRIO On a aussi renouvel\u00e9 la cat\u00e9gorie de scooters gros cylindr\u00e9s \u00a0et Buggy. SYM 200CC AUTOMATIQUE BUGGY CFMOTO 800CC AUTOMATIQUE Pour faire des r\u00e9servations en [&hellip;]<\/p>\n","protected":false},"author":1,"featured_media":0,"comment_status":"open","ping_status":"open","sticky":false,"template":"","format":"standard","meta":{"footnotes":""},"categories":[31,30,33,109,116,108,123,82,136,119,78,39,38,5,135],"tags":[148,151,150,149,147,146],"class_list":["post-2276","post","type-post","status-publish","format-standard","hentry","category-buggy-a-louer-a-paros","category-buggy-a-paros","category-buggy-a-paros-grece","category-location-de-buggy-a-paros","category-location-de-scooter-a-paros","category-location-de-voiture-a-paros","category-paros-scooter","category-paros-scooters-a-louer","category-paros-voiture-a-louer","category-paros-voitures","category-paros-voitures-a-louer","category-scooter-a-louer-a-paros","category-scooter-a-paros","category-voitures-a-louer-a-paros","category-voiture-de-location-a-paros","tag-nouveaux-buggys-a-louer-a-paros","tag-nouveaux-buggys-a-paros","tag-nouveaux-scooters-a-louer-a-paros","tag-nouveaux-scooters-a-paros","tag-nouvelles-voitures-a-louer-a-paros","tag-nouvelles-voitures-de-location-a-paros"],"yoast_head":"<!-- This site is optimized with the Yoast SEO plugin v27.1.1 - https:\/\/yoast.com\/product\/yoast-seo-wordpress\/ -->\n<title>Renouvellement de la flotte des v\u00e9hicule sParosEuropean Rent 2017<\/title>\n<meta name=\"description\" content=\"Comme chaque ann\u00e9e, on a renouvel\u00e9 notre flotte avec des v\u00e9hicules neufs tous types, ainsi avec des nouveaux buggys et des scooters.\" \/>\n<meta name=\"robots\" content=\"index, follow, max-snippet:-1, max-image-preview:large, max-video-preview:-1\" \/>\n<link rel=\"canonical\" href=\"https:\/\/parosrentcar.com\/fr\/flotte-de-voitures-renouvelee-ete-2017\/\" \/>\n<meta property=\"og:locale\" content=\"fr_FR\" \/>\n<meta property=\"og:type\" content=\"article\" \/>\n<meta property=\"og:title\" content=\"Renouvellement de la flotte des v\u00e9hicule sParosEuropean Rent 2017\" \/>\n<meta property=\"og:description\" content=\"Comme chaque ann\u00e9e, on a renouvel\u00e9 notre flotte avec des v\u00e9hicules neufs tous types, ainsi avec des nouveaux buggys et des scooters.\" \/>\n<meta property=\"og:url\" content=\"https:\/\/parosrentcar.com\/fr\/flotte-de-voitures-renouvelee-ete-2017\/\" \/>\n<meta property=\"og:site_name\" content=\"Location de voitures \u00e0 Paros Gr\u00e8ce - ParosEuropeanRent\" \/>\n<meta property=\"article:publisher\" content=\"https:\/\/www.facebook.com\/paroscarrental\" \/>\n<meta property=\"article:published_time\" content=\"2017-03-12T09:11:27+00:00\" \/>\n<meta property=\"article:modified_time\" content=\"2017-03-12T09:12:20+00:00\" \/>\n<meta property=\"og:image\" content=\"https:\/\/parosrentcar.com\/fr\/wp-content\/uploads\/2017\/03\/fiat-panda-600-200.jpg\" \/>\n<meta name=\"author\" content=\"admin\" \/>\n<meta name=\"twitter:label1\" content=\"\u00c9crit par\" \/>\n\t<meta name=\"twitter:data1\" content=\"admin\" \/>\n\t<meta name=\"twitter:label2\" content=\"Dur\u00e9e de lecture estim\u00e9e\" \/>\n\t<meta name=\"twitter:data2\" content=\"1 minute\" \/>\n<script type=\"application\/ld+json\" class=\"yoast-schema-graph\">{\"@context\":\"https:\/\/schema.org\",\"@graph\":[{\"@type\":\"Article\",\"@id\":\"https:\/\/parosrentcar.com\/fr\/flotte-de-voitures-renouvelee-ete-2017\/#article\",\"isPartOf\":{\"@id\":\"https:\/\/parosrentcar.com\/fr\/flotte-de-voitures-renouvelee-ete-2017\/\"},\"author\":{\"name\":\"admin\",\"@id\":\"https:\/\/parosrentcar.com\/fr\/#\/schema\/person\/d743451aad44d2f5e7839544ed91721e\"},\"headline\":\"Flotte de voitures renouvel\u00e9e, \u00e9t\u00e9 2017\",\"datePublished\":\"2017-03-12T09:11:27+00:00\",\"dateModified\":\"2017-03-12T09:12:20+00:00\",\"mainEntityOfPage\":{\"@id\":\"https:\/\/parosrentcar.com\/fr\/flotte-de-voitures-renouvelee-ete-2017\/\"},\"wordCount\":159,\"commentCount\":0,\"image\":{\"@id\":\"https:\/\/parosrentcar.com\/fr\/flotte-de-voitures-renouvelee-ete-2017\/#primaryimage\"},\"thumbnailUrl\":\"https:\/\/parosrentcar.com\/fr\/wp-content\/uploads\/2017\/03\/fiat-panda-600-200.jpg\",\"keywords\":[\"nouveaux buggys \u00e0 louer \u00e0 Paros\",\"nouveaux buggys \u00e0 Paros\",\"nouveaux scooters \u00e0 louer \u00e0 Paros\",\"nouveaux scooters \u00e0 Paros\",\"nouvelles voitures \u00e0 louer \u00e0 Paros\",\"nouvelles voitures de location \u00e0 Paros\"],\"articleSection\":[\"Buggy \u00e0 louer \u00e0 Paros\",\"Buggy \u00e0 Paros\",\"Buggy \u00e0 Paros Gr\u00e8ce\",\"location de buggy \u00e0 Paros\",\"location de scooter \u00e0 Paros\",\"location de voiture \u00e0 Paros\",\"Paros scooter\",\"Paros scooters \u00e0 louer\",\"Paros voiture \u00e0 louer\",\"Paros voitures\",\"Paros voitures \u00e0 louer\",\"Scooter \u00e0 louer \u00e0 Paros\",\"Scooter \u00e0 Paros\",\"voiture \u00e0 louer \u00e0 Paros\",\"voiture de location \u00e0 Paros\"],\"inLanguage\":\"fr-FR\",\"potentialAction\":[{\"@type\":\"CommentAction\",\"name\":\"Comment\",\"target\":[\"https:\/\/parosrentcar.com\/fr\/flotte-de-voitures-renouvelee-ete-2017\/#respond\"]}]},{\"@type\":\"WebPage\",\"@id\":\"https:\/\/parosrentcar.com\/fr\/flotte-de-voitures-renouvelee-ete-2017\/\",\"url\":\"https:\/\/parosrentcar.com\/fr\/flotte-de-voitures-renouvelee-ete-2017\/\",\"name\":\"Renouvellement de la flotte des v\u00e9hicule sParosEuropean Rent 2017\",\"isPartOf\":{\"@id\":\"https:\/\/parosrentcar.com\/fr\/#website\"},\"primaryImageOfPage\":{\"@id\":\"https:\/\/parosrentcar.com\/fr\/flotte-de-voitures-renouvelee-ete-2017\/#primaryimage\"},\"image\":{\"@id\":\"https:\/\/parosrentcar.com\/fr\/flotte-de-voitures-renouvelee-ete-2017\/#primaryimage\"},\"thumbnailUrl\":\"https:\/\/parosrentcar.com\/fr\/wp-content\/uploads\/2017\/03\/fiat-panda-600-200.jpg\",\"datePublished\":\"2017-03-12T09:11:27+00:00\",\"dateModified\":\"2017-03-12T09:12:20+00:00\",\"author\":{\"@id\":\"https:\/\/parosrentcar.com\/fr\/#\/schema\/person\/d743451aad44d2f5e7839544ed91721e\"},\"description\":\"Comme chaque ann\u00e9e, on a renouvel\u00e9 notre flotte avec des v\u00e9hicules neufs tous types, ainsi avec des nouveaux buggys et des scooters.\",\"breadcrumb\":{\"@id\":\"https:\/\/parosrentcar.com\/fr\/flotte-de-voitures-renouvelee-ete-2017\/#breadcrumb\"},\"inLanguage\":\"fr-FR\",\"potentialAction\":[{\"@type\":\"ReadAction\",\"target\":[\"https:\/\/parosrentcar.com\/fr\/flotte-de-voitures-renouvelee-ete-2017\/\"]}]},{\"@type\":\"ImageObject\",\"inLanguage\":\"fr-FR\",\"@id\":\"https:\/\/parosrentcar.com\/fr\/flotte-de-voitures-renouvelee-ete-2017\/#primaryimage\",\"url\":\"https:\/\/parosrentcar.com\/fr\/wp-content\/uploads\/2017\/03\/fiat-panda-600-200.jpg\",\"contentUrl\":\"https:\/\/parosrentcar.com\/fr\/wp-content\/uploads\/2017\/03\/fiat-panda-600-200.jpg\",\"width\":600,\"height\":200},{\"@type\":\"BreadcrumbList\",\"@id\":\"https:\/\/parosrentcar.com\/fr\/flotte-de-voitures-renouvelee-ete-2017\/#breadcrumb\",\"itemListElement\":[{\"@type\":\"ListItem\",\"position\":1,\"name\":\"Home\",\"item\":\"https:\/\/parosrentcar.com\/fr\/\"},{\"@type\":\"ListItem\",\"position\":2,\"name\":\"Flotte de voitures renouvel\u00e9e, \u00e9t\u00e9 2017\"}]},{\"@type\":\"WebSite\",\"@id\":\"https:\/\/parosrentcar.com\/fr\/#website\",\"url\":\"https:\/\/parosrentcar.com\/fr\/\",\"name\":\"Location de voitures \u00e0 Paros Gr\u00e8ce - ParosEuropeanRent\",\"description\":\"Location de voiture, buggy, quad, atv, scooter, moto et v\u00e9lo \u00e0 Paros\",\"potentialAction\":[{\"@type\":\"SearchAction\",\"target\":{\"@type\":\"EntryPoint\",\"urlTemplate\":\"https:\/\/parosrentcar.com\/fr\/?s={search_term_string}\"},\"query-input\":{\"@type\":\"PropertyValueSpecification\",\"valueRequired\":true,\"valueName\":\"search_term_string\"}}],\"inLanguage\":\"fr-FR\"},{\"@type\":\"Person\",\"@id\":\"https:\/\/parosrentcar.com\/fr\/#\/schema\/person\/d743451aad44d2f5e7839544ed91721e\",\"name\":\"admin\",\"image\":{\"@type\":\"ImageObject\",\"inLanguage\":\"fr-FR\",\"@id\":\"https:\/\/parosrentcar.com\/fr\/#\/schema\/person\/image\/\",\"url\":\"https:\/\/secure.gravatar.com\/avatar\/e8373ef91d847108770c709f685a900c4549230f96552692edf55206b4e6cdac?s=96&d=mm&r=g\",\"contentUrl\":\"https:\/\/secure.gravatar.com\/avatar\/e8373ef91d847108770c709f685a900c4549230f96552692edf55206b4e6cdac?s=96&d=mm&r=g\",\"caption\":\"admin\"},\"url\":\"https:\/\/parosrentcar.com\/fr\/author\/admin\/\"}]}<\/script>\n<!-- \/ Yoast SEO plugin. -->","yoast_head_json":{"title":"Renouvellement de la flotte des v\u00e9hicule sParosEuropean Rent 2017","description":"Comme chaque ann\u00e9e, on a renouvel\u00e9 notre flotte avec des v\u00e9hicules neufs tous types, ainsi avec des nouveaux buggys et des scooters.","robots":{"index":"index","follow":"follow","max-snippet":"max-snippet:-1","max-image-preview":"max-image-preview:large","max-video-preview":"max-video-preview:-1"},"canonical":"https:\/\/parosrentcar.com\/fr\/flotte-de-voitures-renouvelee-ete-2017\/","og_locale":"fr_FR","og_type":"article","og_title":"Renouvellement de la flotte des v\u00e9hicule sParosEuropean Rent 2017","og_description":"Comme chaque ann\u00e9e, on a renouvel\u00e9 notre flotte avec des v\u00e9hicules neufs tous types, ainsi avec des nouveaux buggys et des scooters.","og_url":"https:\/\/parosrentcar.com\/fr\/flotte-de-voitures-renouvelee-ete-2017\/","og_site_name":"Location de voitures \u00e0 Paros Gr\u00e8ce - ParosEuropeanRent","article_publisher":"https:\/\/www.facebook.com\/paroscarrental","article_published_time":"2017-03-12T09:11:27+00:00","article_modified_time":"2017-03-12T09:12:20+00:00","og_image":[{"url":"https:\/\/parosrentcar.com\/fr\/wp-content\/uploads\/2017\/03\/fiat-panda-600-200.jpg","type":"","width":"","height":""}],"author":"admin","twitter_misc":{"\u00c9crit par":"admin","Dur\u00e9e de lecture estim\u00e9e":"1 minute"},"schema":{"@context":"https:\/\/schema.org","@graph":[{"@type":"Article","@id":"https:\/\/parosrentcar.com\/fr\/flotte-de-voitures-renouvelee-ete-2017\/#article","isPartOf":{"@id":"https:\/\/parosrentcar.com\/fr\/flotte-de-voitures-renouvelee-ete-2017\/"},"author":{"name":"admin","@id":"https:\/\/parosrentcar.com\/fr\/#\/schema\/person\/d743451aad44d2f5e7839544ed91721e"},"headline":"Flotte de voitures renouvel\u00e9e, \u00e9t\u00e9 2017","datePublished":"2017-03-12T09:11:27+00:00","dateModified":"2017-03-12T09:12:20+00:00","mainEntityOfPage":{"@id":"https:\/\/parosrentcar.com\/fr\/flotte-de-voitures-renouvelee-ete-2017\/"},"wordCount":159,"commentCount":0,"image":{"@id":"https:\/\/parosrentcar.com\/fr\/flotte-de-voitures-renouvelee-ete-2017\/#primaryimage"},"thumbnailUrl":"https:\/\/parosrentcar.com\/fr\/wp-content\/uploads\/2017\/03\/fiat-panda-600-200.jpg","keywords":["nouveaux buggys \u00e0 louer \u00e0 Paros","nouveaux buggys \u00e0 Paros","nouveaux scooters \u00e0 louer \u00e0 Paros","nouveaux scooters \u00e0 Paros","nouvelles voitures \u00e0 louer \u00e0 Paros","nouvelles voitures de location \u00e0 Paros"],"articleSection":["Buggy \u00e0 louer \u00e0 Paros","Buggy \u00e0 Paros","Buggy \u00e0 Paros Gr\u00e8ce","location de buggy \u00e0 Paros","location de scooter \u00e0 Paros","location de voiture \u00e0 Paros","Paros scooter","Paros scooters \u00e0 louer","Paros voiture \u00e0 louer","Paros voitures","Paros voitures \u00e0 louer","Scooter \u00e0 louer \u00e0 Paros","Scooter \u00e0 Paros","voiture \u00e0 louer \u00e0 Paros","voiture de location \u00e0 Paros"],"inLanguage":"fr-FR","potentialAction":[{"@type":"CommentAction","name":"Comment","target":["https:\/\/parosrentcar.com\/fr\/flotte-de-voitures-renouvelee-ete-2017\/#respond"]}]},{"@type":"WebPage","@id":"https:\/\/parosrentcar.com\/fr\/flotte-de-voitures-renouvelee-ete-2017\/","url":"https:\/\/parosrentcar.com\/fr\/flotte-de-voitures-renouvelee-ete-2017\/","name":"Renouvellement de la flotte des v\u00e9hicule sParosEuropean Rent 2017","isPartOf":{"@id":"https:\/\/parosrentcar.com\/fr\/#website"},"primaryImageOfPage":{"@id":"https:\/\/parosrentcar.com\/fr\/flotte-de-voitures-renouvelee-ete-2017\/#primaryimage"},"image":{"@id":"https:\/\/parosrentcar.com\/fr\/flotte-de-voitures-renouvelee-ete-2017\/#primaryimage"},"thumbnailUrl":"https:\/\/parosrentcar.com\/fr\/wp-content\/uploads\/2017\/03\/fiat-panda-600-200.jpg","datePublished":"2017-03-12T09:11:27+00:00","dateModified":"2017-03-12T09:12:20+00:00","author":{"@id":"https:\/\/parosrentcar.com\/fr\/#\/schema\/person\/d743451aad44d2f5e7839544ed91721e"},"description":"Comme chaque ann\u00e9e, on a renouvel\u00e9 notre flotte avec des v\u00e9hicules neufs tous types, ainsi avec des nouveaux buggys et des scooters.","breadcrumb":{"@id":"https:\/\/parosrentcar.com\/fr\/flotte-de-voitures-renouvelee-ete-2017\/#breadcrumb"},"inLanguage":"fr-FR","potentialAction":[{"@type":"ReadAction","target":["https:\/\/parosrentcar.com\/fr\/flotte-de-voitures-renouvelee-ete-2017\/"]}]},{"@type":"ImageObject","inLanguage":"fr-FR","@id":"https:\/\/parosrentcar.com\/fr\/flotte-de-voitures-renouvelee-ete-2017\/#primaryimage","url":"https:\/\/parosrentcar.com\/fr\/wp-content\/uploads\/2017\/03\/fiat-panda-600-200.jpg","contentUrl":"https:\/\/parosrentcar.com\/fr\/wp-content\/uploads\/2017\/03\/fiat-panda-600-200.jpg","width":600,"height":200},{"@type":"BreadcrumbList","@id":"https:\/\/parosrentcar.com\/fr\/flotte-de-voitures-renouvelee-ete-2017\/#breadcrumb","itemListElement":[{"@type":"ListItem","position":1,"name":"Home","item":"https:\/\/parosrentcar.com\/fr\/"},{"@type":"ListItem","position":2,"name":"Flotte de voitures renouvel\u00e9e, \u00e9t\u00e9 2017"}]},{"@type":"WebSite","@id":"https:\/\/parosrentcar.com\/fr\/#website","url":"https:\/\/parosrentcar.com\/fr\/","name":"Location de voitures \u00e0 Paros Gr\u00e8ce - ParosEuropeanRent","description":"Location de voiture, buggy, quad, atv, scooter, moto et v\u00e9lo \u00e0 Paros","potentialAction":[{"@type":"SearchAction","target":{"@type":"EntryPoint","urlTemplate":"https:\/\/parosrentcar.com\/fr\/?s={search_term_string}"},"query-input":{"@type":"PropertyValueSpecification","valueRequired":true,"valueName":"search_term_string"}}],"inLanguage":"fr-FR"},{"@type":"Person","@id":"https:\/\/parosrentcar.com\/fr\/#\/schema\/person\/d743451aad44d2f5e7839544ed91721e","name":"admin","image":{"@type":"ImageObject","inLanguage":"fr-FR","@id":"https:\/\/parosrentcar.com\/fr\/#\/schema\/person\/image\/","url":"https:\/\/secure.gravatar.com\/avatar\/e8373ef91d847108770c709f685a900c4549230f96552692edf55206b4e6cdac?s=96&d=mm&r=g","contentUrl":"https:\/\/secure.gravatar.com\/avatar\/e8373ef91d847108770c709f685a900c4549230f96552692edf55206b4e6cdac?s=96&d=mm&r=g","caption":"admin"},"url":"https:\/\/parosrentcar.com\/fr\/author\/admin\/"}]}},"_links":{"self":[{"href":"https:\/\/parosrentcar.com\/fr\/wp-json\/wp\/v2\/posts\/2276","targetHints":{"allow":["GET"]}}],"collection":[{"href":"https:\/\/parosrentcar.com\/fr\/wp-json\/wp\/v2\/posts"}],"about":[{"href":"https:\/\/parosrentcar.com\/fr\/wp-json\/wp\/v2\/types\/post"}],"author":[{"embeddable":true,"href":"https:\/\/parosrentcar.com\/fr\/wp-json\/wp\/v2\/users\/1"}],"replies":[{"embeddable":true,"href":"https:\/\/parosrentcar.com\/fr\/wp-json\/wp\/v2\/comments?post=2276"}],"version-history":[{"count":2,"href":"https:\/\/parosrentcar.com\/fr\/wp-json\/wp\/v2\/posts\/2276\/revisions"}],"predecessor-version":[{"id":2279,"href":"https:\/\/parosrentcar.com\/fr\/wp-json\/wp\/v2\/posts\/2276\/revisions\/2279"}],"wp:attachment":[{"href":"https:\/\/parosrentcar.com\/fr\/wp-json\/wp\/v2\/media?parent=2276"}],"wp:term":[{"taxonomy":"category","embeddable":true,"href":"https:\/\/parosrentcar.com\/fr\/wp-json\/wp\/v2\/categories?post=2276"},{"taxonomy":"post_tag","embeddable":true,"href":"https:\/\/parosrentcar.com\/fr\/wp-json\/wp\/v2\/tags?post=2276"}],"curies":[{"name":"wp","href":"https:\/\/api.w.org\/{rel}","templated":true}]}}