{"id":2245,"date":"2016-10-25T20:29:25","date_gmt":"2016-10-25T20:29:25","guid":{"rendered":"https:\/\/parosrentcar.com\/fr\/?p=2245"},"modified":"2016-10-25T20:32:10","modified_gmt":"2016-10-25T20:32:10","slug":"location-de-voitures-decapotablesa-paros","status":"publish","type":"post","link":"https:\/\/parosrentcar.com\/fr\/location-de-voitures-decapotablesa-paros\/","title":{"rendered":"Location de voitures d\u00e9capotables \u00e0 Paros"},"content":{"rendered":"<p>Profitez du soleil, de la mer et de la brise d\u2019\u00e9t\u00e9 de notre ile en conduisant une voiture d\u00e9capotable. La soci\u00e9t\u00e9 des voitures \u00e0 louer ParosEuropean Rent \u00e0 Paros vous garantit la Qualit\u00e9 et \u00a0la S\u00e9curit\u00e9 avec sa flotte de v\u00e9hiculestout-neuve et bien entretenue et aux prix les plus comp\u00e9titifs de Paros. On dispose d\u2019une gamme vari\u00e9e de voitures d\u00e9capotables de location (cabriolets) pour tout go\u00fbt et tout choix.<\/p>\n<p>Chez notre soci\u00e9t\u00e9\u00a0 vous pouvez choisir parmi les voitures d\u00e9capotables de location ci- dessous (cabrio)<\/p>\n<ul>\n<li>\u00a0Groupe E: <a href=\"https:\/\/parosrentcar.com\/fr\/location-de-voitures-a-paros\/groupe-e-fiat-500-cabrio\/\" target=\"_blank\">Fiat 500 Cabrio<\/a><\/li>\n<li>Groupe E: <a href=\"https:\/\/parosrentcar.com\/fr\/location-de-voitures-a-paros\/jeep-suzuki-jimmy-cabrio\/\" target=\"_blank\">Suzuki Jimny Cabrio<\/a><\/li>\n<li>Groupe G: <a href=\"https:\/\/parosrentcar.com\/fr\/location-de-voitures-a-paros\/volkswagen-eos\/\" target=\"_blank\">Volkswagen Eos Cabrio<\/a><\/li>\n<li>Groupe G: Opel Astra Cabrio<\/li>\n<\/ul>\n<p>La livraison et la restitution des voitures de location se fait gratuitement au port de Paros, \u00e0 l\u2019a\u00e9roport de Paros mais aussi \u00e0 votre h\u00f4tel.<\/p>\n<p>Pour des r\u00e9servations en ligne, s\u00e9lectionnez le v\u00e9hicule de votre pr\u00e9f\u00e9rence et remplissez le formulaire avec vos coordonn\u00e9es.<\/p>\n","protected":false},"excerpt":{"rendered":"<p>Profitez du soleil, de la mer et de la brise d\u2019\u00e9t\u00e9 de notre ile en conduisant une voiture d\u00e9capotable. La soci\u00e9t\u00e9 des voitures \u00e0 louer ParosEuropean Rent \u00e0 Paros vous garantit la Qualit\u00e9 et \u00a0la S\u00e9curit\u00e9 avec sa flotte de v\u00e9hiculestout-neuve et bien entretenue et aux prix les plus comp\u00e9titifs de Paros. On dispose d\u2019une gamme vari\u00e9e de voitures d\u00e9capotables de location (cabriolets) pour tout go\u00fbt et tout choix. Chez notre soci\u00e9t\u00e9\u00a0 vous pouvez choisir parmi les voitures d\u00e9capotables de location ci- dessous (cabrio) \u00a0Groupe E: Fiat 500 Cabrio Groupe E: Suzuki Jimny Cabrio Groupe G: Volkswagen Eos Cabrio Groupe G: Opel Astra Cabrio La livraison et la restitution des [&hellip;]<\/p>\n","protected":false},"author":1,"featured_media":0,"comment_status":"open","ping_status":"open","sticky":false,"template":"","format":"standard","meta":{"footnotes":""},"categories":[4,78,5,67,7],"tags":[106,105,107,102,103,85,104],"class_list":["post-2245","post","type-post","status-publish","format-standard","hentry","category-location-de-voitures-a-paros","category-paros-voitures-a-louer","category-voitures-a-louer-a-paros","category-voitures-a-bas-prix-a-louer-a-paros","category-voitures-economiques-a-paros","tag-location-de-cabrio-economiques","tag-location-de-voitures-cabrio","tag-location-de-voitures-decapotables","tag-paros-cabrio-a-louer","tag-paros-cabrio-a-louer-economiques","tag-paros-voitures-a-louer","tag-paros-voitures-de-location-decapotables"],"yoast_head":"<!-- This site is optimized with the Yoast SEO plugin v27.1.1 - https:\/\/yoast.com\/product\/yoast-seo-wordpress\/ -->\n<title>Cabrio \u00e0 louer \u00e0 Paros<\/title>\n<meta name=\"description\" content=\"Profitez de vos circuits \u00e0 Paros tout en louant une voiture d\u00e9capotable (cabrio) aux prix le plus comp\u00e9titifs du march\u00e9\" \/>\n<meta name=\"robots\" content=\"index, follow, max-snippet:-1, max-image-preview:large, max-video-preview:-1\" \/>\n<link rel=\"canonical\" href=\"https:\/\/parosrentcar.com\/fr\/location-de-voitures-decapotablesa-paros\/\" \/>\n<meta property=\"og:locale\" content=\"fr_FR\" \/>\n<meta property=\"og:type\" content=\"article\" \/>\n<meta property=\"og:title\" content=\"Cabrio \u00e0 louer \u00e0 Paros\" \/>\n<meta property=\"og:description\" content=\"Profitez de vos circuits \u00e0 Paros tout en louant une voiture d\u00e9capotable (cabrio) aux prix le plus comp\u00e9titifs du march\u00e9\" \/>\n<meta property=\"og:url\" content=\"https:\/\/parosrentcar.com\/fr\/location-de-voitures-decapotablesa-paros\/\" \/>\n<meta property=\"og:site_name\" content=\"Location de voitures \u00e0 Paros Gr\u00e8ce - ParosEuropeanRent\" \/>\n<meta property=\"article:publisher\" content=\"https:\/\/www.facebook.com\/paroscarrental\" \/>\n<meta property=\"article:published_time\" content=\"2016-10-25T20:29:25+00:00\" \/>\n<meta property=\"article:modified_time\" content=\"2016-10-25T20:32:10+00:00\" \/>\n<meta name=\"author\" content=\"admin\" \/>\n<meta name=\"twitter:label1\" content=\"\u00c9crit par\" \/>\n\t<meta name=\"twitter:data1\" content=\"admin\" \/>\n\t<meta name=\"twitter:label2\" content=\"Dur\u00e9e de lecture estim\u00e9e\" \/>\n\t<meta name=\"twitter:data2\" content=\"1 minute\" \/>\n<script type=\"application\/ld+json\" class=\"yoast-schema-graph\">{\"@context\":\"https:\/\/schema.org\",\"@graph\":[{\"@type\":\"Article\",\"@id\":\"https:\/\/parosrentcar.com\/fr\/location-de-voitures-decapotablesa-paros\/#article\",\"isPartOf\":{\"@id\":\"https:\/\/parosrentcar.com\/fr\/location-de-voitures-decapotablesa-paros\/\"},\"author\":{\"name\":\"admin\",\"@id\":\"https:\/\/parosrentcar.com\/fr\/#\/schema\/person\/d743451aad44d2f5e7839544ed91721e\"},\"headline\":\"Location de voitures d\u00e9capotables \u00e0 Paros\",\"datePublished\":\"2016-10-25T20:29:25+00:00\",\"dateModified\":\"2016-10-25T20:32:10+00:00\",\"mainEntityOfPage\":{\"@id\":\"https:\/\/parosrentcar.com\/fr\/location-de-voitures-decapotablesa-paros\/\"},\"wordCount\":169,\"commentCount\":0,\"keywords\":[\"location de cabrio \u00e9conomiques\",\"location de voitures cabrio\",\"location de voitures d\u00e9capotables\",\"Paros cabrio \u00e0 louer\",\"Paros cabrio \u00e0 louer \u00e9conomiques\",\"Paros voitures \u00e0 louer\",\"Paros voitures de location d\u00e9capotables\"],\"articleSection\":[\"Location de voitures \u00e0 Paros\",\"Paros voitures \u00e0 louer\",\"voiture \u00e0 louer \u00e0 Paros\",\"Voitures \u00e0 bas prix \u00e0 louer \u00e0 Paros\",\"voitures \u00e9conomiques \u00e0 Paros\"],\"inLanguage\":\"fr-FR\",\"potentialAction\":[{\"@type\":\"CommentAction\",\"name\":\"Comment\",\"target\":[\"https:\/\/parosrentcar.com\/fr\/location-de-voitures-decapotablesa-paros\/#respond\"]}]},{\"@type\":\"WebPage\",\"@id\":\"https:\/\/parosrentcar.com\/fr\/location-de-voitures-decapotablesa-paros\/\",\"url\":\"https:\/\/parosrentcar.com\/fr\/location-de-voitures-decapotablesa-paros\/\",\"name\":\"Cabrio \u00e0 louer \u00e0 Paros\",\"isPartOf\":{\"@id\":\"https:\/\/parosrentcar.com\/fr\/#website\"},\"datePublished\":\"2016-10-25T20:29:25+00:00\",\"dateModified\":\"2016-10-25T20:32:10+00:00\",\"author\":{\"@id\":\"https:\/\/parosrentcar.com\/fr\/#\/schema\/person\/d743451aad44d2f5e7839544ed91721e\"},\"description\":\"Profitez de vos circuits \u00e0 Paros tout en louant une voiture d\u00e9capotable (cabrio) aux prix le plus comp\u00e9titifs du march\u00e9\",\"breadcrumb\":{\"@id\":\"https:\/\/parosrentcar.com\/fr\/location-de-voitures-decapotablesa-paros\/#breadcrumb\"},\"inLanguage\":\"fr-FR\",\"potentialAction\":[{\"@type\":\"ReadAction\",\"target\":[\"https:\/\/parosrentcar.com\/fr\/location-de-voitures-decapotablesa-paros\/\"]}]},{\"@type\":\"BreadcrumbList\",\"@id\":\"https:\/\/parosrentcar.com\/fr\/location-de-voitures-decapotablesa-paros\/#breadcrumb\",\"itemListElement\":[{\"@type\":\"ListItem\",\"position\":1,\"name\":\"Home\",\"item\":\"https:\/\/parosrentcar.com\/fr\/\"},{\"@type\":\"ListItem\",\"position\":2,\"name\":\"Location de voitures d\u00e9capotables \u00e0 Paros\"}]},{\"@type\":\"WebSite\",\"@id\":\"https:\/\/parosrentcar.com\/fr\/#website\",\"url\":\"https:\/\/parosrentcar.com\/fr\/\",\"name\":\"Location de voitures \u00e0 Paros Gr\u00e8ce - ParosEuropeanRent\",\"description\":\"Location de voiture, buggy, quad, atv, scooter, moto et v\u00e9lo \u00e0 Paros\",\"potentialAction\":[{\"@type\":\"SearchAction\",\"target\":{\"@type\":\"EntryPoint\",\"urlTemplate\":\"https:\/\/parosrentcar.com\/fr\/?s={search_term_string}\"},\"query-input\":{\"@type\":\"PropertyValueSpecification\",\"valueRequired\":true,\"valueName\":\"search_term_string\"}}],\"inLanguage\":\"fr-FR\"},{\"@type\":\"Person\",\"@id\":\"https:\/\/parosrentcar.com\/fr\/#\/schema\/person\/d743451aad44d2f5e7839544ed91721e\",\"name\":\"admin\",\"image\":{\"@type\":\"ImageObject\",\"inLanguage\":\"fr-FR\",\"@id\":\"https:\/\/parosrentcar.com\/fr\/#\/schema\/person\/image\/\",\"url\":\"https:\/\/secure.gravatar.com\/avatar\/e8373ef91d847108770c709f685a900c4549230f96552692edf55206b4e6cdac?s=96&d=mm&r=g\",\"contentUrl\":\"https:\/\/secure.gravatar.com\/avatar\/e8373ef91d847108770c709f685a900c4549230f96552692edf55206b4e6cdac?s=96&d=mm&r=g\",\"caption\":\"admin\"},\"url\":\"https:\/\/parosrentcar.com\/fr\/author\/admin\/\"}]}<\/script>\n<!-- \/ Yoast SEO plugin. -->","yoast_head_json":{"title":"Cabrio \u00e0 louer \u00e0 Paros","description":"Profitez de vos circuits \u00e0 Paros tout en louant une voiture d\u00e9capotable (cabrio) aux prix le plus comp\u00e9titifs du march\u00e9","robots":{"index":"index","follow":"follow","max-snippet":"max-snippet:-1","max-image-preview":"max-image-preview:large","max-video-preview":"max-video-preview:-1"},"canonical":"https:\/\/parosrentcar.com\/fr\/location-de-voitures-decapotablesa-paros\/","og_locale":"fr_FR","og_type":"article","og_title":"Cabrio \u00e0 louer \u00e0 Paros","og_description":"Profitez de vos circuits \u00e0 Paros tout en louant une voiture d\u00e9capotable (cabrio) aux prix le plus comp\u00e9titifs du march\u00e9","og_url":"https:\/\/parosrentcar.com\/fr\/location-de-voitures-decapotablesa-paros\/","og_site_name":"Location de voitures \u00e0 Paros Gr\u00e8ce - ParosEuropeanRent","article_publisher":"https:\/\/www.facebook.com\/paroscarrental","article_published_time":"2016-10-25T20:29:25+00:00","article_modified_time":"2016-10-25T20:32:10+00:00","author":"admin","twitter_misc":{"\u00c9crit par":"admin","Dur\u00e9e de lecture estim\u00e9e":"1 minute"},"schema":{"@context":"https:\/\/schema.org","@graph":[{"@type":"Article","@id":"https:\/\/parosrentcar.com\/fr\/location-de-voitures-decapotablesa-paros\/#article","isPartOf":{"@id":"https:\/\/parosrentcar.com\/fr\/location-de-voitures-decapotablesa-paros\/"},"author":{"name":"admin","@id":"https:\/\/parosrentcar.com\/fr\/#\/schema\/person\/d743451aad44d2f5e7839544ed91721e"},"headline":"Location de voitures d\u00e9capotables \u00e0 Paros","datePublished":"2016-10-25T20:29:25+00:00","dateModified":"2016-10-25T20:32:10+00:00","mainEntityOfPage":{"@id":"https:\/\/parosrentcar.com\/fr\/location-de-voitures-decapotablesa-paros\/"},"wordCount":169,"commentCount":0,"keywords":["location de cabrio \u00e9conomiques","location de voitures cabrio","location de voitures d\u00e9capotables","Paros cabrio \u00e0 louer","Paros cabrio \u00e0 louer \u00e9conomiques","Paros voitures \u00e0 louer","Paros voitures de location d\u00e9capotables"],"articleSection":["Location de voitures \u00e0 Paros","Paros voitures \u00e0 louer","voiture \u00e0 louer \u00e0 Paros","Voitures \u00e0 bas prix \u00e0 louer \u00e0 Paros","voitures \u00e9conomiques \u00e0 Paros"],"inLanguage":"fr-FR","potentialAction":[{"@type":"CommentAction","name":"Comment","target":["https:\/\/parosrentcar.com\/fr\/location-de-voitures-decapotablesa-paros\/#respond"]}]},{"@type":"WebPage","@id":"https:\/\/parosrentcar.com\/fr\/location-de-voitures-decapotablesa-paros\/","url":"https:\/\/parosrentcar.com\/fr\/location-de-voitures-decapotablesa-paros\/","name":"Cabrio \u00e0 louer \u00e0 Paros","isPartOf":{"@id":"https:\/\/parosrentcar.com\/fr\/#website"},"datePublished":"2016-10-25T20:29:25+00:00","dateModified":"2016-10-25T20:32:10+00:00","author":{"@id":"https:\/\/parosrentcar.com\/fr\/#\/schema\/person\/d743451aad44d2f5e7839544ed91721e"},"description":"Profitez de vos circuits \u00e0 Paros tout en louant une voiture d\u00e9capotable (cabrio) aux prix le plus comp\u00e9titifs du march\u00e9","breadcrumb":{"@id":"https:\/\/parosrentcar.com\/fr\/location-de-voitures-decapotablesa-paros\/#breadcrumb"},"inLanguage":"fr-FR","potentialAction":[{"@type":"ReadAction","target":["https:\/\/parosrentcar.com\/fr\/location-de-voitures-decapotablesa-paros\/"]}]},{"@type":"BreadcrumbList","@id":"https:\/\/parosrentcar.com\/fr\/location-de-voitures-decapotablesa-paros\/#breadcrumb","itemListElement":[{"@type":"ListItem","position":1,"name":"Home","item":"https:\/\/parosrentcar.com\/fr\/"},{"@type":"ListItem","position":2,"name":"Location de voitures d\u00e9capotables \u00e0 Paros"}]},{"@type":"WebSite","@id":"https:\/\/parosrentcar.com\/fr\/#website","url":"https:\/\/parosrentcar.com\/fr\/","name":"Location de voitures \u00e0 Paros Gr\u00e8ce - ParosEuropeanRent","description":"Location de voiture, buggy, quad, atv, scooter, moto et v\u00e9lo \u00e0 Paros","potentialAction":[{"@type":"SearchAction","target":{"@type":"EntryPoint","urlTemplate":"https:\/\/parosrentcar.com\/fr\/?s={search_term_string}"},"query-input":{"@type":"PropertyValueSpecification","valueRequired":true,"valueName":"search_term_string"}}],"inLanguage":"fr-FR"},{"@type":"Person","@id":"https:\/\/parosrentcar.com\/fr\/#\/schema\/person\/d743451aad44d2f5e7839544ed91721e","name":"admin","image":{"@type":"ImageObject","inLanguage":"fr-FR","@id":"https:\/\/parosrentcar.com\/fr\/#\/schema\/person\/image\/","url":"https:\/\/secure.gravatar.com\/avatar\/e8373ef91d847108770c709f685a900c4549230f96552692edf55206b4e6cdac?s=96&d=mm&r=g","contentUrl":"https:\/\/secure.gravatar.com\/avatar\/e8373ef91d847108770c709f685a900c4549230f96552692edf55206b4e6cdac?s=96&d=mm&r=g","caption":"admin"},"url":"https:\/\/parosrentcar.com\/fr\/author\/admin\/"}]}},"_links":{"self":[{"href":"https:\/\/parosrentcar.com\/fr\/wp-json\/wp\/v2\/posts\/2245","targetHints":{"allow":["GET"]}}],"collection":[{"href":"https:\/\/parosrentcar.com\/fr\/wp-json\/wp\/v2\/posts"}],"about":[{"href":"https:\/\/parosrentcar.com\/fr\/wp-json\/wp\/v2\/types\/post"}],"author":[{"embeddable":true,"href":"https:\/\/parosrentcar.com\/fr\/wp-json\/wp\/v2\/users\/1"}],"replies":[{"embeddable":true,"href":"https:\/\/parosrentcar.com\/fr\/wp-json\/wp\/v2\/comments?post=2245"}],"version-history":[{"count":3,"href":"https:\/\/parosrentcar.com\/fr\/wp-json\/wp\/v2\/posts\/2245\/revisions"}],"predecessor-version":[{"id":2249,"href":"https:\/\/parosrentcar.com\/fr\/wp-json\/wp\/v2\/posts\/2245\/revisions\/2249"}],"wp:attachment":[{"href":"https:\/\/parosrentcar.com\/fr\/wp-json\/wp\/v2\/media?parent=2245"}],"wp:term":[{"taxonomy":"category","embeddable":true,"href":"https:\/\/parosrentcar.com\/fr\/wp-json\/wp\/v2\/categories?post=2245"},{"taxonomy":"post_tag","embeddable":true,"href":"https:\/\/parosrentcar.com\/fr\/wp-json\/wp\/v2\/tags?post=2245"}],"curies":[{"name":"wp","href":"https:\/\/api.w.org\/{rel}","templated":true}]}}