{"id":2221,"date":"2016-04-10T15:30:33","date_gmt":"2016-04-10T15:30:33","guid":{"rendered":"https:\/\/parosrentcar.com\/fr\/?p=2221"},"modified":"2016-04-10T15:38:00","modified_gmt":"2016-04-10T15:38:00","slug":"voitures-a-bas-prix-a-louer-a-paros","status":"publish","type":"post","link":"https:\/\/parosrentcar.com\/fr\/voitures-a-bas-prix-a-louer-a-paros\/","title":{"rendered":"Voitures \u00e0 bas prix \u00e0 louer \u00e0 Paros"},"content":{"rendered":"<p>La soci\u00e9t\u00e9 des voitures ParosEuropeanRent \u00e0 Paros promet de qualit\u00e9, de s\u00e9curit\u00e9. Aussi un flotte de voitures neuf et bien entretenu et les meilleurs prix sur l`\u00eele de Paros. Nous offrons une large gamme de voitures \u00e0 bas prix. Louez des voitures du groupe A et B et visitez l`\u00eele reposez et profitez \u00a0des plages uniques et les sites de Paros.<\/p>\n<p><strong>Voitures pas cher \u00e0 louer\u00a0:<\/strong><\/p>\n<ul>\n<li>GROUP A: SKODA CITIGO<\/li>\n<li>GROUP A: SPARK CHEVROLET<\/li>\n<li>GROUP B: FIAT PANDA<\/li>\n<li>GROUP B: HYUNDAI I10<\/li>\n<li>GROUP B: OPEL CORSA<\/li>\n<\/ul>\n<p>La livraison et la r\u00e9ception de la voiture au port de Paros, \u00e0 l\u2019a\u00e9roport et \u00e0 votre h\u00f4tel\u00a0 est totalement gratuit, pour les r\u00e9servations en ligne, choisissez la voiture que vous voulez et remplissez le formulaire de r\u00e9servation avec vos coordonn\u00e9es<\/p>\n","protected":false},"excerpt":{"rendered":"<p>La soci\u00e9t\u00e9 des voitures ParosEuropeanRent \u00e0 Paros promet de qualit\u00e9, de s\u00e9curit\u00e9. Aussi un flotte de voitures neuf et bien entretenu et les meilleurs prix sur l`\u00eele de Paros. Nous offrons une large gamme de voitures \u00e0 bas prix. Louez des voitures du groupe A et B et visitez l`\u00eele reposez et profitez \u00a0des plages uniques et les sites de Paros. Voitures pas cher \u00e0 louer\u00a0: GROUP A: SKODA CITIGO GROUP A: SPARK CHEVROLET GROUP B: FIAT PANDA GROUP B: HYUNDAI I10 GROUP B: OPEL CORSA La livraison et la r\u00e9ception de la voiture au port de Paros, \u00e0 l\u2019a\u00e9roport et \u00e0 votre h\u00f4tel\u00a0 est totalement gratuit, pour les r\u00e9servations [&hellip;]<\/p>\n","protected":false},"author":1,"featured_media":0,"comment_status":"open","ping_status":"open","sticky":false,"template":"","format":"standard","meta":{"footnotes":""},"categories":[4,5,67,7],"tags":[12,66,68,13,58],"class_list":["post-2221","post","type-post","status-publish","format-standard","hentry","category-location-de-voitures-a-paros","category-voitures-a-louer-a-paros","category-voitures-a-bas-prix-a-louer-a-paros","category-voitures-economiques-a-paros","tag-location-de-voitures-a-paros","tag-location-de-voitures-pas-cher-a-paros","tag-voitures-a-bas-prix-a-louer-a-paros","tag-voitures-a-louer-a-paros","tag-voitures-a-paros"],"yoast_head":"<!-- This site is optimized with the Yoast SEO plugin v27.1.1 - https:\/\/yoast.com\/product\/yoast-seo-wordpress\/ -->\n<title>Voitures \u00e0 bas prix \u00e0 louer \u00e0 Paros.<\/title>\n<meta name=\"description\" content=\"Nous offrons une grande vari\u00e9t\u00e9 de voitures \u00e0 louer \u00e0 bas prix.\u00a0Voitures \u00e0 bas prix \u00e0 louer \u00e0 Paros.\" \/>\n<meta name=\"robots\" content=\"index, follow, max-snippet:-1, max-image-preview:large, max-video-preview:-1\" \/>\n<link rel=\"canonical\" href=\"https:\/\/parosrentcar.com\/fr\/voitures-a-bas-prix-a-louer-a-paros\/\" \/>\n<meta property=\"og:locale\" content=\"fr_FR\" \/>\n<meta property=\"og:type\" content=\"article\" \/>\n<meta property=\"og:title\" content=\"Voitures \u00e0 bas prix \u00e0 louer \u00e0 Paros.\" \/>\n<meta property=\"og:description\" content=\"Nous offrons une grande vari\u00e9t\u00e9 de voitures \u00e0 louer \u00e0 bas prix.\u00a0Voitures \u00e0 bas prix \u00e0 louer \u00e0 Paros.\" \/>\n<meta property=\"og:url\" content=\"https:\/\/parosrentcar.com\/fr\/voitures-a-bas-prix-a-louer-a-paros\/\" \/>\n<meta property=\"og:site_name\" content=\"Location de voitures \u00e0 Paros Gr\u00e8ce - ParosEuropeanRent\" \/>\n<meta property=\"article:publisher\" content=\"https:\/\/www.facebook.com\/paroscarrental\" \/>\n<meta property=\"article:published_time\" content=\"2016-04-10T15:30:33+00:00\" \/>\n<meta property=\"article:modified_time\" content=\"2016-04-10T15:38:00+00:00\" \/>\n<meta name=\"author\" content=\"admin\" \/>\n<meta name=\"twitter:label1\" content=\"\u00c9crit par\" \/>\n\t<meta name=\"twitter:data1\" content=\"admin\" \/>\n\t<meta name=\"twitter:label2\" content=\"Dur\u00e9e de lecture estim\u00e9e\" \/>\n\t<meta name=\"twitter:data2\" content=\"1 minute\" \/>\n<script type=\"application\/ld+json\" class=\"yoast-schema-graph\">{\"@context\":\"https:\/\/schema.org\",\"@graph\":[{\"@type\":\"Article\",\"@id\":\"https:\/\/parosrentcar.com\/fr\/voitures-a-bas-prix-a-louer-a-paros\/#article\",\"isPartOf\":{\"@id\":\"https:\/\/parosrentcar.com\/fr\/voitures-a-bas-prix-a-louer-a-paros\/\"},\"author\":{\"name\":\"admin\",\"@id\":\"https:\/\/parosrentcar.com\/fr\/#\/schema\/person\/d743451aad44d2f5e7839544ed91721e\"},\"headline\":\"Voitures \u00e0 bas prix \u00e0 louer \u00e0 Paros\",\"datePublished\":\"2016-04-10T15:30:33+00:00\",\"dateModified\":\"2016-04-10T15:38:00+00:00\",\"mainEntityOfPage\":{\"@id\":\"https:\/\/parosrentcar.com\/fr\/voitures-a-bas-prix-a-louer-a-paros\/\"},\"wordCount\":138,\"commentCount\":0,\"keywords\":[\"Location de voitures \u00e0 Paros\",\"location de voitures pas cher \u00e0 Paros\",\"Voitures \u00e0 bas prix \u00e0 louer \u00e0 Paros\",\"voitures \u00e0 louer \u00e0 Paros\",\"Voitures \u00e0 Paros\"],\"articleSection\":[\"Location de voitures \u00e0 Paros\",\"voiture \u00e0 louer \u00e0 Paros\",\"Voitures \u00e0 bas prix \u00e0 louer \u00e0 Paros\",\"voitures \u00e9conomiques \u00e0 Paros\"],\"inLanguage\":\"fr-FR\",\"potentialAction\":[{\"@type\":\"CommentAction\",\"name\":\"Comment\",\"target\":[\"https:\/\/parosrentcar.com\/fr\/voitures-a-bas-prix-a-louer-a-paros\/#respond\"]}]},{\"@type\":\"WebPage\",\"@id\":\"https:\/\/parosrentcar.com\/fr\/voitures-a-bas-prix-a-louer-a-paros\/\",\"url\":\"https:\/\/parosrentcar.com\/fr\/voitures-a-bas-prix-a-louer-a-paros\/\",\"name\":\"Voitures \u00e0 bas prix \u00e0 louer \u00e0 Paros.\",\"isPartOf\":{\"@id\":\"https:\/\/parosrentcar.com\/fr\/#website\"},\"datePublished\":\"2016-04-10T15:30:33+00:00\",\"dateModified\":\"2016-04-10T15:38:00+00:00\",\"author\":{\"@id\":\"https:\/\/parosrentcar.com\/fr\/#\/schema\/person\/d743451aad44d2f5e7839544ed91721e\"},\"description\":\"Nous offrons une grande vari\u00e9t\u00e9 de voitures \u00e0 louer \u00e0 bas prix.\u00a0Voitures \u00e0 bas prix \u00e0 louer \u00e0 Paros.\",\"breadcrumb\":{\"@id\":\"https:\/\/parosrentcar.com\/fr\/voitures-a-bas-prix-a-louer-a-paros\/#breadcrumb\"},\"inLanguage\":\"fr-FR\",\"potentialAction\":[{\"@type\":\"ReadAction\",\"target\":[\"https:\/\/parosrentcar.com\/fr\/voitures-a-bas-prix-a-louer-a-paros\/\"]}]},{\"@type\":\"BreadcrumbList\",\"@id\":\"https:\/\/parosrentcar.com\/fr\/voitures-a-bas-prix-a-louer-a-paros\/#breadcrumb\",\"itemListElement\":[{\"@type\":\"ListItem\",\"position\":1,\"name\":\"Home\",\"item\":\"https:\/\/parosrentcar.com\/fr\/\"},{\"@type\":\"ListItem\",\"position\":2,\"name\":\"Voitures \u00e0 bas prix \u00e0 louer \u00e0 Paros\"}]},{\"@type\":\"WebSite\",\"@id\":\"https:\/\/parosrentcar.com\/fr\/#website\",\"url\":\"https:\/\/parosrentcar.com\/fr\/\",\"name\":\"Location de voitures \u00e0 Paros Gr\u00e8ce - ParosEuropeanRent\",\"description\":\"Location de voiture, buggy, quad, atv, scooter, moto et v\u00e9lo \u00e0 Paros\",\"potentialAction\":[{\"@type\":\"SearchAction\",\"target\":{\"@type\":\"EntryPoint\",\"urlTemplate\":\"https:\/\/parosrentcar.com\/fr\/?s={search_term_string}\"},\"query-input\":{\"@type\":\"PropertyValueSpecification\",\"valueRequired\":true,\"valueName\":\"search_term_string\"}}],\"inLanguage\":\"fr-FR\"},{\"@type\":\"Person\",\"@id\":\"https:\/\/parosrentcar.com\/fr\/#\/schema\/person\/d743451aad44d2f5e7839544ed91721e\",\"name\":\"admin\",\"image\":{\"@type\":\"ImageObject\",\"inLanguage\":\"fr-FR\",\"@id\":\"https:\/\/parosrentcar.com\/fr\/#\/schema\/person\/image\/\",\"url\":\"https:\/\/secure.gravatar.com\/avatar\/e8373ef91d847108770c709f685a900c4549230f96552692edf55206b4e6cdac?s=96&d=mm&r=g\",\"contentUrl\":\"https:\/\/secure.gravatar.com\/avatar\/e8373ef91d847108770c709f685a900c4549230f96552692edf55206b4e6cdac?s=96&d=mm&r=g\",\"caption\":\"admin\"},\"url\":\"https:\/\/parosrentcar.com\/fr\/author\/admin\/\"}]}<\/script>\n<!-- \/ Yoast SEO plugin. -->","yoast_head_json":{"title":"Voitures \u00e0 bas prix \u00e0 louer \u00e0 Paros.","description":"Nous offrons une grande vari\u00e9t\u00e9 de voitures \u00e0 louer \u00e0 bas prix.\u00a0Voitures \u00e0 bas prix \u00e0 louer \u00e0 Paros.","robots":{"index":"index","follow":"follow","max-snippet":"max-snippet:-1","max-image-preview":"max-image-preview:large","max-video-preview":"max-video-preview:-1"},"canonical":"https:\/\/parosrentcar.com\/fr\/voitures-a-bas-prix-a-louer-a-paros\/","og_locale":"fr_FR","og_type":"article","og_title":"Voitures \u00e0 bas prix \u00e0 louer \u00e0 Paros.","og_description":"Nous offrons une grande vari\u00e9t\u00e9 de voitures \u00e0 louer \u00e0 bas prix.\u00a0Voitures \u00e0 bas prix \u00e0 louer \u00e0 Paros.","og_url":"https:\/\/parosrentcar.com\/fr\/voitures-a-bas-prix-a-louer-a-paros\/","og_site_name":"Location de voitures \u00e0 Paros Gr\u00e8ce - ParosEuropeanRent","article_publisher":"https:\/\/www.facebook.com\/paroscarrental","article_published_time":"2016-04-10T15:30:33+00:00","article_modified_time":"2016-04-10T15:38:00+00:00","author":"admin","twitter_misc":{"\u00c9crit par":"admin","Dur\u00e9e de lecture estim\u00e9e":"1 minute"},"schema":{"@context":"https:\/\/schema.org","@graph":[{"@type":"Article","@id":"https:\/\/parosrentcar.com\/fr\/voitures-a-bas-prix-a-louer-a-paros\/#article","isPartOf":{"@id":"https:\/\/parosrentcar.com\/fr\/voitures-a-bas-prix-a-louer-a-paros\/"},"author":{"name":"admin","@id":"https:\/\/parosrentcar.com\/fr\/#\/schema\/person\/d743451aad44d2f5e7839544ed91721e"},"headline":"Voitures \u00e0 bas prix \u00e0 louer \u00e0 Paros","datePublished":"2016-04-10T15:30:33+00:00","dateModified":"2016-04-10T15:38:00+00:00","mainEntityOfPage":{"@id":"https:\/\/parosrentcar.com\/fr\/voitures-a-bas-prix-a-louer-a-paros\/"},"wordCount":138,"commentCount":0,"keywords":["Location de voitures \u00e0 Paros","location de voitures pas cher \u00e0 Paros","Voitures \u00e0 bas prix \u00e0 louer \u00e0 Paros","voitures \u00e0 louer \u00e0 Paros","Voitures \u00e0 Paros"],"articleSection":["Location de voitures \u00e0 Paros","voiture \u00e0 louer \u00e0 Paros","Voitures \u00e0 bas prix \u00e0 louer \u00e0 Paros","voitures \u00e9conomiques \u00e0 Paros"],"inLanguage":"fr-FR","potentialAction":[{"@type":"CommentAction","name":"Comment","target":["https:\/\/parosrentcar.com\/fr\/voitures-a-bas-prix-a-louer-a-paros\/#respond"]}]},{"@type":"WebPage","@id":"https:\/\/parosrentcar.com\/fr\/voitures-a-bas-prix-a-louer-a-paros\/","url":"https:\/\/parosrentcar.com\/fr\/voitures-a-bas-prix-a-louer-a-paros\/","name":"Voitures \u00e0 bas prix \u00e0 louer \u00e0 Paros.","isPartOf":{"@id":"https:\/\/parosrentcar.com\/fr\/#website"},"datePublished":"2016-04-10T15:30:33+00:00","dateModified":"2016-04-10T15:38:00+00:00","author":{"@id":"https:\/\/parosrentcar.com\/fr\/#\/schema\/person\/d743451aad44d2f5e7839544ed91721e"},"description":"Nous offrons une grande vari\u00e9t\u00e9 de voitures \u00e0 louer \u00e0 bas prix.\u00a0Voitures \u00e0 bas prix \u00e0 louer \u00e0 Paros.","breadcrumb":{"@id":"https:\/\/parosrentcar.com\/fr\/voitures-a-bas-prix-a-louer-a-paros\/#breadcrumb"},"inLanguage":"fr-FR","potentialAction":[{"@type":"ReadAction","target":["https:\/\/parosrentcar.com\/fr\/voitures-a-bas-prix-a-louer-a-paros\/"]}]},{"@type":"BreadcrumbList","@id":"https:\/\/parosrentcar.com\/fr\/voitures-a-bas-prix-a-louer-a-paros\/#breadcrumb","itemListElement":[{"@type":"ListItem","position":1,"name":"Home","item":"https:\/\/parosrentcar.com\/fr\/"},{"@type":"ListItem","position":2,"name":"Voitures \u00e0 bas prix \u00e0 louer \u00e0 Paros"}]},{"@type":"WebSite","@id":"https:\/\/parosrentcar.com\/fr\/#website","url":"https:\/\/parosrentcar.com\/fr\/","name":"Location de voitures \u00e0 Paros Gr\u00e8ce - ParosEuropeanRent","description":"Location de voiture, buggy, quad, atv, scooter, moto et v\u00e9lo \u00e0 Paros","potentialAction":[{"@type":"SearchAction","target":{"@type":"EntryPoint","urlTemplate":"https:\/\/parosrentcar.com\/fr\/?s={search_term_string}"},"query-input":{"@type":"PropertyValueSpecification","valueRequired":true,"valueName":"search_term_string"}}],"inLanguage":"fr-FR"},{"@type":"Person","@id":"https:\/\/parosrentcar.com\/fr\/#\/schema\/person\/d743451aad44d2f5e7839544ed91721e","name":"admin","image":{"@type":"ImageObject","inLanguage":"fr-FR","@id":"https:\/\/parosrentcar.com\/fr\/#\/schema\/person\/image\/","url":"https:\/\/secure.gravatar.com\/avatar\/e8373ef91d847108770c709f685a900c4549230f96552692edf55206b4e6cdac?s=96&d=mm&r=g","contentUrl":"https:\/\/secure.gravatar.com\/avatar\/e8373ef91d847108770c709f685a900c4549230f96552692edf55206b4e6cdac?s=96&d=mm&r=g","caption":"admin"},"url":"https:\/\/parosrentcar.com\/fr\/author\/admin\/"}]}},"_links":{"self":[{"href":"https:\/\/parosrentcar.com\/fr\/wp-json\/wp\/v2\/posts\/2221","targetHints":{"allow":["GET"]}}],"collection":[{"href":"https:\/\/parosrentcar.com\/fr\/wp-json\/wp\/v2\/posts"}],"about":[{"href":"https:\/\/parosrentcar.com\/fr\/wp-json\/wp\/v2\/types\/post"}],"author":[{"embeddable":true,"href":"https:\/\/parosrentcar.com\/fr\/wp-json\/wp\/v2\/users\/1"}],"replies":[{"embeddable":true,"href":"https:\/\/parosrentcar.com\/fr\/wp-json\/wp\/v2\/comments?post=2221"}],"version-history":[{"count":1,"href":"https:\/\/parosrentcar.com\/fr\/wp-json\/wp\/v2\/posts\/2221\/revisions"}],"predecessor-version":[{"id":2223,"href":"https:\/\/parosrentcar.com\/fr\/wp-json\/wp\/v2\/posts\/2221\/revisions\/2223"}],"wp:attachment":[{"href":"https:\/\/parosrentcar.com\/fr\/wp-json\/wp\/v2\/media?parent=2221"}],"wp:term":[{"taxonomy":"category","embeddable":true,"href":"https:\/\/parosrentcar.com\/fr\/wp-json\/wp\/v2\/categories?post=2221"},{"taxonomy":"post_tag","embeddable":true,"href":"https:\/\/parosrentcar.com\/fr\/wp-json\/wp\/v2\/tags?post=2221"}],"curies":[{"name":"wp","href":"https:\/\/api.w.org\/{rel}","templated":true}]}}