{"id":2143,"date":"2015-12-20T07:10:25","date_gmt":"2015-12-20T07:10:25","guid":{"rendered":"http:\/\/parosrentcar.com\/fr\/?p=2143"},"modified":"2016-01-16T17:37:30","modified_gmt":"2016-01-16T17:37:30","slug":"location-de-velos-a-paros","status":"publish","type":"post","link":"https:\/\/parosrentcar.com\/fr\/location-de-velos-a-paros\/","title":{"rendered":"Location  de v\u00e9los \u00e0 Paros"},"content":{"rendered":"<p>Dans notre entreprise, vous pouvez trouver une grande vari\u00e9t\u00e9 de GT et Merida \u00e0 louer, toujours aux meilleur prix! Louez un v\u00e9lo \u00e0 Paros European Rent et combinez le sport et le transport!<\/p>\n<p>V\u00e9los \u00e0 louer\u00a0:<\/p>\n<ul>\n<li><a href=\"\/fr\/location-de-velos-paros\/gt\/\" target=\"_blank\">GT<\/a><\/li>\n<li><a href=\"\/fr\/location-de-velos-paros\/merida\/\" target=\"_blank\">MERIDA<\/a><\/li>\n<\/ul>\n<p>Pour r\u00e9servations en ligne, s\u00e9lectionnez le Moto que vous int\u00e9resse et remplissez le formulaire de r\u00e9servation avec vos coordonn\u00e9es.<\/p>\n<p><strong>Nos prix sont sans frais cach\u00e9s et comprennent 23% de TVA-Kilom\u00e9trage illimit\u00e9-Assurance au tiers-Casque gratuit!<\/strong><\/p>\n","protected":false},"excerpt":{"rendered":"<p>Dans notre entreprise, vous pouvez trouver une grande vari\u00e9t\u00e9 de GT et Merida \u00e0 louer, toujours aux meilleur prix! Louez un v\u00e9lo \u00e0 Paros European Rent et combinez le sport et le transport! V\u00e9los \u00e0 louer\u00a0: GT MERIDA Pour r\u00e9servations en ligne, s\u00e9lectionnez le Moto que vous int\u00e9resse et remplissez le formulaire de r\u00e9servation avec vos coordonn\u00e9es. Nos prix sont sans frais cach\u00e9s et comprennent 23% de TVA-Kilom\u00e9trage illimit\u00e9-Assurance au tiers-Casque gratuit!<\/p>\n","protected":false},"author":1,"featured_media":0,"comment_status":"open","ping_status":"open","sticky":false,"template":"","format":"standard","meta":{"footnotes":""},"categories":[52,51,50],"tags":[55,54,53],"class_list":["post-2143","post","type-post","status-publish","format-standard","hentry","category-velos-a-louer-a-bas-prix-a-paros","category-velos-a-louer-a-paros","category-velos-a-paros","tag-velos-a-louer-a-bas-prix-a-paros","tag-velos-a-louer-a-paros","tag-velos-a-paros"],"yoast_head":"<!-- This site is optimized with the Yoast SEO plugin v27.1.1 - https:\/\/yoast.com\/product\/yoast-seo-wordpress\/ -->\n<title>Location de v\u00e9los \u00e0 Paros<\/title>\n<meta name=\"description\" content=\"Nous offrons de V\u00e9los GT et MERIDA \u00e0 louer \u00e0 Paros, toujours aux meilleurs prix! Louez un v\u00e9lo de Paros Eurorean Rent et combinez le sport et le transport.\" \/>\n<meta name=\"robots\" content=\"index, follow, max-snippet:-1, max-image-preview:large, max-video-preview:-1\" \/>\n<link rel=\"canonical\" href=\"https:\/\/parosrentcar.com\/fr\/location-de-velos-a-paros\/\" \/>\n<meta property=\"og:locale\" content=\"fr_FR\" \/>\n<meta property=\"og:type\" content=\"article\" \/>\n<meta property=\"og:title\" content=\"Location de v\u00e9los \u00e0 Paros\" \/>\n<meta property=\"og:description\" content=\"Nous offrons de V\u00e9los GT et MERIDA \u00e0 louer \u00e0 Paros, toujours aux meilleurs prix! Louez un v\u00e9lo de Paros Eurorean Rent et combinez le sport et le transport.\" \/>\n<meta property=\"og:url\" content=\"https:\/\/parosrentcar.com\/fr\/location-de-velos-a-paros\/\" \/>\n<meta property=\"og:site_name\" content=\"Location de voitures \u00e0 Paros Gr\u00e8ce - ParosEuropeanRent\" \/>\n<meta property=\"article:publisher\" content=\"https:\/\/www.facebook.com\/paroscarrental\" \/>\n<meta property=\"article:published_time\" content=\"2015-12-20T07:10:25+00:00\" \/>\n<meta property=\"article:modified_time\" content=\"2016-01-16T17:37:30+00:00\" \/>\n<meta name=\"author\" content=\"admin\" \/>\n<meta name=\"twitter:label1\" content=\"\u00c9crit par\" \/>\n\t<meta name=\"twitter:data1\" content=\"admin\" \/>\n<script type=\"application\/ld+json\" class=\"yoast-schema-graph\">{\"@context\":\"https:\/\/schema.org\",\"@graph\":[{\"@type\":\"Article\",\"@id\":\"https:\/\/parosrentcar.com\/fr\/location-de-velos-a-paros\/#article\",\"isPartOf\":{\"@id\":\"https:\/\/parosrentcar.com\/fr\/location-de-velos-a-paros\/\"},\"author\":{\"name\":\"admin\",\"@id\":\"https:\/\/parosrentcar.com\/fr\/#\/schema\/person\/d743451aad44d2f5e7839544ed91721e\"},\"headline\":\"Location de v\u00e9los \u00e0 Paros\",\"datePublished\":\"2015-12-20T07:10:25+00:00\",\"dateModified\":\"2016-01-16T17:37:30+00:00\",\"mainEntityOfPage\":{\"@id\":\"https:\/\/parosrentcar.com\/fr\/location-de-velos-a-paros\/\"},\"wordCount\":84,\"commentCount\":0,\"keywords\":[\"V\u00e9los \u00e0 louer \u00e0 bas prix \u00e0 Paros\",\"V\u00e9los \u00e0 louer \u00e0 Paros\",\"V\u00e9los \u00e0 Paros\"],\"articleSection\":[\"V\u00e9los \u00e0 louer \u00e0 bas prix \u00e0 Paros\",\"V\u00e9los \u00e0 louer \u00e0 Paros\",\"V\u00e9los \u00e0 Paros\"],\"inLanguage\":\"fr-FR\",\"potentialAction\":[{\"@type\":\"CommentAction\",\"name\":\"Comment\",\"target\":[\"https:\/\/parosrentcar.com\/fr\/location-de-velos-a-paros\/#respond\"]}]},{\"@type\":\"WebPage\",\"@id\":\"https:\/\/parosrentcar.com\/fr\/location-de-velos-a-paros\/\",\"url\":\"https:\/\/parosrentcar.com\/fr\/location-de-velos-a-paros\/\",\"name\":\"Location de v\u00e9los \u00e0 Paros\",\"isPartOf\":{\"@id\":\"https:\/\/parosrentcar.com\/fr\/#website\"},\"datePublished\":\"2015-12-20T07:10:25+00:00\",\"dateModified\":\"2016-01-16T17:37:30+00:00\",\"author\":{\"@id\":\"https:\/\/parosrentcar.com\/fr\/#\/schema\/person\/d743451aad44d2f5e7839544ed91721e\"},\"description\":\"Nous offrons de V\u00e9los GT et MERIDA \u00e0 louer \u00e0 Paros, toujours aux meilleurs prix! Louez un v\u00e9lo de Paros Eurorean Rent et combinez le sport et le transport.\",\"breadcrumb\":{\"@id\":\"https:\/\/parosrentcar.com\/fr\/location-de-velos-a-paros\/#breadcrumb\"},\"inLanguage\":\"fr-FR\",\"potentialAction\":[{\"@type\":\"ReadAction\",\"target\":[\"https:\/\/parosrentcar.com\/fr\/location-de-velos-a-paros\/\"]}]},{\"@type\":\"BreadcrumbList\",\"@id\":\"https:\/\/parosrentcar.com\/fr\/location-de-velos-a-paros\/#breadcrumb\",\"itemListElement\":[{\"@type\":\"ListItem\",\"position\":1,\"name\":\"Home\",\"item\":\"https:\/\/parosrentcar.com\/fr\/\"},{\"@type\":\"ListItem\",\"position\":2,\"name\":\"Location de v\u00e9los \u00e0 Paros\"}]},{\"@type\":\"WebSite\",\"@id\":\"https:\/\/parosrentcar.com\/fr\/#website\",\"url\":\"https:\/\/parosrentcar.com\/fr\/\",\"name\":\"Location de voitures \u00e0 Paros Gr\u00e8ce - ParosEuropeanRent\",\"description\":\"Location de voiture, buggy, quad, atv, scooter, moto et v\u00e9lo \u00e0 Paros\",\"potentialAction\":[{\"@type\":\"SearchAction\",\"target\":{\"@type\":\"EntryPoint\",\"urlTemplate\":\"https:\/\/parosrentcar.com\/fr\/?s={search_term_string}\"},\"query-input\":{\"@type\":\"PropertyValueSpecification\",\"valueRequired\":true,\"valueName\":\"search_term_string\"}}],\"inLanguage\":\"fr-FR\"},{\"@type\":\"Person\",\"@id\":\"https:\/\/parosrentcar.com\/fr\/#\/schema\/person\/d743451aad44d2f5e7839544ed91721e\",\"name\":\"admin\",\"image\":{\"@type\":\"ImageObject\",\"inLanguage\":\"fr-FR\",\"@id\":\"https:\/\/parosrentcar.com\/fr\/#\/schema\/person\/image\/\",\"url\":\"https:\/\/secure.gravatar.com\/avatar\/e8373ef91d847108770c709f685a900c4549230f96552692edf55206b4e6cdac?s=96&d=mm&r=g\",\"contentUrl\":\"https:\/\/secure.gravatar.com\/avatar\/e8373ef91d847108770c709f685a900c4549230f96552692edf55206b4e6cdac?s=96&d=mm&r=g\",\"caption\":\"admin\"},\"url\":\"https:\/\/parosrentcar.com\/fr\/author\/admin\/\"}]}<\/script>\n<!-- \/ Yoast SEO plugin. -->","yoast_head_json":{"title":"Location de v\u00e9los \u00e0 Paros","description":"Nous offrons de V\u00e9los GT et MERIDA \u00e0 louer \u00e0 Paros, toujours aux meilleurs prix! Louez un v\u00e9lo de Paros Eurorean Rent et combinez le sport et le transport.","robots":{"index":"index","follow":"follow","max-snippet":"max-snippet:-1","max-image-preview":"max-image-preview:large","max-video-preview":"max-video-preview:-1"},"canonical":"https:\/\/parosrentcar.com\/fr\/location-de-velos-a-paros\/","og_locale":"fr_FR","og_type":"article","og_title":"Location de v\u00e9los \u00e0 Paros","og_description":"Nous offrons de V\u00e9los GT et MERIDA \u00e0 louer \u00e0 Paros, toujours aux meilleurs prix! Louez un v\u00e9lo de Paros Eurorean Rent et combinez le sport et le transport.","og_url":"https:\/\/parosrentcar.com\/fr\/location-de-velos-a-paros\/","og_site_name":"Location de voitures \u00e0 Paros Gr\u00e8ce - ParosEuropeanRent","article_publisher":"https:\/\/www.facebook.com\/paroscarrental","article_published_time":"2015-12-20T07:10:25+00:00","article_modified_time":"2016-01-16T17:37:30+00:00","author":"admin","twitter_misc":{"\u00c9crit par":"admin"},"schema":{"@context":"https:\/\/schema.org","@graph":[{"@type":"Article","@id":"https:\/\/parosrentcar.com\/fr\/location-de-velos-a-paros\/#article","isPartOf":{"@id":"https:\/\/parosrentcar.com\/fr\/location-de-velos-a-paros\/"},"author":{"name":"admin","@id":"https:\/\/parosrentcar.com\/fr\/#\/schema\/person\/d743451aad44d2f5e7839544ed91721e"},"headline":"Location de v\u00e9los \u00e0 Paros","datePublished":"2015-12-20T07:10:25+00:00","dateModified":"2016-01-16T17:37:30+00:00","mainEntityOfPage":{"@id":"https:\/\/parosrentcar.com\/fr\/location-de-velos-a-paros\/"},"wordCount":84,"commentCount":0,"keywords":["V\u00e9los \u00e0 louer \u00e0 bas prix \u00e0 Paros","V\u00e9los \u00e0 louer \u00e0 Paros","V\u00e9los \u00e0 Paros"],"articleSection":["V\u00e9los \u00e0 louer \u00e0 bas prix \u00e0 Paros","V\u00e9los \u00e0 louer \u00e0 Paros","V\u00e9los \u00e0 Paros"],"inLanguage":"fr-FR","potentialAction":[{"@type":"CommentAction","name":"Comment","target":["https:\/\/parosrentcar.com\/fr\/location-de-velos-a-paros\/#respond"]}]},{"@type":"WebPage","@id":"https:\/\/parosrentcar.com\/fr\/location-de-velos-a-paros\/","url":"https:\/\/parosrentcar.com\/fr\/location-de-velos-a-paros\/","name":"Location de v\u00e9los \u00e0 Paros","isPartOf":{"@id":"https:\/\/parosrentcar.com\/fr\/#website"},"datePublished":"2015-12-20T07:10:25+00:00","dateModified":"2016-01-16T17:37:30+00:00","author":{"@id":"https:\/\/parosrentcar.com\/fr\/#\/schema\/person\/d743451aad44d2f5e7839544ed91721e"},"description":"Nous offrons de V\u00e9los GT et MERIDA \u00e0 louer \u00e0 Paros, toujours aux meilleurs prix! Louez un v\u00e9lo de Paros Eurorean Rent et combinez le sport et le transport.","breadcrumb":{"@id":"https:\/\/parosrentcar.com\/fr\/location-de-velos-a-paros\/#breadcrumb"},"inLanguage":"fr-FR","potentialAction":[{"@type":"ReadAction","target":["https:\/\/parosrentcar.com\/fr\/location-de-velos-a-paros\/"]}]},{"@type":"BreadcrumbList","@id":"https:\/\/parosrentcar.com\/fr\/location-de-velos-a-paros\/#breadcrumb","itemListElement":[{"@type":"ListItem","position":1,"name":"Home","item":"https:\/\/parosrentcar.com\/fr\/"},{"@type":"ListItem","position":2,"name":"Location de v\u00e9los \u00e0 Paros"}]},{"@type":"WebSite","@id":"https:\/\/parosrentcar.com\/fr\/#website","url":"https:\/\/parosrentcar.com\/fr\/","name":"Location de voitures \u00e0 Paros Gr\u00e8ce - ParosEuropeanRent","description":"Location de voiture, buggy, quad, atv, scooter, moto et v\u00e9lo \u00e0 Paros","potentialAction":[{"@type":"SearchAction","target":{"@type":"EntryPoint","urlTemplate":"https:\/\/parosrentcar.com\/fr\/?s={search_term_string}"},"query-input":{"@type":"PropertyValueSpecification","valueRequired":true,"valueName":"search_term_string"}}],"inLanguage":"fr-FR"},{"@type":"Person","@id":"https:\/\/parosrentcar.com\/fr\/#\/schema\/person\/d743451aad44d2f5e7839544ed91721e","name":"admin","image":{"@type":"ImageObject","inLanguage":"fr-FR","@id":"https:\/\/parosrentcar.com\/fr\/#\/schema\/person\/image\/","url":"https:\/\/secure.gravatar.com\/avatar\/e8373ef91d847108770c709f685a900c4549230f96552692edf55206b4e6cdac?s=96&d=mm&r=g","contentUrl":"https:\/\/secure.gravatar.com\/avatar\/e8373ef91d847108770c709f685a900c4549230f96552692edf55206b4e6cdac?s=96&d=mm&r=g","caption":"admin"},"url":"https:\/\/parosrentcar.com\/fr\/author\/admin\/"}]}},"_links":{"self":[{"href":"https:\/\/parosrentcar.com\/fr\/wp-json\/wp\/v2\/posts\/2143","targetHints":{"allow":["GET"]}}],"collection":[{"href":"https:\/\/parosrentcar.com\/fr\/wp-json\/wp\/v2\/posts"}],"about":[{"href":"https:\/\/parosrentcar.com\/fr\/wp-json\/wp\/v2\/types\/post"}],"author":[{"embeddable":true,"href":"https:\/\/parosrentcar.com\/fr\/wp-json\/wp\/v2\/users\/1"}],"replies":[{"embeddable":true,"href":"https:\/\/parosrentcar.com\/fr\/wp-json\/wp\/v2\/comments?post=2143"}],"version-history":[{"count":2,"href":"https:\/\/parosrentcar.com\/fr\/wp-json\/wp\/v2\/posts\/2143\/revisions"}],"predecessor-version":[{"id":2192,"href":"https:\/\/parosrentcar.com\/fr\/wp-json\/wp\/v2\/posts\/2143\/revisions\/2192"}],"wp:attachment":[{"href":"https:\/\/parosrentcar.com\/fr\/wp-json\/wp\/v2\/media?parent=2143"}],"wp:term":[{"taxonomy":"category","embeddable":true,"href":"https:\/\/parosrentcar.com\/fr\/wp-json\/wp\/v2\/categories?post=2143"},{"taxonomy":"post_tag","embeddable":true,"href":"https:\/\/parosrentcar.com\/fr\/wp-json\/wp\/v2\/tags?post=2143"}],"curies":[{"name":"wp","href":"https:\/\/api.w.org\/{rel}","templated":true}]}}