{"id":35771,"date":"2026-04-08T16:17:40","date_gmt":"2026-04-08T16:17:40","guid":{"rendered":"https:\/\/parosrentcar.com\/de\/?p=35771"},"modified":"2026-04-08T16:18:12","modified_gmt":"2026-04-08T16:18:12","slug":"frohe-ostern-2026","status":"publish","type":"post","link":"https:\/\/parosrentcar.com\/de\/frohe-ostern-2026\/","title":{"rendered":"Licht \u03c3\u03b5 unseren Herzen und Hoffnung f\u00fcr jeden Neuanfang! &#x1f56f;&#xfe0f;&#x1f338;"},"content":{"rendered":"<p>&nbsp;<br \/>\n<a href=\"https:\/\/parosrentcar.com\/de\/wp-content\/uploads\/2026\/04\/paros-european-rent.png\" data-rel=\"lightbox-image-0\" data-rl_title=\"\" data-rl_caption=\"\" title=\"\"><img loading=\"lazy\" decoding=\"async\" class=\"size-full wp-image-35772 aligncenter\" src=\"https:\/\/parosrentcar.com\/de\/wp-content\/uploads\/2026\/04\/paros-european-rent.png\" alt=\"Frohe Ostern\" width=\"1000\" height=\"558\" srcset=\"https:\/\/parosrentcar.com\/de\/wp-content\/uploads\/2026\/04\/paros-european-rent.png 1000w, https:\/\/parosrentcar.com\/de\/wp-content\/uploads\/2026\/04\/paros-european-rent-300x167.png 300w, https:\/\/parosrentcar.com\/de\/wp-content\/uploads\/2026\/04\/paros-european-rent-768x429.png 768w\" sizes=\"auto, (max-width: 1000px) 100vw, 1000px\" \/><\/a>Ostern in Griechenland ist das Fest der Liebe, der Vergebung und der Hoffnung. Es ist der Moment, in dem das Licht \u00fcber die Dunkelheit siegt \u03ba\u03b1\u03b9 unsere Seelen mit W\u00e4rme und dem Glauben an ein besseres Morgen erf\u00fcllt werden. &#x2764;&#xfe0f;&#x1f54a;&#xfe0f;<\/p>\n<p data-path-to-node=\"5\">Die gesamte Familie von <b data-path-to-node=\"5\" data-index-in-node=\"24\">Paros European Rent<\/b> sendet Ihnen die herzlichsten W\u00fcnsche f\u00fcr ein gesegnetes Osterfest. M\u00f6ge das Heilige Licht Ihr Leben erhellen und Ihnen sowie Ihren Familien Gesundheit, Gl\u00fcck und inneren Frieden schenken. &#x1f33f;&#x1f337;<\/p>\n<p data-path-to-node=\"6\">Lassen wir dieses Ostern alle Sorgen hinter uns und genie\u00dfen wir die Freude des Zusammenseins mit unseren Liebsten.<\/p>\n<p data-path-to-node=\"7\"><b data-path-to-node=\"7\" data-index-in-node=\"0\">Frohe Ostern und die besten W\u00fcnsche von Paros European Rent! &#x1f423;&#x1f697;<\/b><\/p>\n","protected":false},"excerpt":{"rendered":"<p>Paros European Rent w\u00fcnscht frohe Ostern auf dem wundersch\u00f6nen Paros! &#x1f423; Entdecken Sie unsere Flotte, vom Kleinwagen bis zum Luxus-SUV, und erleben Sie Fahrspa\u00df auf der Insel mit unserer Zuverl\u00e4ssigkeit und Herzlichkeit. Jetzt buchen!<\/p>\n","protected":false},"author":1,"featured_media":35772,"comment_status":"open","ping_status":"open","sticky":false,"template":"","format":"standard","meta":{"footnotes":""},"categories":[321],"tags":[322],"class_list":["post-35771","post","type-post","status-publish","format-standard","has-post-thumbnail","hentry","category-frohe-ostern","tag-frohe-ostern"],"yoast_head":"<!-- This site is optimized with the Yoast SEO plugin v27.1.1 - https:\/\/yoast.com\/product\/yoast-seo-wordpress\/ -->\n<title>Ostergr\u00fc\u00dfe &amp; Mietwagen auf Paros | Paros European Rent<\/title>\n<meta name=\"robots\" content=\"index, follow, max-snippet:-1, max-image-preview:large, max-video-preview:-1\" \/>\n<link rel=\"canonical\" href=\"https:\/\/parosrentcar.com\/de\/frohe-ostern-2026\/\" \/>\n<meta property=\"og:locale\" content=\"de_DE\" \/>\n<meta property=\"og:type\" content=\"article\" \/>\n<meta property=\"og:title\" content=\"Ostergr\u00fc\u00dfe &amp; Mietwagen auf Paros | Paros European Rent\" \/>\n<meta property=\"og:description\" content=\"Paros European Rent w\u00fcnscht frohe Ostern auf dem wundersch\u00f6nen Paros! &#x1f423; Entdecken Sie unsere Flotte, vom Kleinwagen bis zum Luxus-SUV, und erleben Sie Fahrspa\u00df auf der Insel mit unserer Zuverl\u00e4ssigkeit und Herzlichkeit. Jetzt buchen!\" \/>\n<meta property=\"og:url\" content=\"https:\/\/parosrentcar.com\/de\/frohe-ostern-2026\/\" \/>\n<meta property=\"og:site_name\" content=\"\u039cietwagen in Paros Griechenland | Autovermietung in Paros Griechenland\" \/>\n<meta property=\"article:publisher\" content=\"https:\/\/www.facebook.com\/paroscarrental\" \/>\n<meta property=\"article:published_time\" content=\"2026-04-08T16:17:40+00:00\" \/>\n<meta property=\"article:modified_time\" content=\"2026-04-08T16:18:12+00:00\" \/>\n<meta property=\"og:image\" content=\"https:\/\/parosrentcar.com\/de\/wp-content\/uploads\/2026\/04\/paros-european-rent.png\" \/>\n\t<meta property=\"og:image:width\" content=\"1000\" \/>\n\t<meta property=\"og:image:height\" content=\"558\" \/>\n\t<meta property=\"og:image:type\" content=\"image\/png\" \/>\n<meta name=\"author\" content=\"admin\" \/>\n<meta name=\"twitter:card\" content=\"summary_large_image\" \/>\n<meta name=\"twitter:creator\" content=\"@parosrentcar\" \/>\n<meta name=\"twitter:site\" content=\"@parosrentcar\" \/>\n<meta name=\"twitter:label1\" content=\"Verfasst von\" \/>\n\t<meta name=\"twitter:data1\" content=\"admin\" \/>\n\t<meta name=\"twitter:label2\" content=\"Gesch\u00e4tzte Lesezeit\" \/>\n\t<meta name=\"twitter:data2\" content=\"1\u00a0Minute\" \/>\n<script type=\"application\/ld+json\" class=\"yoast-schema-graph\">{\"@context\":\"https:\/\/schema.org\",\"@graph\":[{\"@type\":\"Article\",\"@id\":\"https:\/\/parosrentcar.com\/de\/frohe-ostern-2026\/#article\",\"isPartOf\":{\"@id\":\"https:\/\/parosrentcar.com\/de\/frohe-ostern-2026\/\"},\"author\":{\"name\":\"admin\",\"@id\":\"https:\/\/parosrentcar.com\/de\/#\/schema\/person\/01be574152483576849c772faae24294\"},\"headline\":\"Licht \u03c3\u03b5 unseren Herzen und Hoffnung f\u00fcr jeden Neuanfang! &#x1f56f;&#xfe0f;&#x1f338;\",\"datePublished\":\"2026-04-08T16:17:40+00:00\",\"dateModified\":\"2026-04-08T16:18:12+00:00\",\"mainEntityOfPage\":{\"@id\":\"https:\/\/parosrentcar.com\/de\/frohe-ostern-2026\/\"},\"wordCount\":142,\"commentCount\":0,\"image\":{\"@id\":\"https:\/\/parosrentcar.com\/de\/frohe-ostern-2026\/#primaryimage\"},\"thumbnailUrl\":\"https:\/\/parosrentcar.com\/de\/wp-content\/uploads\/2026\/04\/paros-european-rent.png\",\"keywords\":[\"Frohe Ostern\"],\"articleSection\":[\"Frohe Ostern\"],\"inLanguage\":\"de\",\"potentialAction\":[{\"@type\":\"CommentAction\",\"name\":\"Comment\",\"target\":[\"https:\/\/parosrentcar.com\/de\/frohe-ostern-2026\/#respond\"]}]},{\"@type\":\"WebPage\",\"@id\":\"https:\/\/parosrentcar.com\/de\/frohe-ostern-2026\/\",\"url\":\"https:\/\/parosrentcar.com\/de\/frohe-ostern-2026\/\",\"name\":\"Ostergr\u00fc\u00dfe & Mietwagen auf Paros | Paros European Rent\",\"isPartOf\":{\"@id\":\"https:\/\/parosrentcar.com\/de\/#website\"},\"primaryImageOfPage\":{\"@id\":\"https:\/\/parosrentcar.com\/de\/frohe-ostern-2026\/#primaryimage\"},\"image\":{\"@id\":\"https:\/\/parosrentcar.com\/de\/frohe-ostern-2026\/#primaryimage\"},\"thumbnailUrl\":\"https:\/\/parosrentcar.com\/de\/wp-content\/uploads\/2026\/04\/paros-european-rent.png\",\"datePublished\":\"2026-04-08T16:17:40+00:00\",\"dateModified\":\"2026-04-08T16:18:12+00:00\",\"author\":{\"@id\":\"https:\/\/parosrentcar.com\/de\/#\/schema\/person\/01be574152483576849c772faae24294\"},\"breadcrumb\":{\"@id\":\"https:\/\/parosrentcar.com\/de\/frohe-ostern-2026\/#breadcrumb\"},\"inLanguage\":\"de\",\"potentialAction\":[{\"@type\":\"ReadAction\",\"target\":[\"https:\/\/parosrentcar.com\/de\/frohe-ostern-2026\/\"]}]},{\"@type\":\"ImageObject\",\"inLanguage\":\"de\",\"@id\":\"https:\/\/parosrentcar.com\/de\/frohe-ostern-2026\/#primaryimage\",\"url\":\"https:\/\/parosrentcar.com\/de\/wp-content\/uploads\/2026\/04\/paros-european-rent.png\",\"contentUrl\":\"https:\/\/parosrentcar.com\/de\/wp-content\/uploads\/2026\/04\/paros-european-rent.png\",\"width\":1000,\"height\":558,\"caption\":\"Frohe Ostern\"},{\"@type\":\"BreadcrumbList\",\"@id\":\"https:\/\/parosrentcar.com\/de\/frohe-ostern-2026\/#breadcrumb\",\"itemListElement\":[{\"@type\":\"ListItem\",\"position\":1,\"name\":\"Home\",\"item\":\"https:\/\/parosrentcar.com\/de\/\"},{\"@type\":\"ListItem\",\"position\":2,\"name\":\"Licht \u03c3\u03b5 unseren Herzen und Hoffnung f\u00fcr jeden Neuanfang! &#x1f56f;&#xfe0f;&#x1f338;\"}]},{\"@type\":\"WebSite\",\"@id\":\"https:\/\/parosrentcar.com\/de\/#website\",\"url\":\"https:\/\/parosrentcar.com\/de\/\",\"name\":\"\u039cietwagen in Paros Griechenland | Autovermietung in Paros Griechenland\",\"description\":\"\u039cietwagen in Paros Griechenland\",\"potentialAction\":[{\"@type\":\"SearchAction\",\"target\":{\"@type\":\"EntryPoint\",\"urlTemplate\":\"https:\/\/parosrentcar.com\/de\/?s={search_term_string}\"},\"query-input\":{\"@type\":\"PropertyValueSpecification\",\"valueRequired\":true,\"valueName\":\"search_term_string\"}}],\"inLanguage\":\"de\"},{\"@type\":\"Person\",\"@id\":\"https:\/\/parosrentcar.com\/de\/#\/schema\/person\/01be574152483576849c772faae24294\",\"name\":\"admin\",\"image\":{\"@type\":\"ImageObject\",\"inLanguage\":\"de\",\"@id\":\"https:\/\/parosrentcar.com\/de\/#\/schema\/person\/image\/\",\"url\":\"https:\/\/secure.gravatar.com\/avatar\/e8373ef91d847108770c709f685a900c4549230f96552692edf55206b4e6cdac?s=96&d=mm&r=g\",\"contentUrl\":\"https:\/\/secure.gravatar.com\/avatar\/e8373ef91d847108770c709f685a900c4549230f96552692edf55206b4e6cdac?s=96&d=mm&r=g\",\"caption\":\"admin\"},\"url\":\"https:\/\/parosrentcar.com\/de\/author\/admin\/\"}]}<\/script>\n<!-- \/ Yoast SEO plugin. -->","yoast_head_json":{"title":"Ostergr\u00fc\u00dfe & Mietwagen auf Paros | Paros European Rent","robots":{"index":"index","follow":"follow","max-snippet":"max-snippet:-1","max-image-preview":"max-image-preview:large","max-video-preview":"max-video-preview:-1"},"canonical":"https:\/\/parosrentcar.com\/de\/frohe-ostern-2026\/","og_locale":"de_DE","og_type":"article","og_title":"Ostergr\u00fc\u00dfe & Mietwagen auf Paros | Paros European Rent","og_description":"Paros European Rent w\u00fcnscht frohe Ostern auf dem wundersch\u00f6nen Paros! &#x1f423; Entdecken Sie unsere Flotte, vom Kleinwagen bis zum Luxus-SUV, und erleben Sie Fahrspa\u00df auf der Insel mit unserer Zuverl\u00e4ssigkeit und Herzlichkeit. Jetzt buchen!","og_url":"https:\/\/parosrentcar.com\/de\/frohe-ostern-2026\/","og_site_name":"\u039cietwagen in Paros Griechenland | Autovermietung in Paros Griechenland","article_publisher":"https:\/\/www.facebook.com\/paroscarrental","article_published_time":"2026-04-08T16:17:40+00:00","article_modified_time":"2026-04-08T16:18:12+00:00","og_image":[{"width":1000,"height":558,"url":"https:\/\/parosrentcar.com\/de\/wp-content\/uploads\/2026\/04\/paros-european-rent.png","type":"image\/png"}],"author":"admin","twitter_card":"summary_large_image","twitter_creator":"@parosrentcar","twitter_site":"@parosrentcar","twitter_misc":{"Verfasst von":"admin","Gesch\u00e4tzte Lesezeit":"1\u00a0Minute"},"schema":{"@context":"https:\/\/schema.org","@graph":[{"@type":"Article","@id":"https:\/\/parosrentcar.com\/de\/frohe-ostern-2026\/#article","isPartOf":{"@id":"https:\/\/parosrentcar.com\/de\/frohe-ostern-2026\/"},"author":{"name":"admin","@id":"https:\/\/parosrentcar.com\/de\/#\/schema\/person\/01be574152483576849c772faae24294"},"headline":"Licht \u03c3\u03b5 unseren Herzen und Hoffnung f\u00fcr jeden Neuanfang! &#x1f56f;&#xfe0f;&#x1f338;","datePublished":"2026-04-08T16:17:40+00:00","dateModified":"2026-04-08T16:18:12+00:00","mainEntityOfPage":{"@id":"https:\/\/parosrentcar.com\/de\/frohe-ostern-2026\/"},"wordCount":142,"commentCount":0,"image":{"@id":"https:\/\/parosrentcar.com\/de\/frohe-ostern-2026\/#primaryimage"},"thumbnailUrl":"https:\/\/parosrentcar.com\/de\/wp-content\/uploads\/2026\/04\/paros-european-rent.png","keywords":["Frohe Ostern"],"articleSection":["Frohe Ostern"],"inLanguage":"de","potentialAction":[{"@type":"CommentAction","name":"Comment","target":["https:\/\/parosrentcar.com\/de\/frohe-ostern-2026\/#respond"]}]},{"@type":"WebPage","@id":"https:\/\/parosrentcar.com\/de\/frohe-ostern-2026\/","url":"https:\/\/parosrentcar.com\/de\/frohe-ostern-2026\/","name":"Ostergr\u00fc\u00dfe & Mietwagen auf Paros | Paros European Rent","isPartOf":{"@id":"https:\/\/parosrentcar.com\/de\/#website"},"primaryImageOfPage":{"@id":"https:\/\/parosrentcar.com\/de\/frohe-ostern-2026\/#primaryimage"},"image":{"@id":"https:\/\/parosrentcar.com\/de\/frohe-ostern-2026\/#primaryimage"},"thumbnailUrl":"https:\/\/parosrentcar.com\/de\/wp-content\/uploads\/2026\/04\/paros-european-rent.png","datePublished":"2026-04-08T16:17:40+00:00","dateModified":"2026-04-08T16:18:12+00:00","author":{"@id":"https:\/\/parosrentcar.com\/de\/#\/schema\/person\/01be574152483576849c772faae24294"},"breadcrumb":{"@id":"https:\/\/parosrentcar.com\/de\/frohe-ostern-2026\/#breadcrumb"},"inLanguage":"de","potentialAction":[{"@type":"ReadAction","target":["https:\/\/parosrentcar.com\/de\/frohe-ostern-2026\/"]}]},{"@type":"ImageObject","inLanguage":"de","@id":"https:\/\/parosrentcar.com\/de\/frohe-ostern-2026\/#primaryimage","url":"https:\/\/parosrentcar.com\/de\/wp-content\/uploads\/2026\/04\/paros-european-rent.png","contentUrl":"https:\/\/parosrentcar.com\/de\/wp-content\/uploads\/2026\/04\/paros-european-rent.png","width":1000,"height":558,"caption":"Frohe Ostern"},{"@type":"BreadcrumbList","@id":"https:\/\/parosrentcar.com\/de\/frohe-ostern-2026\/#breadcrumb","itemListElement":[{"@type":"ListItem","position":1,"name":"Home","item":"https:\/\/parosrentcar.com\/de\/"},{"@type":"ListItem","position":2,"name":"Licht \u03c3\u03b5 unseren Herzen und Hoffnung f\u00fcr jeden Neuanfang! &#x1f56f;&#xfe0f;&#x1f338;"}]},{"@type":"WebSite","@id":"https:\/\/parosrentcar.com\/de\/#website","url":"https:\/\/parosrentcar.com\/de\/","name":"\u039cietwagen in Paros Griechenland | Autovermietung in Paros Griechenland","description":"\u039cietwagen in Paros Griechenland","potentialAction":[{"@type":"SearchAction","target":{"@type":"EntryPoint","urlTemplate":"https:\/\/parosrentcar.com\/de\/?s={search_term_string}"},"query-input":{"@type":"PropertyValueSpecification","valueRequired":true,"valueName":"search_term_string"}}],"inLanguage":"de"},{"@type":"Person","@id":"https:\/\/parosrentcar.com\/de\/#\/schema\/person\/01be574152483576849c772faae24294","name":"admin","image":{"@type":"ImageObject","inLanguage":"de","@id":"https:\/\/parosrentcar.com\/de\/#\/schema\/person\/image\/","url":"https:\/\/secure.gravatar.com\/avatar\/e8373ef91d847108770c709f685a900c4549230f96552692edf55206b4e6cdac?s=96&d=mm&r=g","contentUrl":"https:\/\/secure.gravatar.com\/avatar\/e8373ef91d847108770c709f685a900c4549230f96552692edf55206b4e6cdac?s=96&d=mm&r=g","caption":"admin"},"url":"https:\/\/parosrentcar.com\/de\/author\/admin\/"}]}},"_links":{"self":[{"href":"https:\/\/parosrentcar.com\/de\/wp-json\/wp\/v2\/posts\/35771","targetHints":{"allow":["GET"]}}],"collection":[{"href":"https:\/\/parosrentcar.com\/de\/wp-json\/wp\/v2\/posts"}],"about":[{"href":"https:\/\/parosrentcar.com\/de\/wp-json\/wp\/v2\/types\/post"}],"author":[{"embeddable":true,"href":"https:\/\/parosrentcar.com\/de\/wp-json\/wp\/v2\/users\/1"}],"replies":[{"embeddable":true,"href":"https:\/\/parosrentcar.com\/de\/wp-json\/wp\/v2\/comments?post=35771"}],"version-history":[{"count":2,"href":"https:\/\/parosrentcar.com\/de\/wp-json\/wp\/v2\/posts\/35771\/revisions"}],"predecessor-version":[{"id":35774,"href":"https:\/\/parosrentcar.com\/de\/wp-json\/wp\/v2\/posts\/35771\/revisions\/35774"}],"wp:featuredmedia":[{"embeddable":true,"href":"https:\/\/parosrentcar.com\/de\/wp-json\/wp\/v2\/media\/35772"}],"wp:attachment":[{"href":"https:\/\/parosrentcar.com\/de\/wp-json\/wp\/v2\/media?parent=35771"}],"wp:term":[{"taxonomy":"category","embeddable":true,"href":"https:\/\/parosrentcar.com\/de\/wp-json\/wp\/v2\/categories?post=35771"},{"taxonomy":"post_tag","embeddable":true,"href":"https:\/\/parosrentcar.com\/de\/wp-json\/wp\/v2\/tags?post=35771"}],"curies":[{"name":"wp","href":"https:\/\/api.w.org\/{rel}","templated":true}]}}