{"id":35689,"date":"2025-07-10T06:27:08","date_gmt":"2025-07-10T06:27:08","guid":{"rendered":"https:\/\/parosrentcar.com\/de\/?p=35689"},"modified":"2025-07-10T06:29:26","modified_gmt":"2025-07-10T06:29:26","slug":"suv-mieten-auf-paros-paros-european-rent","status":"publish","type":"post","link":"https:\/\/parosrentcar.com\/de\/suv-mieten-auf-paros-paros-european-rent\/","title":{"rendered":"Entdecken Sie Paros mit den SUV-Fahrzeugen BMW X1, Citroen C3 Aircross, Opel Crossland und Suzuki Vitara von Paros European Rent!"},"content":{"rendered":"<p>&nbsp;<br \/>\nParos ist reich an nat\u00fcrlicher Sch\u00f6nheit und einzigartigen Landschaften \u2013 ideal, um sie auf komfortable und stilvolle Weise zu erkunden. Die SUV-Fahrzeuge von Paros European Rent sind die perfekte Wahl, um die Insel sicher, bequem und mit Stil zu entdecken. Die Modelle BMW X1, Citroen C3 Aircross, Opel Crossland und Suzuki Vitara sind alle vollst\u00e4ndig ausgestattet, um Ihre Bed\u00fcrfnisse zu erf\u00fcllen und Ihnen die Freiheit zu geben, auch die verstecktesten Ecken der Insel zu erreichen.<\/p>\n<p>Ein SUV auf Paros bedeutet, Entdeckungslust mit maximalem Komfort und Freiheit zu verbinden. Von malerischen Str\u00e4nden mit kristallklarem Wasser bis hin zu atemberaubenden Wegen an steilen K\u00fcsten und traumhaften Sonnenunterg\u00e4ngen \u2013 SUV-Fahrzeuge sind ideal, um die Vielfalt der Insel zu erleben. Der gro\u00dfz\u00fcgige Innenraum und die Stabilit\u00e4t erm\u00f6glichen sicheres Fahren, selbst auf abgelegenen Wegen, die nur mit speziellen Fahrzeugen erreichbar sind.<\/p>\n<p>Paros European Rent bietet ein ausgezeichnetes Preis-Leistungs-Verh\u00e4ltnis mit Mietpreisen ab 60 \u20ac pro Tag. Im Preis enthalten sind unbegrenzte Kilometer, Haftpflichtversicherung sowie ein kostenloser Transfer vom Hafen, Flughafen oder Hotel. F\u00fcr Familien oder Gruppen mit Kindern bieten wir au\u00dferdem kostenlose Kindersitze an \u2013 f\u00fcr ein noch angenehmeres Miet-Erlebnis.<\/p>\n<p>Paros European Rent ist die beste Wahl f\u00fcr alle, die freundlichen und zuverl\u00e4ssigen Service suchen. Unsere treuen Kunden hinterlassen hervorragende Bewertungen, in denen sie die Fahrzeugqualit\u00e4t, den Service und die hervorragende Wartung hervorheben. Unsere Langzeitangebote \u2013 10 % Rabatt bei Mietdauer ab 3 Tagen, 15 % ab 8 Tagen \u2013 machen das Angebot noch attraktiver.<\/p>\n<p>Entdecken Sie Paros mit unseren SUVs, genie\u00dfen Sie das sch\u00f6ne Wetter, traumhafte Str\u00e4nde und beeindruckende Strecken. Die SUV-Flotte von Paros European Rent ist die ideale Wahl f\u00fcr Freiheit und Abenteuer mit Komfort, Sicherheit und Stil.<\/p>\n<p><strong>Kontaktieren Sie uns noch heute, um Ihre Reservierung vorzunehmen und Ihr Abenteuer auf Paros mit den Top-SUVs von Paros European Rent zu beginnen!<\/strong><\/p>\n","protected":false},"excerpt":{"rendered":"<p>Erkunden Sie Paros mit SUVs von Paros European Rent. BMW X1, Vitara &#038; mehr inkl. Versicherung &#038; gratis Abholung.<\/p>\n","protected":false},"author":1,"featured_media":35690,"comment_status":"open","ping_status":"open","sticky":false,"template":"","format":"standard","meta":{"footnotes":""},"categories":[388,329,386,387,330],"tags":[391,333,389,390,334],"class_list":["post-35689","post","type-post","status-publish","format-standard","has-post-thumbnail","hentry","category-paros-suv-autovermietung","category-suv-mieten-auf-paros","category-suv-mieten-paros","category-suv-verleih-paros","category-suvs-mieten-auf-paros","tag-paros-suv-autovermietung","tag-suv-mieten-auf-paros","tag-suv-mieten-paros","tag-suv-verleih-paros","tag-suvs-mieten-auf-paros"],"yoast_head":"<!-- This site is optimized with the Yoast SEO plugin v27.1.1 - https:\/\/yoast.com\/product\/yoast-seo-wordpress\/ -->\n<title>SUV mieten auf Paros | Paros European Rent \u2013 Komfort, Stil &amp; Sicherheit ab 60\u202f\u20ac\/Tag<\/title>\n<meta name=\"description\" content=\"Erkunden Sie Paros mit SUVs von Paros European Rent. BMW X1, Vitara &amp; mehr inkl. Versicherung &amp; gratis Abholung.\" \/>\n<meta name=\"robots\" content=\"index, follow, max-snippet:-1, max-image-preview:large, max-video-preview:-1\" \/>\n<link rel=\"canonical\" href=\"https:\/\/parosrentcar.com\/de\/suv-mieten-auf-paros-paros-european-rent\/\" \/>\n<meta property=\"og:locale\" content=\"de_DE\" \/>\n<meta property=\"og:type\" content=\"article\" \/>\n<meta property=\"og:title\" content=\"SUV mieten auf Paros | Paros European Rent \u2013 Komfort, Stil &amp; Sicherheit ab 60\u202f\u20ac\/Tag\" \/>\n<meta property=\"og:description\" content=\"Erkunden Sie Paros mit SUVs von Paros European Rent. BMW X1, Vitara &amp; mehr inkl. Versicherung &amp; gratis Abholung.\" \/>\n<meta property=\"og:url\" content=\"https:\/\/parosrentcar.com\/de\/suv-mieten-auf-paros-paros-european-rent\/\" \/>\n<meta property=\"og:site_name\" content=\"\u039cietwagen in Paros Griechenland | Autovermietung in Paros Griechenland\" \/>\n<meta property=\"article:publisher\" content=\"https:\/\/www.facebook.com\/paroscarrental\" \/>\n<meta property=\"article:published_time\" content=\"2025-07-10T06:27:08+00:00\" \/>\n<meta property=\"article:modified_time\" content=\"2025-07-10T06:29:26+00:00\" \/>\n<meta property=\"og:image\" content=\"https:\/\/parosrentcar.com\/de\/wp-content\/uploads\/2025\/07\/suv-paros-european-rent.jpg\" \/>\n\t<meta property=\"og:image:width\" content=\"1000\" \/>\n\t<meta property=\"og:image:height\" content=\"400\" \/>\n\t<meta property=\"og:image:type\" content=\"image\/jpeg\" \/>\n<meta name=\"author\" content=\"admin\" \/>\n<meta name=\"twitter:card\" content=\"summary_large_image\" \/>\n<meta name=\"twitter:creator\" content=\"@parosrentcar\" \/>\n<meta name=\"twitter:site\" content=\"@parosrentcar\" \/>\n<meta name=\"twitter:label1\" content=\"Verfasst von\" \/>\n\t<meta name=\"twitter:data1\" content=\"admin\" \/>\n\t<meta name=\"twitter:label2\" content=\"Gesch\u00e4tzte Lesezeit\" \/>\n\t<meta name=\"twitter:data2\" content=\"2\u00a0Minuten\" \/>\n<script type=\"application\/ld+json\" class=\"yoast-schema-graph\">{\"@context\":\"https:\/\/schema.org\",\"@graph\":[{\"@type\":\"Article\",\"@id\":\"https:\/\/parosrentcar.com\/de\/suv-mieten-auf-paros-paros-european-rent\/#article\",\"isPartOf\":{\"@id\":\"https:\/\/parosrentcar.com\/de\/suv-mieten-auf-paros-paros-european-rent\/\"},\"author\":{\"name\":\"admin\",\"@id\":\"https:\/\/parosrentcar.com\/de\/#\/schema\/person\/01be574152483576849c772faae24294\"},\"headline\":\"Entdecken Sie Paros mit den SUV-Fahrzeugen BMW X1, Citroen C3 Aircross, Opel Crossland und Suzuki Vitara von Paros European Rent!\",\"datePublished\":\"2025-07-10T06:27:08+00:00\",\"dateModified\":\"2025-07-10T06:29:26+00:00\",\"mainEntityOfPage\":{\"@id\":\"https:\/\/parosrentcar.com\/de\/suv-mieten-auf-paros-paros-european-rent\/\"},\"wordCount\":328,\"commentCount\":0,\"image\":{\"@id\":\"https:\/\/parosrentcar.com\/de\/suv-mieten-auf-paros-paros-european-rent\/#primaryimage\"},\"thumbnailUrl\":\"https:\/\/parosrentcar.com\/de\/wp-content\/uploads\/2025\/07\/suv-paros-european-rent.jpg\",\"keywords\":[\"Paros SUV Autovermietung\",\"SUV mieten auf Paros\",\"SUV mieten Paros\",\"SUV-Verleih Paros\",\"SUVs mieten auf Paros\"],\"articleSection\":[\"Paros SUV Autovermietung\",\"SUV mieten auf Paros\",\"SUV mieten Paros\",\"SUV-Verleih Paros\",\"SUVs mieten auf Paros\"],\"inLanguage\":\"de\",\"potentialAction\":[{\"@type\":\"CommentAction\",\"name\":\"Comment\",\"target\":[\"https:\/\/parosrentcar.com\/de\/suv-mieten-auf-paros-paros-european-rent\/#respond\"]}]},{\"@type\":\"WebPage\",\"@id\":\"https:\/\/parosrentcar.com\/de\/suv-mieten-auf-paros-paros-european-rent\/\",\"url\":\"https:\/\/parosrentcar.com\/de\/suv-mieten-auf-paros-paros-european-rent\/\",\"name\":\"SUV mieten auf Paros | Paros European Rent \u2013 Komfort, Stil & Sicherheit ab 60\u202f\u20ac\/Tag\",\"isPartOf\":{\"@id\":\"https:\/\/parosrentcar.com\/de\/#website\"},\"primaryImageOfPage\":{\"@id\":\"https:\/\/parosrentcar.com\/de\/suv-mieten-auf-paros-paros-european-rent\/#primaryimage\"},\"image\":{\"@id\":\"https:\/\/parosrentcar.com\/de\/suv-mieten-auf-paros-paros-european-rent\/#primaryimage\"},\"thumbnailUrl\":\"https:\/\/parosrentcar.com\/de\/wp-content\/uploads\/2025\/07\/suv-paros-european-rent.jpg\",\"datePublished\":\"2025-07-10T06:27:08+00:00\",\"dateModified\":\"2025-07-10T06:29:26+00:00\",\"author\":{\"@id\":\"https:\/\/parosrentcar.com\/de\/#\/schema\/person\/01be574152483576849c772faae24294\"},\"description\":\"Erkunden Sie Paros mit SUVs von Paros European Rent. BMW X1, Vitara & mehr inkl. Versicherung & gratis Abholung.\",\"breadcrumb\":{\"@id\":\"https:\/\/parosrentcar.com\/de\/suv-mieten-auf-paros-paros-european-rent\/#breadcrumb\"},\"inLanguage\":\"de\",\"potentialAction\":[{\"@type\":\"ReadAction\",\"target\":[\"https:\/\/parosrentcar.com\/de\/suv-mieten-auf-paros-paros-european-rent\/\"]}]},{\"@type\":\"ImageObject\",\"inLanguage\":\"de\",\"@id\":\"https:\/\/parosrentcar.com\/de\/suv-mieten-auf-paros-paros-european-rent\/#primaryimage\",\"url\":\"https:\/\/parosrentcar.com\/de\/wp-content\/uploads\/2025\/07\/suv-paros-european-rent.jpg\",\"contentUrl\":\"https:\/\/parosrentcar.com\/de\/wp-content\/uploads\/2025\/07\/suv-paros-european-rent.jpg\",\"width\":1000,\"height\":400,\"caption\":\"SUV mieten auf Paros | Paros European Rent\"},{\"@type\":\"BreadcrumbList\",\"@id\":\"https:\/\/parosrentcar.com\/de\/suv-mieten-auf-paros-paros-european-rent\/#breadcrumb\",\"itemListElement\":[{\"@type\":\"ListItem\",\"position\":1,\"name\":\"Home\",\"item\":\"https:\/\/parosrentcar.com\/de\/\"},{\"@type\":\"ListItem\",\"position\":2,\"name\":\"Entdecken Sie Paros mit den SUV-Fahrzeugen BMW X1, Citroen C3 Aircross, Opel Crossland und Suzuki Vitara von Paros European Rent!\"}]},{\"@type\":\"WebSite\",\"@id\":\"https:\/\/parosrentcar.com\/de\/#website\",\"url\":\"https:\/\/parosrentcar.com\/de\/\",\"name\":\"\u039cietwagen in Paros Griechenland | Autovermietung in Paros Griechenland\",\"description\":\"\u039cietwagen in Paros Griechenland\",\"potentialAction\":[{\"@type\":\"SearchAction\",\"target\":{\"@type\":\"EntryPoint\",\"urlTemplate\":\"https:\/\/parosrentcar.com\/de\/?s={search_term_string}\"},\"query-input\":{\"@type\":\"PropertyValueSpecification\",\"valueRequired\":true,\"valueName\":\"search_term_string\"}}],\"inLanguage\":\"de\"},{\"@type\":\"Person\",\"@id\":\"https:\/\/parosrentcar.com\/de\/#\/schema\/person\/01be574152483576849c772faae24294\",\"name\":\"admin\",\"image\":{\"@type\":\"ImageObject\",\"inLanguage\":\"de\",\"@id\":\"https:\/\/parosrentcar.com\/de\/#\/schema\/person\/image\/\",\"url\":\"https:\/\/secure.gravatar.com\/avatar\/e8373ef91d847108770c709f685a900c4549230f96552692edf55206b4e6cdac?s=96&d=mm&r=g\",\"contentUrl\":\"https:\/\/secure.gravatar.com\/avatar\/e8373ef91d847108770c709f685a900c4549230f96552692edf55206b4e6cdac?s=96&d=mm&r=g\",\"caption\":\"admin\"},\"url\":\"https:\/\/parosrentcar.com\/de\/author\/admin\/\"}]}<\/script>\n<!-- \/ Yoast SEO plugin. -->","yoast_head_json":{"title":"SUV mieten auf Paros | Paros European Rent \u2013 Komfort, Stil & Sicherheit ab 60\u202f\u20ac\/Tag","description":"Erkunden Sie Paros mit SUVs von Paros European Rent. BMW X1, Vitara & mehr inkl. Versicherung & gratis Abholung.","robots":{"index":"index","follow":"follow","max-snippet":"max-snippet:-1","max-image-preview":"max-image-preview:large","max-video-preview":"max-video-preview:-1"},"canonical":"https:\/\/parosrentcar.com\/de\/suv-mieten-auf-paros-paros-european-rent\/","og_locale":"de_DE","og_type":"article","og_title":"SUV mieten auf Paros | Paros European Rent \u2013 Komfort, Stil & Sicherheit ab 60\u202f\u20ac\/Tag","og_description":"Erkunden Sie Paros mit SUVs von Paros European Rent. BMW X1, Vitara & mehr inkl. Versicherung & gratis Abholung.","og_url":"https:\/\/parosrentcar.com\/de\/suv-mieten-auf-paros-paros-european-rent\/","og_site_name":"\u039cietwagen in Paros Griechenland | Autovermietung in Paros Griechenland","article_publisher":"https:\/\/www.facebook.com\/paroscarrental","article_published_time":"2025-07-10T06:27:08+00:00","article_modified_time":"2025-07-10T06:29:26+00:00","og_image":[{"width":1000,"height":400,"url":"https:\/\/parosrentcar.com\/de\/wp-content\/uploads\/2025\/07\/suv-paros-european-rent.jpg","type":"image\/jpeg"}],"author":"admin","twitter_card":"summary_large_image","twitter_creator":"@parosrentcar","twitter_site":"@parosrentcar","twitter_misc":{"Verfasst von":"admin","Gesch\u00e4tzte Lesezeit":"2\u00a0Minuten"},"schema":{"@context":"https:\/\/schema.org","@graph":[{"@type":"Article","@id":"https:\/\/parosrentcar.com\/de\/suv-mieten-auf-paros-paros-european-rent\/#article","isPartOf":{"@id":"https:\/\/parosrentcar.com\/de\/suv-mieten-auf-paros-paros-european-rent\/"},"author":{"name":"admin","@id":"https:\/\/parosrentcar.com\/de\/#\/schema\/person\/01be574152483576849c772faae24294"},"headline":"Entdecken Sie Paros mit den SUV-Fahrzeugen BMW X1, Citroen C3 Aircross, Opel Crossland und Suzuki Vitara von Paros European Rent!","datePublished":"2025-07-10T06:27:08+00:00","dateModified":"2025-07-10T06:29:26+00:00","mainEntityOfPage":{"@id":"https:\/\/parosrentcar.com\/de\/suv-mieten-auf-paros-paros-european-rent\/"},"wordCount":328,"commentCount":0,"image":{"@id":"https:\/\/parosrentcar.com\/de\/suv-mieten-auf-paros-paros-european-rent\/#primaryimage"},"thumbnailUrl":"https:\/\/parosrentcar.com\/de\/wp-content\/uploads\/2025\/07\/suv-paros-european-rent.jpg","keywords":["Paros SUV Autovermietung","SUV mieten auf Paros","SUV mieten Paros","SUV-Verleih Paros","SUVs mieten auf Paros"],"articleSection":["Paros SUV Autovermietung","SUV mieten auf Paros","SUV mieten Paros","SUV-Verleih Paros","SUVs mieten auf Paros"],"inLanguage":"de","potentialAction":[{"@type":"CommentAction","name":"Comment","target":["https:\/\/parosrentcar.com\/de\/suv-mieten-auf-paros-paros-european-rent\/#respond"]}]},{"@type":"WebPage","@id":"https:\/\/parosrentcar.com\/de\/suv-mieten-auf-paros-paros-european-rent\/","url":"https:\/\/parosrentcar.com\/de\/suv-mieten-auf-paros-paros-european-rent\/","name":"SUV mieten auf Paros | Paros European Rent \u2013 Komfort, Stil & Sicherheit ab 60\u202f\u20ac\/Tag","isPartOf":{"@id":"https:\/\/parosrentcar.com\/de\/#website"},"primaryImageOfPage":{"@id":"https:\/\/parosrentcar.com\/de\/suv-mieten-auf-paros-paros-european-rent\/#primaryimage"},"image":{"@id":"https:\/\/parosrentcar.com\/de\/suv-mieten-auf-paros-paros-european-rent\/#primaryimage"},"thumbnailUrl":"https:\/\/parosrentcar.com\/de\/wp-content\/uploads\/2025\/07\/suv-paros-european-rent.jpg","datePublished":"2025-07-10T06:27:08+00:00","dateModified":"2025-07-10T06:29:26+00:00","author":{"@id":"https:\/\/parosrentcar.com\/de\/#\/schema\/person\/01be574152483576849c772faae24294"},"description":"Erkunden Sie Paros mit SUVs von Paros European Rent. BMW X1, Vitara & mehr inkl. Versicherung & gratis Abholung.","breadcrumb":{"@id":"https:\/\/parosrentcar.com\/de\/suv-mieten-auf-paros-paros-european-rent\/#breadcrumb"},"inLanguage":"de","potentialAction":[{"@type":"ReadAction","target":["https:\/\/parosrentcar.com\/de\/suv-mieten-auf-paros-paros-european-rent\/"]}]},{"@type":"ImageObject","inLanguage":"de","@id":"https:\/\/parosrentcar.com\/de\/suv-mieten-auf-paros-paros-european-rent\/#primaryimage","url":"https:\/\/parosrentcar.com\/de\/wp-content\/uploads\/2025\/07\/suv-paros-european-rent.jpg","contentUrl":"https:\/\/parosrentcar.com\/de\/wp-content\/uploads\/2025\/07\/suv-paros-european-rent.jpg","width":1000,"height":400,"caption":"SUV mieten auf Paros | Paros European Rent"},{"@type":"BreadcrumbList","@id":"https:\/\/parosrentcar.com\/de\/suv-mieten-auf-paros-paros-european-rent\/#breadcrumb","itemListElement":[{"@type":"ListItem","position":1,"name":"Home","item":"https:\/\/parosrentcar.com\/de\/"},{"@type":"ListItem","position":2,"name":"Entdecken Sie Paros mit den SUV-Fahrzeugen BMW X1, Citroen C3 Aircross, Opel Crossland und Suzuki Vitara von Paros European Rent!"}]},{"@type":"WebSite","@id":"https:\/\/parosrentcar.com\/de\/#website","url":"https:\/\/parosrentcar.com\/de\/","name":"\u039cietwagen in Paros Griechenland | Autovermietung in Paros Griechenland","description":"\u039cietwagen in Paros Griechenland","potentialAction":[{"@type":"SearchAction","target":{"@type":"EntryPoint","urlTemplate":"https:\/\/parosrentcar.com\/de\/?s={search_term_string}"},"query-input":{"@type":"PropertyValueSpecification","valueRequired":true,"valueName":"search_term_string"}}],"inLanguage":"de"},{"@type":"Person","@id":"https:\/\/parosrentcar.com\/de\/#\/schema\/person\/01be574152483576849c772faae24294","name":"admin","image":{"@type":"ImageObject","inLanguage":"de","@id":"https:\/\/parosrentcar.com\/de\/#\/schema\/person\/image\/","url":"https:\/\/secure.gravatar.com\/avatar\/e8373ef91d847108770c709f685a900c4549230f96552692edf55206b4e6cdac?s=96&d=mm&r=g","contentUrl":"https:\/\/secure.gravatar.com\/avatar\/e8373ef91d847108770c709f685a900c4549230f96552692edf55206b4e6cdac?s=96&d=mm&r=g","caption":"admin"},"url":"https:\/\/parosrentcar.com\/de\/author\/admin\/"}]}},"_links":{"self":[{"href":"https:\/\/parosrentcar.com\/de\/wp-json\/wp\/v2\/posts\/35689","targetHints":{"allow":["GET"]}}],"collection":[{"href":"https:\/\/parosrentcar.com\/de\/wp-json\/wp\/v2\/posts"}],"about":[{"href":"https:\/\/parosrentcar.com\/de\/wp-json\/wp\/v2\/types\/post"}],"author":[{"embeddable":true,"href":"https:\/\/parosrentcar.com\/de\/wp-json\/wp\/v2\/users\/1"}],"replies":[{"embeddable":true,"href":"https:\/\/parosrentcar.com\/de\/wp-json\/wp\/v2\/comments?post=35689"}],"version-history":[{"count":3,"href":"https:\/\/parosrentcar.com\/de\/wp-json\/wp\/v2\/posts\/35689\/revisions"}],"predecessor-version":[{"id":35693,"href":"https:\/\/parosrentcar.com\/de\/wp-json\/wp\/v2\/posts\/35689\/revisions\/35693"}],"wp:featuredmedia":[{"embeddable":true,"href":"https:\/\/parosrentcar.com\/de\/wp-json\/wp\/v2\/media\/35690"}],"wp:attachment":[{"href":"https:\/\/parosrentcar.com\/de\/wp-json\/wp\/v2\/media?parent=35689"}],"wp:term":[{"taxonomy":"category","embeddable":true,"href":"https:\/\/parosrentcar.com\/de\/wp-json\/wp\/v2\/categories?post=35689"},{"taxonomy":"post_tag","embeddable":true,"href":"https:\/\/parosrentcar.com\/de\/wp-json\/wp\/v2\/tags?post=35689"}],"curies":[{"name":"wp","href":"https:\/\/api.w.org\/{rel}","templated":true}]}}