{"id":35622,"date":"2025-04-16T04:07:55","date_gmt":"2025-04-16T04:07:55","guid":{"rendered":"https:\/\/parosrentcar.com\/de\/?p=35622"},"modified":"2025-04-16T04:08:46","modified_gmt":"2025-04-16T04:08:46","slug":"ostergruesse-von-paros-european-rent","status":"publish","type":"post","link":"https:\/\/parosrentcar.com\/de\/ostergruesse-von-paros-european-rent\/","title":{"rendered":"Ostergr\u00fc\u00dfe von Paros European Rent"},"content":{"rendered":"<p>&nbsp;<br \/>\n<img loading=\"lazy\" decoding=\"async\" class=\"alignleft size-full wp-image-35623\" src=\"https:\/\/parosrentcar.com\/de\/wp-content\/uploads\/2025\/04\/vasilis-parais-easter.png\" alt=\"Ostergr\u00fc\u00dfe von Paros European Rent\" width=\"1536\" height=\"1024\" srcset=\"https:\/\/parosrentcar.com\/de\/wp-content\/uploads\/2025\/04\/vasilis-parais-easter.png 1536w, https:\/\/parosrentcar.com\/de\/wp-content\/uploads\/2025\/04\/vasilis-parais-easter-300x200.png 300w, https:\/\/parosrentcar.com\/de\/wp-content\/uploads\/2025\/04\/vasilis-parais-easter-1024x683.png 1024w, https:\/\/parosrentcar.com\/de\/wp-content\/uploads\/2025\/04\/vasilis-parais-easter-768x512.png 768w\" sizes=\"auto, (max-width: 1536px) 100vw, 1536px\" \/><\/p>\n<p><strong>Der Fr\u00fchling bringt neues Licht nach Paros, erf\u00fcllt die Insel mit Farben, D\u00fcften und der freudigen Erwartung auf das Osterfest. <\/strong><\/p>\n<p><strong>Das Team von Paros European Rent w\u00fcnscht Ihnen von Herzen ein gesegnetes Osterfest und eine frohe Auferstehung, voller Gesundheit, Liebe und Hoffnung.<\/strong><\/p>\n<p><strong>M\u00f6ge diese festliche Zeit Ihnen Frieden, Erneuerung und wertvolle Momente mit Ihren Liebsten schenken.<\/strong><\/p>\n","protected":false},"excerpt":{"rendered":"<p>Das Team von Paros European Rent w\u00fcnscht Ihnen von Herzen ein gesegnetes Osterfest und eine frohe Auferstehung, voller Gesundheit, Liebe und Hoffnung.<\/p>\n","protected":false},"author":1,"featured_media":0,"comment_status":"open","ping_status":"open","sticky":false,"template":"","format":"standard","meta":{"footnotes":""},"categories":[321],"tags":[322],"class_list":["post-35622","post","type-post","status-publish","format-standard","hentry","category-frohe-ostern","tag-frohe-ostern"],"yoast_head":"<!-- This site is optimized with the Yoast SEO plugin v27.1.1 - https:\/\/yoast.com\/product\/yoast-seo-wordpress\/ -->\n<title>Ostergr\u00fc\u00dfe von Paros European Rent<\/title>\n<meta name=\"description\" content=\"Das Team von Paros European Rent w\u00fcnscht Ihnen von Herzen ein gesegnetes Osterfest und eine frohe Auferstehung, voller Gesundheit, Liebe und Hoffnung.\" \/>\n<meta name=\"robots\" content=\"index, follow, max-snippet:-1, max-image-preview:large, max-video-preview:-1\" \/>\n<link rel=\"canonical\" href=\"https:\/\/parosrentcar.com\/de\/ostergruesse-von-paros-european-rent\/\" \/>\n<meta property=\"og:locale\" content=\"de_DE\" \/>\n<meta property=\"og:type\" content=\"article\" \/>\n<meta property=\"og:title\" content=\"Ostergr\u00fc\u00dfe von Paros European Rent\" \/>\n<meta property=\"og:description\" content=\"Das Team von Paros European Rent w\u00fcnscht Ihnen von Herzen ein gesegnetes Osterfest und eine frohe Auferstehung, voller Gesundheit, Liebe und Hoffnung.\" \/>\n<meta property=\"og:url\" content=\"https:\/\/parosrentcar.com\/de\/ostergruesse-von-paros-european-rent\/\" \/>\n<meta property=\"og:site_name\" content=\"\u039cietwagen in Paros Griechenland | Autovermietung in Paros Griechenland\" \/>\n<meta property=\"article:publisher\" content=\"https:\/\/www.facebook.com\/paroscarrental\" \/>\n<meta property=\"article:published_time\" content=\"2025-04-16T04:07:55+00:00\" \/>\n<meta property=\"article:modified_time\" content=\"2025-04-16T04:08:46+00:00\" \/>\n<meta property=\"og:image\" content=\"https:\/\/parosrentcar.com\/de\/wp-content\/uploads\/2025\/04\/vasilis-parais-easter-1024x683.png\" \/>\n\t<meta property=\"og:image:width\" content=\"1024\" \/>\n\t<meta property=\"og:image:height\" content=\"683\" \/>\n\t<meta property=\"og:image:type\" content=\"image\/png\" \/>\n<meta name=\"author\" content=\"admin\" \/>\n<meta name=\"twitter:card\" content=\"summary_large_image\" \/>\n<meta name=\"twitter:creator\" content=\"@parosrentcar\" \/>\n<meta name=\"twitter:site\" content=\"@parosrentcar\" \/>\n<meta name=\"twitter:label1\" content=\"Verfasst von\" \/>\n\t<meta name=\"twitter:data1\" content=\"admin\" \/>\n\t<meta name=\"twitter:label2\" content=\"Gesch\u00e4tzte Lesezeit\" \/>\n\t<meta name=\"twitter:data2\" content=\"1\u00a0Minute\" \/>\n<script type=\"application\/ld+json\" class=\"yoast-schema-graph\">{\"@context\":\"https:\/\/schema.org\",\"@graph\":[{\"@type\":\"Article\",\"@id\":\"https:\/\/parosrentcar.com\/de\/ostergruesse-von-paros-european-rent\/#article\",\"isPartOf\":{\"@id\":\"https:\/\/parosrentcar.com\/de\/ostergruesse-von-paros-european-rent\/\"},\"author\":{\"name\":\"admin\",\"@id\":\"https:\/\/parosrentcar.com\/de\/#\/schema\/person\/01be574152483576849c772faae24294\"},\"headline\":\"Ostergr\u00fc\u00dfe von Paros European Rent\",\"datePublished\":\"2025-04-16T04:07:55+00:00\",\"dateModified\":\"2025-04-16T04:08:46+00:00\",\"mainEntityOfPage\":{\"@id\":\"https:\/\/parosrentcar.com\/de\/ostergruesse-von-paros-european-rent\/\"},\"wordCount\":68,\"commentCount\":0,\"image\":{\"@id\":\"https:\/\/parosrentcar.com\/de\/ostergruesse-von-paros-european-rent\/#primaryimage\"},\"thumbnailUrl\":\"https:\/\/parosrentcar.com\/de\/wp-content\/uploads\/2025\/04\/vasilis-parais-easter.png\",\"keywords\":[\"Frohe Ostern\"],\"articleSection\":[\"Frohe Ostern\"],\"inLanguage\":\"de\",\"potentialAction\":[{\"@type\":\"CommentAction\",\"name\":\"Comment\",\"target\":[\"https:\/\/parosrentcar.com\/de\/ostergruesse-von-paros-european-rent\/#respond\"]}]},{\"@type\":\"WebPage\",\"@id\":\"https:\/\/parosrentcar.com\/de\/ostergruesse-von-paros-european-rent\/\",\"url\":\"https:\/\/parosrentcar.com\/de\/ostergruesse-von-paros-european-rent\/\",\"name\":\"Ostergr\u00fc\u00dfe von Paros European Rent\",\"isPartOf\":{\"@id\":\"https:\/\/parosrentcar.com\/de\/#website\"},\"primaryImageOfPage\":{\"@id\":\"https:\/\/parosrentcar.com\/de\/ostergruesse-von-paros-european-rent\/#primaryimage\"},\"image\":{\"@id\":\"https:\/\/parosrentcar.com\/de\/ostergruesse-von-paros-european-rent\/#primaryimage\"},\"thumbnailUrl\":\"https:\/\/parosrentcar.com\/de\/wp-content\/uploads\/2025\/04\/vasilis-parais-easter.png\",\"datePublished\":\"2025-04-16T04:07:55+00:00\",\"dateModified\":\"2025-04-16T04:08:46+00:00\",\"author\":{\"@id\":\"https:\/\/parosrentcar.com\/de\/#\/schema\/person\/01be574152483576849c772faae24294\"},\"description\":\"Das Team von Paros European Rent w\u00fcnscht Ihnen von Herzen ein gesegnetes Osterfest und eine frohe Auferstehung, voller Gesundheit, Liebe und Hoffnung.\",\"breadcrumb\":{\"@id\":\"https:\/\/parosrentcar.com\/de\/ostergruesse-von-paros-european-rent\/#breadcrumb\"},\"inLanguage\":\"de\",\"potentialAction\":[{\"@type\":\"ReadAction\",\"target\":[\"https:\/\/parosrentcar.com\/de\/ostergruesse-von-paros-european-rent\/\"]}]},{\"@type\":\"ImageObject\",\"inLanguage\":\"de\",\"@id\":\"https:\/\/parosrentcar.com\/de\/ostergruesse-von-paros-european-rent\/#primaryimage\",\"url\":\"https:\/\/parosrentcar.com\/de\/wp-content\/uploads\/2025\/04\/vasilis-parais-easter.png\",\"contentUrl\":\"https:\/\/parosrentcar.com\/de\/wp-content\/uploads\/2025\/04\/vasilis-parais-easter.png\",\"width\":1536,\"height\":1024,\"caption\":\"Ostergr\u00fc\u00dfe von Paros European Rent\"},{\"@type\":\"BreadcrumbList\",\"@id\":\"https:\/\/parosrentcar.com\/de\/ostergruesse-von-paros-european-rent\/#breadcrumb\",\"itemListElement\":[{\"@type\":\"ListItem\",\"position\":1,\"name\":\"Home\",\"item\":\"https:\/\/parosrentcar.com\/de\/\"},{\"@type\":\"ListItem\",\"position\":2,\"name\":\"Ostergr\u00fc\u00dfe von Paros European Rent\"}]},{\"@type\":\"WebSite\",\"@id\":\"https:\/\/parosrentcar.com\/de\/#website\",\"url\":\"https:\/\/parosrentcar.com\/de\/\",\"name\":\"\u039cietwagen in Paros Griechenland | Autovermietung in Paros Griechenland\",\"description\":\"\u039cietwagen in Paros Griechenland\",\"potentialAction\":[{\"@type\":\"SearchAction\",\"target\":{\"@type\":\"EntryPoint\",\"urlTemplate\":\"https:\/\/parosrentcar.com\/de\/?s={search_term_string}\"},\"query-input\":{\"@type\":\"PropertyValueSpecification\",\"valueRequired\":true,\"valueName\":\"search_term_string\"}}],\"inLanguage\":\"de\"},{\"@type\":\"Person\",\"@id\":\"https:\/\/parosrentcar.com\/de\/#\/schema\/person\/01be574152483576849c772faae24294\",\"name\":\"admin\",\"image\":{\"@type\":\"ImageObject\",\"inLanguage\":\"de\",\"@id\":\"https:\/\/parosrentcar.com\/de\/#\/schema\/person\/image\/\",\"url\":\"https:\/\/secure.gravatar.com\/avatar\/e8373ef91d847108770c709f685a900c4549230f96552692edf55206b4e6cdac?s=96&d=mm&r=g\",\"contentUrl\":\"https:\/\/secure.gravatar.com\/avatar\/e8373ef91d847108770c709f685a900c4549230f96552692edf55206b4e6cdac?s=96&d=mm&r=g\",\"caption\":\"admin\"},\"url\":\"https:\/\/parosrentcar.com\/de\/author\/admin\/\"}]}<\/script>\n<!-- \/ Yoast SEO plugin. -->","yoast_head_json":{"title":"Ostergr\u00fc\u00dfe von Paros European Rent","description":"Das Team von Paros European Rent w\u00fcnscht Ihnen von Herzen ein gesegnetes Osterfest und eine frohe Auferstehung, voller Gesundheit, Liebe und Hoffnung.","robots":{"index":"index","follow":"follow","max-snippet":"max-snippet:-1","max-image-preview":"max-image-preview:large","max-video-preview":"max-video-preview:-1"},"canonical":"https:\/\/parosrentcar.com\/de\/ostergruesse-von-paros-european-rent\/","og_locale":"de_DE","og_type":"article","og_title":"Ostergr\u00fc\u00dfe von Paros European Rent","og_description":"Das Team von Paros European Rent w\u00fcnscht Ihnen von Herzen ein gesegnetes Osterfest und eine frohe Auferstehung, voller Gesundheit, Liebe und Hoffnung.","og_url":"https:\/\/parosrentcar.com\/de\/ostergruesse-von-paros-european-rent\/","og_site_name":"\u039cietwagen in Paros Griechenland | Autovermietung in Paros Griechenland","article_publisher":"https:\/\/www.facebook.com\/paroscarrental","article_published_time":"2025-04-16T04:07:55+00:00","article_modified_time":"2025-04-16T04:08:46+00:00","og_image":[{"width":1024,"height":683,"url":"https:\/\/parosrentcar.com\/de\/wp-content\/uploads\/2025\/04\/vasilis-parais-easter-1024x683.png","type":"image\/png"}],"author":"admin","twitter_card":"summary_large_image","twitter_creator":"@parosrentcar","twitter_site":"@parosrentcar","twitter_misc":{"Verfasst von":"admin","Gesch\u00e4tzte Lesezeit":"1\u00a0Minute"},"schema":{"@context":"https:\/\/schema.org","@graph":[{"@type":"Article","@id":"https:\/\/parosrentcar.com\/de\/ostergruesse-von-paros-european-rent\/#article","isPartOf":{"@id":"https:\/\/parosrentcar.com\/de\/ostergruesse-von-paros-european-rent\/"},"author":{"name":"admin","@id":"https:\/\/parosrentcar.com\/de\/#\/schema\/person\/01be574152483576849c772faae24294"},"headline":"Ostergr\u00fc\u00dfe von Paros European Rent","datePublished":"2025-04-16T04:07:55+00:00","dateModified":"2025-04-16T04:08:46+00:00","mainEntityOfPage":{"@id":"https:\/\/parosrentcar.com\/de\/ostergruesse-von-paros-european-rent\/"},"wordCount":68,"commentCount":0,"image":{"@id":"https:\/\/parosrentcar.com\/de\/ostergruesse-von-paros-european-rent\/#primaryimage"},"thumbnailUrl":"https:\/\/parosrentcar.com\/de\/wp-content\/uploads\/2025\/04\/vasilis-parais-easter.png","keywords":["Frohe Ostern"],"articleSection":["Frohe Ostern"],"inLanguage":"de","potentialAction":[{"@type":"CommentAction","name":"Comment","target":["https:\/\/parosrentcar.com\/de\/ostergruesse-von-paros-european-rent\/#respond"]}]},{"@type":"WebPage","@id":"https:\/\/parosrentcar.com\/de\/ostergruesse-von-paros-european-rent\/","url":"https:\/\/parosrentcar.com\/de\/ostergruesse-von-paros-european-rent\/","name":"Ostergr\u00fc\u00dfe von Paros European Rent","isPartOf":{"@id":"https:\/\/parosrentcar.com\/de\/#website"},"primaryImageOfPage":{"@id":"https:\/\/parosrentcar.com\/de\/ostergruesse-von-paros-european-rent\/#primaryimage"},"image":{"@id":"https:\/\/parosrentcar.com\/de\/ostergruesse-von-paros-european-rent\/#primaryimage"},"thumbnailUrl":"https:\/\/parosrentcar.com\/de\/wp-content\/uploads\/2025\/04\/vasilis-parais-easter.png","datePublished":"2025-04-16T04:07:55+00:00","dateModified":"2025-04-16T04:08:46+00:00","author":{"@id":"https:\/\/parosrentcar.com\/de\/#\/schema\/person\/01be574152483576849c772faae24294"},"description":"Das Team von Paros European Rent w\u00fcnscht Ihnen von Herzen ein gesegnetes Osterfest und eine frohe Auferstehung, voller Gesundheit, Liebe und Hoffnung.","breadcrumb":{"@id":"https:\/\/parosrentcar.com\/de\/ostergruesse-von-paros-european-rent\/#breadcrumb"},"inLanguage":"de","potentialAction":[{"@type":"ReadAction","target":["https:\/\/parosrentcar.com\/de\/ostergruesse-von-paros-european-rent\/"]}]},{"@type":"ImageObject","inLanguage":"de","@id":"https:\/\/parosrentcar.com\/de\/ostergruesse-von-paros-european-rent\/#primaryimage","url":"https:\/\/parosrentcar.com\/de\/wp-content\/uploads\/2025\/04\/vasilis-parais-easter.png","contentUrl":"https:\/\/parosrentcar.com\/de\/wp-content\/uploads\/2025\/04\/vasilis-parais-easter.png","width":1536,"height":1024,"caption":"Ostergr\u00fc\u00dfe von Paros European Rent"},{"@type":"BreadcrumbList","@id":"https:\/\/parosrentcar.com\/de\/ostergruesse-von-paros-european-rent\/#breadcrumb","itemListElement":[{"@type":"ListItem","position":1,"name":"Home","item":"https:\/\/parosrentcar.com\/de\/"},{"@type":"ListItem","position":2,"name":"Ostergr\u00fc\u00dfe von Paros European Rent"}]},{"@type":"WebSite","@id":"https:\/\/parosrentcar.com\/de\/#website","url":"https:\/\/parosrentcar.com\/de\/","name":"\u039cietwagen in Paros Griechenland | Autovermietung in Paros Griechenland","description":"\u039cietwagen in Paros Griechenland","potentialAction":[{"@type":"SearchAction","target":{"@type":"EntryPoint","urlTemplate":"https:\/\/parosrentcar.com\/de\/?s={search_term_string}"},"query-input":{"@type":"PropertyValueSpecification","valueRequired":true,"valueName":"search_term_string"}}],"inLanguage":"de"},{"@type":"Person","@id":"https:\/\/parosrentcar.com\/de\/#\/schema\/person\/01be574152483576849c772faae24294","name":"admin","image":{"@type":"ImageObject","inLanguage":"de","@id":"https:\/\/parosrentcar.com\/de\/#\/schema\/person\/image\/","url":"https:\/\/secure.gravatar.com\/avatar\/e8373ef91d847108770c709f685a900c4549230f96552692edf55206b4e6cdac?s=96&d=mm&r=g","contentUrl":"https:\/\/secure.gravatar.com\/avatar\/e8373ef91d847108770c709f685a900c4549230f96552692edf55206b4e6cdac?s=96&d=mm&r=g","caption":"admin"},"url":"https:\/\/parosrentcar.com\/de\/author\/admin\/"}]}},"_links":{"self":[{"href":"https:\/\/parosrentcar.com\/de\/wp-json\/wp\/v2\/posts\/35622","targetHints":{"allow":["GET"]}}],"collection":[{"href":"https:\/\/parosrentcar.com\/de\/wp-json\/wp\/v2\/posts"}],"about":[{"href":"https:\/\/parosrentcar.com\/de\/wp-json\/wp\/v2\/types\/post"}],"author":[{"embeddable":true,"href":"https:\/\/parosrentcar.com\/de\/wp-json\/wp\/v2\/users\/1"}],"replies":[{"embeddable":true,"href":"https:\/\/parosrentcar.com\/de\/wp-json\/wp\/v2\/comments?post=35622"}],"version-history":[{"count":1,"href":"https:\/\/parosrentcar.com\/de\/wp-json\/wp\/v2\/posts\/35622\/revisions"}],"predecessor-version":[{"id":35624,"href":"https:\/\/parosrentcar.com\/de\/wp-json\/wp\/v2\/posts\/35622\/revisions\/35624"}],"wp:attachment":[{"href":"https:\/\/parosrentcar.com\/de\/wp-json\/wp\/v2\/media?parent=35622"}],"wp:term":[{"taxonomy":"category","embeddable":true,"href":"https:\/\/parosrentcar.com\/de\/wp-json\/wp\/v2\/categories?post=35622"},{"taxonomy":"post_tag","embeddable":true,"href":"https:\/\/parosrentcar.com\/de\/wp-json\/wp\/v2\/tags?post=35622"}],"curies":[{"name":"wp","href":"https:\/\/api.w.org\/{rel}","templated":true}]}}