{"id":35605,"date":"2025-03-10T05:05:58","date_gmt":"2025-03-10T05:05:58","guid":{"rendered":"https:\/\/parosrentcar.com\/de\/?p=35605"},"modified":"2025-03-10T05:08:51","modified_gmt":"2025-03-10T05:08:51","slug":"entdecke-paros-mit-den-neuen-cf-450cc-kymco-mxu-450cc-quads-atvs","status":"publish","type":"post","link":"https:\/\/parosrentcar.com\/de\/entdecke-paros-mit-den-neuen-cf-450cc-kymco-mxu-450cc-quads-atvs\/","title":{"rendered":"Entdecke Paros mit den neuen CF 450cc &#038; KYMCO MXU 450cc Quads \/ ATVs!"},"content":{"rendered":"<p>&nbsp;<br \/>\nParos European Rent bietet dir das ultimative Fahrerlebnis auf Paros mit den neuen CF 450cc &amp; KYMCO MXU 450cc Quads \/ ATVs. Diese leistungsstarken und vielseitigen Vierradfahrzeuge sind perfekt f\u00fcr Offroad-Strecken, abgelegene Str\u00e4nde und die atemberaubende Landschaft der Insel.<\/p>\n<p data-start=\"2859\" data-end=\"2913\"><strong data-start=\"2863\" data-end=\"2911\">Eigenschaften der CF 450cc &amp; KYMCO MXU 450cc<\/strong><\/p>\n<ul>\n<li>450cc Motor f\u00fcr starke und zuverl\u00e4ssige Leistung<\/li>\n<li>Automatikgetriebe f\u00fcr eine einfache und bequeme Fahrt<\/li>\n<li>Verst\u00e4rkte Federung f\u00fcr Stabilit\u00e4t und Sicherheit auf unebenem Gel\u00e4nde<\/li>\n<li>Ergonomische und bequeme Sitze f\u00fcr eine angenehme Fahrt<\/li>\n<li>Gro\u00dfer Stauraum f\u00fcr deine pers\u00f6nlichen Gegenst\u00e4nde<\/li>\n<\/ul>\n<p>Genie\u00dfe das Abenteuer mit einem Fahrzeug, das dir den Zugang zu Orten erm\u00f6glicht, die mit normalen Autos nicht erreichbar sind.<\/p>\n<p ><strong>Warum Paros European Rent w\u00e4hlen?<\/strong><\/p>\n<ul>\n<li>\u00dcber 30 Jahre Erfahrung in der Fahrzeugvermietung<\/li>\n<li>Hervorragende Kundenbewertungen und Vertrauen<\/li>\n<li>Neue und zuverl\u00e4ssige ATVs mit neuester Technologie<\/li>\n<li>Transparente Preise ohne versteckte Geb\u00fchren<\/li>\n<li>Versicherung &amp; kostenloser Helm f\u00fcr deine Sicherheit<\/li>\n<\/ul>\n<p ><strong>Spezielle Rabatte:<\/strong><\/p>\n<ul>\n<li><strong>10 % Rabatt<\/strong> f\u00fcr Mietzeitr\u00e4ume von 3 bis 7 Tagen<\/li>\n<li><strong>15 % Rabatt<\/strong> f\u00fcr Mietzeitr\u00e4ume ab 8 Tagen<\/li>\n<\/ul>\n<p><strong>Warum ein Quad \/ ATV auf Paros mieten?<\/strong><\/p>\n<ul>\n<li>Ideal f\u00fcr Abenteuer und Freiheit auf der Insel<\/li>\n<li>Zugang zu versteckten Str\u00e4nden und Offroad-Strecken<\/li>\n<li>Einfaches Parken und Fahren in belebten Gegenden<\/li>\n<li>Ein einzigartiges und aufregendes Fahrerlebnis<\/li>\n<\/ul>\n<p><strong>Preis &amp; Buchung<\/strong><\/p>\n<p >Der Mietpreis beginnt bei <strong data-start=\"4110\" data-end=\"4126\">35 \u20ac pro Tag<\/strong>, was es zu einer erschwinglichen und spannenden Option f\u00fcr die Erkundung der Insel macht.<\/p>\n<p><strong data-start=\"4224\" data-end=\"4255\">Buche dein Quad noch heute!<\/strong><\/p>\n<p >Erlebe das ultimative Offroad-Abenteuer auf Paros mit den neuen CF 450cc &amp; KYMCO MXU 450cc. Buche jetzt und erkunde die Insel mit einem Quad-ATV, das Leistung, Komfort und Sicherheit bietet!<\/p>\n","protected":false},"excerpt":{"rendered":"<p>Entdecke Paros mit den neuen CF 450cc &#038; KYMCO MXU 450cc Quads von Paros European Rent. Komfort, Leistung und Abenteuer bei jeder Fahrt!<\/p>\n","protected":false},"author":1,"featured_media":35606,"comment_status":"open","ping_status":"open","sticky":false,"template":"","format":"standard","meta":{"footnotes":""},"categories":[189,375,374,188],"tags":[171,377,376,170],"class_list":["post-35605","post","type-post","status-publish","format-standard","has-post-thumbnail","hentry","category-atv-mieten-in-paros","category-offroad-atv-paros","category-offroad-quad-paros","category-quad-mieten-in-paros","tag-atv-mieten-in-paros","tag-offroad-atv-paros","tag-offroad-quad-paros","tag-quad-mieten-in-paros"],"yoast_head":"<!-- This site is optimized with the Yoast SEO plugin v27.1.1 - https:\/\/yoast.com\/product\/yoast-seo-wordpress\/ -->\n<title>Quad \/ ATV mieten auf Paros \u2013 Neue CF 450cc &amp; KYMCO MXU 450cc bei Paros European Rent<\/title>\n<meta name=\"description\" content=\"Entdecke Paros mit den neuen CF 450cc &amp; KYMCO MXU 450cc Quads von Paros European Rent. Komfort, Leistung und Abenteuer bei jeder Fahrt!\" \/>\n<meta name=\"robots\" content=\"index, follow, max-snippet:-1, max-image-preview:large, max-video-preview:-1\" \/>\n<link rel=\"canonical\" href=\"https:\/\/parosrentcar.com\/de\/entdecke-paros-mit-den-neuen-cf-450cc-kymco-mxu-450cc-quads-atvs\/\" \/>\n<meta property=\"og:locale\" content=\"de_DE\" \/>\n<meta property=\"og:type\" content=\"article\" \/>\n<meta property=\"og:title\" content=\"Quad \/ ATV mieten auf Paros \u2013 Neue CF 450cc &amp; KYMCO MXU 450cc bei Paros European Rent\" \/>\n<meta property=\"og:description\" content=\"Entdecke Paros mit den neuen CF 450cc &amp; KYMCO MXU 450cc Quads von Paros European Rent. Komfort, Leistung und Abenteuer bei jeder Fahrt!\" \/>\n<meta property=\"og:url\" content=\"https:\/\/parosrentcar.com\/de\/entdecke-paros-mit-den-neuen-cf-450cc-kymco-mxu-450cc-quads-atvs\/\" \/>\n<meta property=\"og:site_name\" content=\"\u039cietwagen in Paros Griechenland | Autovermietung in Paros Griechenland\" \/>\n<meta property=\"article:publisher\" content=\"https:\/\/www.facebook.com\/paroscarrental\" \/>\n<meta property=\"article:published_time\" content=\"2025-03-10T05:05:58+00:00\" \/>\n<meta property=\"article:modified_time\" content=\"2025-03-10T05:08:51+00:00\" \/>\n<meta property=\"og:image\" content=\"https:\/\/parosrentcar.com\/de\/wp-content\/uploads\/2025\/03\/kymco-450-new-parais-1000-400.jpg\" \/>\n\t<meta property=\"og:image:width\" content=\"1000\" \/>\n\t<meta property=\"og:image:height\" content=\"400\" \/>\n\t<meta property=\"og:image:type\" content=\"image\/jpeg\" \/>\n<meta name=\"author\" content=\"admin\" \/>\n<meta name=\"twitter:card\" content=\"summary_large_image\" \/>\n<meta name=\"twitter:creator\" content=\"@parosrentcar\" \/>\n<meta name=\"twitter:site\" content=\"@parosrentcar\" \/>\n<meta name=\"twitter:label1\" content=\"Verfasst von\" \/>\n\t<meta name=\"twitter:data1\" content=\"admin\" \/>\n\t<meta name=\"twitter:label2\" content=\"Gesch\u00e4tzte Lesezeit\" \/>\n\t<meta name=\"twitter:data2\" content=\"2\u00a0Minuten\" \/>\n<script type=\"application\/ld+json\" class=\"yoast-schema-graph\">{\"@context\":\"https:\/\/schema.org\",\"@graph\":[{\"@type\":\"Article\",\"@id\":\"https:\/\/parosrentcar.com\/de\/entdecke-paros-mit-den-neuen-cf-450cc-kymco-mxu-450cc-quads-atvs\/#article\",\"isPartOf\":{\"@id\":\"https:\/\/parosrentcar.com\/de\/entdecke-paros-mit-den-neuen-cf-450cc-kymco-mxu-450cc-quads-atvs\/\"},\"author\":{\"name\":\"admin\",\"@id\":\"https:\/\/parosrentcar.com\/de\/#\/schema\/person\/01be574152483576849c772faae24294\"},\"headline\":\"Entdecke Paros mit den neuen CF 450cc &#038; KYMCO MXU 450cc Quads \/ ATVs!\",\"datePublished\":\"2025-03-10T05:05:58+00:00\",\"dateModified\":\"2025-03-10T05:08:51+00:00\",\"mainEntityOfPage\":{\"@id\":\"https:\/\/parosrentcar.com\/de\/entdecke-paros-mit-den-neuen-cf-450cc-kymco-mxu-450cc-quads-atvs\/\"},\"wordCount\":281,\"commentCount\":0,\"image\":{\"@id\":\"https:\/\/parosrentcar.com\/de\/entdecke-paros-mit-den-neuen-cf-450cc-kymco-mxu-450cc-quads-atvs\/#primaryimage\"},\"thumbnailUrl\":\"https:\/\/parosrentcar.com\/de\/wp-content\/uploads\/2025\/03\/kymco-450-new-parais-1000-400.jpg\",\"keywords\":[\"Atv mieten in Paros\",\"Offroad-ATV Paros\",\"Offroad-Quad Paros\",\"Quad mieten in Paros\"],\"articleSection\":[\"Atv mieten in Paros\",\"Offroad-ATV Paros\",\"Offroad-Quad Paros\",\"Quad mieten in Paros\"],\"inLanguage\":\"de\",\"potentialAction\":[{\"@type\":\"CommentAction\",\"name\":\"Comment\",\"target\":[\"https:\/\/parosrentcar.com\/de\/entdecke-paros-mit-den-neuen-cf-450cc-kymco-mxu-450cc-quads-atvs\/#respond\"]}]},{\"@type\":\"WebPage\",\"@id\":\"https:\/\/parosrentcar.com\/de\/entdecke-paros-mit-den-neuen-cf-450cc-kymco-mxu-450cc-quads-atvs\/\",\"url\":\"https:\/\/parosrentcar.com\/de\/entdecke-paros-mit-den-neuen-cf-450cc-kymco-mxu-450cc-quads-atvs\/\",\"name\":\"Quad \/ ATV mieten auf Paros \u2013 Neue CF 450cc & KYMCO MXU 450cc bei Paros European Rent\",\"isPartOf\":{\"@id\":\"https:\/\/parosrentcar.com\/de\/#website\"},\"primaryImageOfPage\":{\"@id\":\"https:\/\/parosrentcar.com\/de\/entdecke-paros-mit-den-neuen-cf-450cc-kymco-mxu-450cc-quads-atvs\/#primaryimage\"},\"image\":{\"@id\":\"https:\/\/parosrentcar.com\/de\/entdecke-paros-mit-den-neuen-cf-450cc-kymco-mxu-450cc-quads-atvs\/#primaryimage\"},\"thumbnailUrl\":\"https:\/\/parosrentcar.com\/de\/wp-content\/uploads\/2025\/03\/kymco-450-new-parais-1000-400.jpg\",\"datePublished\":\"2025-03-10T05:05:58+00:00\",\"dateModified\":\"2025-03-10T05:08:51+00:00\",\"author\":{\"@id\":\"https:\/\/parosrentcar.com\/de\/#\/schema\/person\/01be574152483576849c772faae24294\"},\"description\":\"Entdecke Paros mit den neuen CF 450cc & KYMCO MXU 450cc Quads von Paros European Rent. Komfort, Leistung und Abenteuer bei jeder Fahrt!\",\"breadcrumb\":{\"@id\":\"https:\/\/parosrentcar.com\/de\/entdecke-paros-mit-den-neuen-cf-450cc-kymco-mxu-450cc-quads-atvs\/#breadcrumb\"},\"inLanguage\":\"de\",\"potentialAction\":[{\"@type\":\"ReadAction\",\"target\":[\"https:\/\/parosrentcar.com\/de\/entdecke-paros-mit-den-neuen-cf-450cc-kymco-mxu-450cc-quads-atvs\/\"]}]},{\"@type\":\"ImageObject\",\"inLanguage\":\"de\",\"@id\":\"https:\/\/parosrentcar.com\/de\/entdecke-paros-mit-den-neuen-cf-450cc-kymco-mxu-450cc-quads-atvs\/#primaryimage\",\"url\":\"https:\/\/parosrentcar.com\/de\/wp-content\/uploads\/2025\/03\/kymco-450-new-parais-1000-400.jpg\",\"contentUrl\":\"https:\/\/parosrentcar.com\/de\/wp-content\/uploads\/2025\/03\/kymco-450-new-parais-1000-400.jpg\",\"width\":1000,\"height\":400,\"caption\":\"Neue CF 450cc & KYMCO MXU 450cc\"},{\"@type\":\"BreadcrumbList\",\"@id\":\"https:\/\/parosrentcar.com\/de\/entdecke-paros-mit-den-neuen-cf-450cc-kymco-mxu-450cc-quads-atvs\/#breadcrumb\",\"itemListElement\":[{\"@type\":\"ListItem\",\"position\":1,\"name\":\"Home\",\"item\":\"https:\/\/parosrentcar.com\/de\/\"},{\"@type\":\"ListItem\",\"position\":2,\"name\":\"Entdecke Paros mit den neuen CF 450cc &#038; KYMCO MXU 450cc Quads \/ ATVs!\"}]},{\"@type\":\"WebSite\",\"@id\":\"https:\/\/parosrentcar.com\/de\/#website\",\"url\":\"https:\/\/parosrentcar.com\/de\/\",\"name\":\"\u039cietwagen in Paros Griechenland | Autovermietung in Paros Griechenland\",\"description\":\"\u039cietwagen in Paros Griechenland\",\"potentialAction\":[{\"@type\":\"SearchAction\",\"target\":{\"@type\":\"EntryPoint\",\"urlTemplate\":\"https:\/\/parosrentcar.com\/de\/?s={search_term_string}\"},\"query-input\":{\"@type\":\"PropertyValueSpecification\",\"valueRequired\":true,\"valueName\":\"search_term_string\"}}],\"inLanguage\":\"de\"},{\"@type\":\"Person\",\"@id\":\"https:\/\/parosrentcar.com\/de\/#\/schema\/person\/01be574152483576849c772faae24294\",\"name\":\"admin\",\"image\":{\"@type\":\"ImageObject\",\"inLanguage\":\"de\",\"@id\":\"https:\/\/parosrentcar.com\/de\/#\/schema\/person\/image\/\",\"url\":\"https:\/\/secure.gravatar.com\/avatar\/e8373ef91d847108770c709f685a900c4549230f96552692edf55206b4e6cdac?s=96&d=mm&r=g\",\"contentUrl\":\"https:\/\/secure.gravatar.com\/avatar\/e8373ef91d847108770c709f685a900c4549230f96552692edf55206b4e6cdac?s=96&d=mm&r=g\",\"caption\":\"admin\"},\"url\":\"https:\/\/parosrentcar.com\/de\/author\/admin\/\"}]}<\/script>\n<!-- \/ Yoast SEO plugin. -->","yoast_head_json":{"title":"Quad \/ ATV mieten auf Paros \u2013 Neue CF 450cc & KYMCO MXU 450cc bei Paros European Rent","description":"Entdecke Paros mit den neuen CF 450cc & KYMCO MXU 450cc Quads von Paros European Rent. Komfort, Leistung und Abenteuer bei jeder Fahrt!","robots":{"index":"index","follow":"follow","max-snippet":"max-snippet:-1","max-image-preview":"max-image-preview:large","max-video-preview":"max-video-preview:-1"},"canonical":"https:\/\/parosrentcar.com\/de\/entdecke-paros-mit-den-neuen-cf-450cc-kymco-mxu-450cc-quads-atvs\/","og_locale":"de_DE","og_type":"article","og_title":"Quad \/ ATV mieten auf Paros \u2013 Neue CF 450cc & KYMCO MXU 450cc bei Paros European Rent","og_description":"Entdecke Paros mit den neuen CF 450cc & KYMCO MXU 450cc Quads von Paros European Rent. Komfort, Leistung und Abenteuer bei jeder Fahrt!","og_url":"https:\/\/parosrentcar.com\/de\/entdecke-paros-mit-den-neuen-cf-450cc-kymco-mxu-450cc-quads-atvs\/","og_site_name":"\u039cietwagen in Paros Griechenland | Autovermietung in Paros Griechenland","article_publisher":"https:\/\/www.facebook.com\/paroscarrental","article_published_time":"2025-03-10T05:05:58+00:00","article_modified_time":"2025-03-10T05:08:51+00:00","og_image":[{"width":1000,"height":400,"url":"https:\/\/parosrentcar.com\/de\/wp-content\/uploads\/2025\/03\/kymco-450-new-parais-1000-400.jpg","type":"image\/jpeg"}],"author":"admin","twitter_card":"summary_large_image","twitter_creator":"@parosrentcar","twitter_site":"@parosrentcar","twitter_misc":{"Verfasst von":"admin","Gesch\u00e4tzte Lesezeit":"2\u00a0Minuten"},"schema":{"@context":"https:\/\/schema.org","@graph":[{"@type":"Article","@id":"https:\/\/parosrentcar.com\/de\/entdecke-paros-mit-den-neuen-cf-450cc-kymco-mxu-450cc-quads-atvs\/#article","isPartOf":{"@id":"https:\/\/parosrentcar.com\/de\/entdecke-paros-mit-den-neuen-cf-450cc-kymco-mxu-450cc-quads-atvs\/"},"author":{"name":"admin","@id":"https:\/\/parosrentcar.com\/de\/#\/schema\/person\/01be574152483576849c772faae24294"},"headline":"Entdecke Paros mit den neuen CF 450cc &#038; KYMCO MXU 450cc Quads \/ ATVs!","datePublished":"2025-03-10T05:05:58+00:00","dateModified":"2025-03-10T05:08:51+00:00","mainEntityOfPage":{"@id":"https:\/\/parosrentcar.com\/de\/entdecke-paros-mit-den-neuen-cf-450cc-kymco-mxu-450cc-quads-atvs\/"},"wordCount":281,"commentCount":0,"image":{"@id":"https:\/\/parosrentcar.com\/de\/entdecke-paros-mit-den-neuen-cf-450cc-kymco-mxu-450cc-quads-atvs\/#primaryimage"},"thumbnailUrl":"https:\/\/parosrentcar.com\/de\/wp-content\/uploads\/2025\/03\/kymco-450-new-parais-1000-400.jpg","keywords":["Atv mieten in Paros","Offroad-ATV Paros","Offroad-Quad Paros","Quad mieten in Paros"],"articleSection":["Atv mieten in Paros","Offroad-ATV Paros","Offroad-Quad Paros","Quad mieten in Paros"],"inLanguage":"de","potentialAction":[{"@type":"CommentAction","name":"Comment","target":["https:\/\/parosrentcar.com\/de\/entdecke-paros-mit-den-neuen-cf-450cc-kymco-mxu-450cc-quads-atvs\/#respond"]}]},{"@type":"WebPage","@id":"https:\/\/parosrentcar.com\/de\/entdecke-paros-mit-den-neuen-cf-450cc-kymco-mxu-450cc-quads-atvs\/","url":"https:\/\/parosrentcar.com\/de\/entdecke-paros-mit-den-neuen-cf-450cc-kymco-mxu-450cc-quads-atvs\/","name":"Quad \/ ATV mieten auf Paros \u2013 Neue CF 450cc & KYMCO MXU 450cc bei Paros European Rent","isPartOf":{"@id":"https:\/\/parosrentcar.com\/de\/#website"},"primaryImageOfPage":{"@id":"https:\/\/parosrentcar.com\/de\/entdecke-paros-mit-den-neuen-cf-450cc-kymco-mxu-450cc-quads-atvs\/#primaryimage"},"image":{"@id":"https:\/\/parosrentcar.com\/de\/entdecke-paros-mit-den-neuen-cf-450cc-kymco-mxu-450cc-quads-atvs\/#primaryimage"},"thumbnailUrl":"https:\/\/parosrentcar.com\/de\/wp-content\/uploads\/2025\/03\/kymco-450-new-parais-1000-400.jpg","datePublished":"2025-03-10T05:05:58+00:00","dateModified":"2025-03-10T05:08:51+00:00","author":{"@id":"https:\/\/parosrentcar.com\/de\/#\/schema\/person\/01be574152483576849c772faae24294"},"description":"Entdecke Paros mit den neuen CF 450cc & KYMCO MXU 450cc Quads von Paros European Rent. Komfort, Leistung und Abenteuer bei jeder Fahrt!","breadcrumb":{"@id":"https:\/\/parosrentcar.com\/de\/entdecke-paros-mit-den-neuen-cf-450cc-kymco-mxu-450cc-quads-atvs\/#breadcrumb"},"inLanguage":"de","potentialAction":[{"@type":"ReadAction","target":["https:\/\/parosrentcar.com\/de\/entdecke-paros-mit-den-neuen-cf-450cc-kymco-mxu-450cc-quads-atvs\/"]}]},{"@type":"ImageObject","inLanguage":"de","@id":"https:\/\/parosrentcar.com\/de\/entdecke-paros-mit-den-neuen-cf-450cc-kymco-mxu-450cc-quads-atvs\/#primaryimage","url":"https:\/\/parosrentcar.com\/de\/wp-content\/uploads\/2025\/03\/kymco-450-new-parais-1000-400.jpg","contentUrl":"https:\/\/parosrentcar.com\/de\/wp-content\/uploads\/2025\/03\/kymco-450-new-parais-1000-400.jpg","width":1000,"height":400,"caption":"Neue CF 450cc & KYMCO MXU 450cc"},{"@type":"BreadcrumbList","@id":"https:\/\/parosrentcar.com\/de\/entdecke-paros-mit-den-neuen-cf-450cc-kymco-mxu-450cc-quads-atvs\/#breadcrumb","itemListElement":[{"@type":"ListItem","position":1,"name":"Home","item":"https:\/\/parosrentcar.com\/de\/"},{"@type":"ListItem","position":2,"name":"Entdecke Paros mit den neuen CF 450cc &#038; KYMCO MXU 450cc Quads \/ ATVs!"}]},{"@type":"WebSite","@id":"https:\/\/parosrentcar.com\/de\/#website","url":"https:\/\/parosrentcar.com\/de\/","name":"\u039cietwagen in Paros Griechenland | Autovermietung in Paros Griechenland","description":"\u039cietwagen in Paros Griechenland","potentialAction":[{"@type":"SearchAction","target":{"@type":"EntryPoint","urlTemplate":"https:\/\/parosrentcar.com\/de\/?s={search_term_string}"},"query-input":{"@type":"PropertyValueSpecification","valueRequired":true,"valueName":"search_term_string"}}],"inLanguage":"de"},{"@type":"Person","@id":"https:\/\/parosrentcar.com\/de\/#\/schema\/person\/01be574152483576849c772faae24294","name":"admin","image":{"@type":"ImageObject","inLanguage":"de","@id":"https:\/\/parosrentcar.com\/de\/#\/schema\/person\/image\/","url":"https:\/\/secure.gravatar.com\/avatar\/e8373ef91d847108770c709f685a900c4549230f96552692edf55206b4e6cdac?s=96&d=mm&r=g","contentUrl":"https:\/\/secure.gravatar.com\/avatar\/e8373ef91d847108770c709f685a900c4549230f96552692edf55206b4e6cdac?s=96&d=mm&r=g","caption":"admin"},"url":"https:\/\/parosrentcar.com\/de\/author\/admin\/"}]}},"_links":{"self":[{"href":"https:\/\/parosrentcar.com\/de\/wp-json\/wp\/v2\/posts\/35605","targetHints":{"allow":["GET"]}}],"collection":[{"href":"https:\/\/parosrentcar.com\/de\/wp-json\/wp\/v2\/posts"}],"about":[{"href":"https:\/\/parosrentcar.com\/de\/wp-json\/wp\/v2\/types\/post"}],"author":[{"embeddable":true,"href":"https:\/\/parosrentcar.com\/de\/wp-json\/wp\/v2\/users\/1"}],"replies":[{"embeddable":true,"href":"https:\/\/parosrentcar.com\/de\/wp-json\/wp\/v2\/comments?post=35605"}],"version-history":[{"count":3,"href":"https:\/\/parosrentcar.com\/de\/wp-json\/wp\/v2\/posts\/35605\/revisions"}],"predecessor-version":[{"id":35609,"href":"https:\/\/parosrentcar.com\/de\/wp-json\/wp\/v2\/posts\/35605\/revisions\/35609"}],"wp:featuredmedia":[{"embeddable":true,"href":"https:\/\/parosrentcar.com\/de\/wp-json\/wp\/v2\/media\/35606"}],"wp:attachment":[{"href":"https:\/\/parosrentcar.com\/de\/wp-json\/wp\/v2\/media?parent=35605"}],"wp:term":[{"taxonomy":"category","embeddable":true,"href":"https:\/\/parosrentcar.com\/de\/wp-json\/wp\/v2\/categories?post=35605"},{"taxonomy":"post_tag","embeddable":true,"href":"https:\/\/parosrentcar.com\/de\/wp-json\/wp\/v2\/tags?post=35605"}],"curies":[{"name":"wp","href":"https:\/\/api.w.org\/{rel}","templated":true}]}}