{"id":35535,"date":"2024-09-15T08:10:44","date_gmt":"2024-09-15T08:10:44","guid":{"rendered":"https:\/\/parosrentcar.com\/de\/?p=35535"},"modified":"2024-09-15T08:13:26","modified_gmt":"2024-09-15T08:13:26","slug":"quad-atv-verleih-auf-paros-entdecken-sie-die-insel-mit-paros-european-rent","status":"publish","type":"post","link":"https:\/\/parosrentcar.com\/de\/quad-atv-verleih-auf-paros-entdecken-sie-die-insel-mit-paros-european-rent\/","title":{"rendered":"Quad\/ATV-Verleih auf Paros: Entdecken Sie die Insel mit Paros European Rent!"},"content":{"rendered":"<p>&nbsp;<br \/>\nParos European Rent, aktiv im Bereich Quad\/ATV-Vermietung, er\u00f6ffnet neue Wege zur Erkundung von Paros. Mit neuen, automatischen <a href=\"https:\/\/parosrentcar.com\/de\/quad-buggy-vermietung-paros\/\">Quads \/ ATVs von 150cc bis 700cc<\/a> der renommierten Firma Kymco bietet sie ein einzigartiges Offroad-Fahrerlebnis.<\/p>\n<p>Quads\/ATVs sind die ideale Wahl f\u00fcr diejenigen, die Bewegungsfreiheit und Flexibilit\u00e4t bei der Erkundung der Insel suchen. Mit den zuverl\u00e4ssigen Automatikmodellen von Kymco k\u00f6nnen Sie steile Pfade erklimmen, die Sie zu Orten mit einzigartiger Aussicht f\u00fchren, oder abgelegene Str\u00e4nde erreichen, die weit vom Hauptstra\u00dfennetz entfernt sind.<\/p>\n<p>Das Unternehmen stellt Ihnen kostenlose Helme f\u00fcr Ihre Sicherheit zur Verf\u00fcgung, und unsere Preise sind transparent, ohne versteckte Kosten. Sie beinhalten 24 % Mehrwertsteuer, unbegrenzte Kilometer, Haftpflichtversicherung und einen kostenlosen Helm!<\/p>\n<p>Mit zahlreichen ausgezeichneten Bewertungen zufriedener Kunden zeichnet sich Paros European Rent durch exzellenten Service und vertrauensvolle Beziehungen aus, die seit der Gr\u00fcndung im Jahr 1989 bestehen.<\/p>\n<p>Buchen Sie jetzt online und erhalten Sie 10 % Rabatt f\u00fcr Mietzeiten von 3 bis 7 Tagen, und bei einer Miete von 8 Tagen oder mehr erhalten Sie 15 % Rabatt! Sichern Sie sich Ihre Bewegungsfreiheit und erleben Sie ein einzigartiges Abenteuer auf Paros mit den Quads\/ATVs von Paros European Rent.<\/p>\n","protected":false},"excerpt":{"rendered":"<p>Neue und sichere Quads\/ATVs zur Miete auf Paros zu den besten Marktpreisen. Quad-Verleih auf Paros. ATV-Verleih auf Paros.<\/p>\n","protected":false},"author":1,"featured_media":35536,"comment_status":"open","ping_status":"open","sticky":false,"template":"","format":"standard","meta":{"footnotes":""},"categories":[189,346,349,348,188,195],"tags":[171,347,351,350,170,179],"class_list":["post-35535","post","type-post","status-publish","format-standard","has-post-thumbnail","hentry","category-atv-mieten-in-paros","category-atv-verleih-in-paros","category-guenstiger-atv-verleih-auf-paros","category-guenstiger-quad-verleih-auf-paros","category-quad-mieten-in-paros","category-quad-verleih-in-paros","tag-atv-mieten-in-paros","tag-atv-verleih-in-paros","tag-guenstiger-atv-verleih-auf-paros","tag-guenstiger-quad-verleih-auf-paros","tag-quad-mieten-in-paros","tag-quad-verleih-in-paros"],"yoast_head":"<!-- This site is optimized with the Yoast SEO plugin v27.1.1 - https:\/\/yoast.com\/product\/yoast-seo-wordpress\/ -->\n<title>Quad\/ATV-Verleih auf Paros f\u00fcr einzigartige und angenehme Erkundungen auf Paros.<\/title>\n<meta name=\"description\" content=\"Neue und sichere Quads\/ATVs zur Miete auf Paros zu den besten Marktpreisen. Quad-Verleih auf Paros. ATV-Verleih auf Paros.\" \/>\n<meta name=\"robots\" content=\"index, follow, max-snippet:-1, max-image-preview:large, max-video-preview:-1\" \/>\n<link rel=\"canonical\" href=\"https:\/\/parosrentcar.com\/de\/quad-atv-verleih-auf-paros-entdecken-sie-die-insel-mit-paros-european-rent\/\" \/>\n<meta property=\"og:locale\" content=\"de_DE\" \/>\n<meta property=\"og:type\" content=\"article\" \/>\n<meta property=\"og:title\" content=\"Quad\/ATV-Verleih auf Paros f\u00fcr einzigartige und angenehme Erkundungen auf Paros.\" \/>\n<meta property=\"og:description\" content=\"Neue und sichere Quads\/ATVs zur Miete auf Paros zu den besten Marktpreisen. Quad-Verleih auf Paros. ATV-Verleih auf Paros.\" \/>\n<meta property=\"og:url\" content=\"https:\/\/parosrentcar.com\/de\/quad-atv-verleih-auf-paros-entdecken-sie-die-insel-mit-paros-european-rent\/\" \/>\n<meta property=\"og:site_name\" content=\"\u039cietwagen in Paros Griechenland | Autovermietung in Paros Griechenland\" \/>\n<meta property=\"article:publisher\" content=\"https:\/\/www.facebook.com\/paroscarrental\" \/>\n<meta property=\"article:published_time\" content=\"2024-09-15T08:10:44+00:00\" \/>\n<meta property=\"article:modified_time\" content=\"2024-09-15T08:13:26+00:00\" \/>\n<meta property=\"og:image\" content=\"https:\/\/parosrentcar.com\/de\/wp-content\/uploads\/2024\/09\/past-sept-parais.jpg\" \/>\n\t<meta property=\"og:image:width\" content=\"1000\" \/>\n\t<meta property=\"og:image:height\" content=\"400\" \/>\n\t<meta property=\"og:image:type\" content=\"image\/jpeg\" \/>\n<meta name=\"author\" content=\"admin\" \/>\n<meta name=\"twitter:card\" content=\"summary_large_image\" \/>\n<meta name=\"twitter:creator\" content=\"@parosrentcar\" \/>\n<meta name=\"twitter:site\" content=\"@parosrentcar\" \/>\n<meta name=\"twitter:label1\" content=\"Verfasst von\" \/>\n\t<meta name=\"twitter:data1\" content=\"admin\" \/>\n\t<meta name=\"twitter:label2\" content=\"Gesch\u00e4tzte Lesezeit\" \/>\n\t<meta name=\"twitter:data2\" content=\"2\u00a0Minuten\" \/>\n<script type=\"application\/ld+json\" class=\"yoast-schema-graph\">{\"@context\":\"https:\/\/schema.org\",\"@graph\":[{\"@type\":\"Article\",\"@id\":\"https:\/\/parosrentcar.com\/de\/quad-atv-verleih-auf-paros-entdecken-sie-die-insel-mit-paros-european-rent\/#article\",\"isPartOf\":{\"@id\":\"https:\/\/parosrentcar.com\/de\/quad-atv-verleih-auf-paros-entdecken-sie-die-insel-mit-paros-european-rent\/\"},\"author\":{\"name\":\"admin\",\"@id\":\"https:\/\/parosrentcar.com\/de\/#\/schema\/person\/01be574152483576849c772faae24294\"},\"headline\":\"Quad\/ATV-Verleih auf Paros: Entdecken Sie die Insel mit Paros European Rent!\",\"datePublished\":\"2024-09-15T08:10:44+00:00\",\"dateModified\":\"2024-09-15T08:13:26+00:00\",\"mainEntityOfPage\":{\"@id\":\"https:\/\/parosrentcar.com\/de\/quad-atv-verleih-auf-paros-entdecken-sie-die-insel-mit-paros-european-rent\/\"},\"wordCount\":204,\"commentCount\":0,\"image\":{\"@id\":\"https:\/\/parosrentcar.com\/de\/quad-atv-verleih-auf-paros-entdecken-sie-die-insel-mit-paros-european-rent\/#primaryimage\"},\"thumbnailUrl\":\"https:\/\/parosrentcar.com\/de\/wp-content\/uploads\/2024\/09\/past-sept-parais.jpg\",\"keywords\":[\"Atv mieten in Paros\",\"ATV-Verleih in Paros\",\"g\u00fcnstiger ATV-Verleih auf Paros\",\"g\u00fcnstiger Quad-Verleih auf Paros\",\"Quad mieten in Paros\",\"Quad-Verleih in Paros\"],\"articleSection\":[\"Atv mieten in Paros\",\"ATV-Verleih in Paros\",\"g\u00fcnstiger ATV-Verleih auf Paros\",\"g\u00fcnstiger Quad-Verleih auf Paros\",\"Quad mieten in Paros\",\"Quad-Verleih in Paros\"],\"inLanguage\":\"de\",\"potentialAction\":[{\"@type\":\"CommentAction\",\"name\":\"Comment\",\"target\":[\"https:\/\/parosrentcar.com\/de\/quad-atv-verleih-auf-paros-entdecken-sie-die-insel-mit-paros-european-rent\/#respond\"]}]},{\"@type\":\"WebPage\",\"@id\":\"https:\/\/parosrentcar.com\/de\/quad-atv-verleih-auf-paros-entdecken-sie-die-insel-mit-paros-european-rent\/\",\"url\":\"https:\/\/parosrentcar.com\/de\/quad-atv-verleih-auf-paros-entdecken-sie-die-insel-mit-paros-european-rent\/\",\"name\":\"Quad\/ATV-Verleih auf Paros f\u00fcr einzigartige und angenehme Erkundungen auf Paros.\",\"isPartOf\":{\"@id\":\"https:\/\/parosrentcar.com\/de\/#website\"},\"primaryImageOfPage\":{\"@id\":\"https:\/\/parosrentcar.com\/de\/quad-atv-verleih-auf-paros-entdecken-sie-die-insel-mit-paros-european-rent\/#primaryimage\"},\"image\":{\"@id\":\"https:\/\/parosrentcar.com\/de\/quad-atv-verleih-auf-paros-entdecken-sie-die-insel-mit-paros-european-rent\/#primaryimage\"},\"thumbnailUrl\":\"https:\/\/parosrentcar.com\/de\/wp-content\/uploads\/2024\/09\/past-sept-parais.jpg\",\"datePublished\":\"2024-09-15T08:10:44+00:00\",\"dateModified\":\"2024-09-15T08:13:26+00:00\",\"author\":{\"@id\":\"https:\/\/parosrentcar.com\/de\/#\/schema\/person\/01be574152483576849c772faae24294\"},\"description\":\"Neue und sichere Quads\/ATVs zur Miete auf Paros zu den besten Marktpreisen. Quad-Verleih auf Paros. ATV-Verleih auf Paros.\",\"breadcrumb\":{\"@id\":\"https:\/\/parosrentcar.com\/de\/quad-atv-verleih-auf-paros-entdecken-sie-die-insel-mit-paros-european-rent\/#breadcrumb\"},\"inLanguage\":\"de\",\"potentialAction\":[{\"@type\":\"ReadAction\",\"target\":[\"https:\/\/parosrentcar.com\/de\/quad-atv-verleih-auf-paros-entdecken-sie-die-insel-mit-paros-european-rent\/\"]}]},{\"@type\":\"ImageObject\",\"inLanguage\":\"de\",\"@id\":\"https:\/\/parosrentcar.com\/de\/quad-atv-verleih-auf-paros-entdecken-sie-die-insel-mit-paros-european-rent\/#primaryimage\",\"url\":\"https:\/\/parosrentcar.com\/de\/wp-content\/uploads\/2024\/09\/past-sept-parais.jpg\",\"contentUrl\":\"https:\/\/parosrentcar.com\/de\/wp-content\/uploads\/2024\/09\/past-sept-parais.jpg\",\"width\":1000,\"height\":400,\"caption\":\"Quad\/ATV-Verleih auf Paros\"},{\"@type\":\"BreadcrumbList\",\"@id\":\"https:\/\/parosrentcar.com\/de\/quad-atv-verleih-auf-paros-entdecken-sie-die-insel-mit-paros-european-rent\/#breadcrumb\",\"itemListElement\":[{\"@type\":\"ListItem\",\"position\":1,\"name\":\"Home\",\"item\":\"https:\/\/parosrentcar.com\/de\/\"},{\"@type\":\"ListItem\",\"position\":2,\"name\":\"Quad\/ATV-Verleih auf Paros: Entdecken Sie die Insel mit Paros European Rent!\"}]},{\"@type\":\"WebSite\",\"@id\":\"https:\/\/parosrentcar.com\/de\/#website\",\"url\":\"https:\/\/parosrentcar.com\/de\/\",\"name\":\"\u039cietwagen in Paros Griechenland | Autovermietung in Paros Griechenland\",\"description\":\"\u039cietwagen in Paros Griechenland\",\"potentialAction\":[{\"@type\":\"SearchAction\",\"target\":{\"@type\":\"EntryPoint\",\"urlTemplate\":\"https:\/\/parosrentcar.com\/de\/?s={search_term_string}\"},\"query-input\":{\"@type\":\"PropertyValueSpecification\",\"valueRequired\":true,\"valueName\":\"search_term_string\"}}],\"inLanguage\":\"de\"},{\"@type\":\"Person\",\"@id\":\"https:\/\/parosrentcar.com\/de\/#\/schema\/person\/01be574152483576849c772faae24294\",\"name\":\"admin\",\"image\":{\"@type\":\"ImageObject\",\"inLanguage\":\"de\",\"@id\":\"https:\/\/parosrentcar.com\/de\/#\/schema\/person\/image\/\",\"url\":\"https:\/\/secure.gravatar.com\/avatar\/e8373ef91d847108770c709f685a900c4549230f96552692edf55206b4e6cdac?s=96&d=mm&r=g\",\"contentUrl\":\"https:\/\/secure.gravatar.com\/avatar\/e8373ef91d847108770c709f685a900c4549230f96552692edf55206b4e6cdac?s=96&d=mm&r=g\",\"caption\":\"admin\"},\"url\":\"https:\/\/parosrentcar.com\/de\/author\/admin\/\"}]}<\/script>\n<!-- \/ Yoast SEO plugin. -->","yoast_head_json":{"title":"Quad\/ATV-Verleih auf Paros f\u00fcr einzigartige und angenehme Erkundungen auf Paros.","description":"Neue und sichere Quads\/ATVs zur Miete auf Paros zu den besten Marktpreisen. Quad-Verleih auf Paros. ATV-Verleih auf Paros.","robots":{"index":"index","follow":"follow","max-snippet":"max-snippet:-1","max-image-preview":"max-image-preview:large","max-video-preview":"max-video-preview:-1"},"canonical":"https:\/\/parosrentcar.com\/de\/quad-atv-verleih-auf-paros-entdecken-sie-die-insel-mit-paros-european-rent\/","og_locale":"de_DE","og_type":"article","og_title":"Quad\/ATV-Verleih auf Paros f\u00fcr einzigartige und angenehme Erkundungen auf Paros.","og_description":"Neue und sichere Quads\/ATVs zur Miete auf Paros zu den besten Marktpreisen. Quad-Verleih auf Paros. ATV-Verleih auf Paros.","og_url":"https:\/\/parosrentcar.com\/de\/quad-atv-verleih-auf-paros-entdecken-sie-die-insel-mit-paros-european-rent\/","og_site_name":"\u039cietwagen in Paros Griechenland | Autovermietung in Paros Griechenland","article_publisher":"https:\/\/www.facebook.com\/paroscarrental","article_published_time":"2024-09-15T08:10:44+00:00","article_modified_time":"2024-09-15T08:13:26+00:00","og_image":[{"width":1000,"height":400,"url":"https:\/\/parosrentcar.com\/de\/wp-content\/uploads\/2024\/09\/past-sept-parais.jpg","type":"image\/jpeg"}],"author":"admin","twitter_card":"summary_large_image","twitter_creator":"@parosrentcar","twitter_site":"@parosrentcar","twitter_misc":{"Verfasst von":"admin","Gesch\u00e4tzte Lesezeit":"2\u00a0Minuten"},"schema":{"@context":"https:\/\/schema.org","@graph":[{"@type":"Article","@id":"https:\/\/parosrentcar.com\/de\/quad-atv-verleih-auf-paros-entdecken-sie-die-insel-mit-paros-european-rent\/#article","isPartOf":{"@id":"https:\/\/parosrentcar.com\/de\/quad-atv-verleih-auf-paros-entdecken-sie-die-insel-mit-paros-european-rent\/"},"author":{"name":"admin","@id":"https:\/\/parosrentcar.com\/de\/#\/schema\/person\/01be574152483576849c772faae24294"},"headline":"Quad\/ATV-Verleih auf Paros: Entdecken Sie die Insel mit Paros European Rent!","datePublished":"2024-09-15T08:10:44+00:00","dateModified":"2024-09-15T08:13:26+00:00","mainEntityOfPage":{"@id":"https:\/\/parosrentcar.com\/de\/quad-atv-verleih-auf-paros-entdecken-sie-die-insel-mit-paros-european-rent\/"},"wordCount":204,"commentCount":0,"image":{"@id":"https:\/\/parosrentcar.com\/de\/quad-atv-verleih-auf-paros-entdecken-sie-die-insel-mit-paros-european-rent\/#primaryimage"},"thumbnailUrl":"https:\/\/parosrentcar.com\/de\/wp-content\/uploads\/2024\/09\/past-sept-parais.jpg","keywords":["Atv mieten in Paros","ATV-Verleih in Paros","g\u00fcnstiger ATV-Verleih auf Paros","g\u00fcnstiger Quad-Verleih auf Paros","Quad mieten in Paros","Quad-Verleih in Paros"],"articleSection":["Atv mieten in Paros","ATV-Verleih in Paros","g\u00fcnstiger ATV-Verleih auf Paros","g\u00fcnstiger Quad-Verleih auf Paros","Quad mieten in Paros","Quad-Verleih in Paros"],"inLanguage":"de","potentialAction":[{"@type":"CommentAction","name":"Comment","target":["https:\/\/parosrentcar.com\/de\/quad-atv-verleih-auf-paros-entdecken-sie-die-insel-mit-paros-european-rent\/#respond"]}]},{"@type":"WebPage","@id":"https:\/\/parosrentcar.com\/de\/quad-atv-verleih-auf-paros-entdecken-sie-die-insel-mit-paros-european-rent\/","url":"https:\/\/parosrentcar.com\/de\/quad-atv-verleih-auf-paros-entdecken-sie-die-insel-mit-paros-european-rent\/","name":"Quad\/ATV-Verleih auf Paros f\u00fcr einzigartige und angenehme Erkundungen auf Paros.","isPartOf":{"@id":"https:\/\/parosrentcar.com\/de\/#website"},"primaryImageOfPage":{"@id":"https:\/\/parosrentcar.com\/de\/quad-atv-verleih-auf-paros-entdecken-sie-die-insel-mit-paros-european-rent\/#primaryimage"},"image":{"@id":"https:\/\/parosrentcar.com\/de\/quad-atv-verleih-auf-paros-entdecken-sie-die-insel-mit-paros-european-rent\/#primaryimage"},"thumbnailUrl":"https:\/\/parosrentcar.com\/de\/wp-content\/uploads\/2024\/09\/past-sept-parais.jpg","datePublished":"2024-09-15T08:10:44+00:00","dateModified":"2024-09-15T08:13:26+00:00","author":{"@id":"https:\/\/parosrentcar.com\/de\/#\/schema\/person\/01be574152483576849c772faae24294"},"description":"Neue und sichere Quads\/ATVs zur Miete auf Paros zu den besten Marktpreisen. Quad-Verleih auf Paros. ATV-Verleih auf Paros.","breadcrumb":{"@id":"https:\/\/parosrentcar.com\/de\/quad-atv-verleih-auf-paros-entdecken-sie-die-insel-mit-paros-european-rent\/#breadcrumb"},"inLanguage":"de","potentialAction":[{"@type":"ReadAction","target":["https:\/\/parosrentcar.com\/de\/quad-atv-verleih-auf-paros-entdecken-sie-die-insel-mit-paros-european-rent\/"]}]},{"@type":"ImageObject","inLanguage":"de","@id":"https:\/\/parosrentcar.com\/de\/quad-atv-verleih-auf-paros-entdecken-sie-die-insel-mit-paros-european-rent\/#primaryimage","url":"https:\/\/parosrentcar.com\/de\/wp-content\/uploads\/2024\/09\/past-sept-parais.jpg","contentUrl":"https:\/\/parosrentcar.com\/de\/wp-content\/uploads\/2024\/09\/past-sept-parais.jpg","width":1000,"height":400,"caption":"Quad\/ATV-Verleih auf Paros"},{"@type":"BreadcrumbList","@id":"https:\/\/parosrentcar.com\/de\/quad-atv-verleih-auf-paros-entdecken-sie-die-insel-mit-paros-european-rent\/#breadcrumb","itemListElement":[{"@type":"ListItem","position":1,"name":"Home","item":"https:\/\/parosrentcar.com\/de\/"},{"@type":"ListItem","position":2,"name":"Quad\/ATV-Verleih auf Paros: Entdecken Sie die Insel mit Paros European Rent!"}]},{"@type":"WebSite","@id":"https:\/\/parosrentcar.com\/de\/#website","url":"https:\/\/parosrentcar.com\/de\/","name":"\u039cietwagen in Paros Griechenland | Autovermietung in Paros Griechenland","description":"\u039cietwagen in Paros Griechenland","potentialAction":[{"@type":"SearchAction","target":{"@type":"EntryPoint","urlTemplate":"https:\/\/parosrentcar.com\/de\/?s={search_term_string}"},"query-input":{"@type":"PropertyValueSpecification","valueRequired":true,"valueName":"search_term_string"}}],"inLanguage":"de"},{"@type":"Person","@id":"https:\/\/parosrentcar.com\/de\/#\/schema\/person\/01be574152483576849c772faae24294","name":"admin","image":{"@type":"ImageObject","inLanguage":"de","@id":"https:\/\/parosrentcar.com\/de\/#\/schema\/person\/image\/","url":"https:\/\/secure.gravatar.com\/avatar\/e8373ef91d847108770c709f685a900c4549230f96552692edf55206b4e6cdac?s=96&d=mm&r=g","contentUrl":"https:\/\/secure.gravatar.com\/avatar\/e8373ef91d847108770c709f685a900c4549230f96552692edf55206b4e6cdac?s=96&d=mm&r=g","caption":"admin"},"url":"https:\/\/parosrentcar.com\/de\/author\/admin\/"}]}},"_links":{"self":[{"href":"https:\/\/parosrentcar.com\/de\/wp-json\/wp\/v2\/posts\/35535","targetHints":{"allow":["GET"]}}],"collection":[{"href":"https:\/\/parosrentcar.com\/de\/wp-json\/wp\/v2\/posts"}],"about":[{"href":"https:\/\/parosrentcar.com\/de\/wp-json\/wp\/v2\/types\/post"}],"author":[{"embeddable":true,"href":"https:\/\/parosrentcar.com\/de\/wp-json\/wp\/v2\/users\/1"}],"replies":[{"embeddable":true,"href":"https:\/\/parosrentcar.com\/de\/wp-json\/wp\/v2\/comments?post=35535"}],"version-history":[{"count":4,"href":"https:\/\/parosrentcar.com\/de\/wp-json\/wp\/v2\/posts\/35535\/revisions"}],"predecessor-version":[{"id":35540,"href":"https:\/\/parosrentcar.com\/de\/wp-json\/wp\/v2\/posts\/35535\/revisions\/35540"}],"wp:featuredmedia":[{"embeddable":true,"href":"https:\/\/parosrentcar.com\/de\/wp-json\/wp\/v2\/media\/35536"}],"wp:attachment":[{"href":"https:\/\/parosrentcar.com\/de\/wp-json\/wp\/v2\/media?parent=35535"}],"wp:term":[{"taxonomy":"category","embeddable":true,"href":"https:\/\/parosrentcar.com\/de\/wp-json\/wp\/v2\/categories?post=35535"},{"taxonomy":"post_tag","embeddable":true,"href":"https:\/\/parosrentcar.com\/de\/wp-json\/wp\/v2\/tags?post=35535"}],"curies":[{"name":"wp","href":"https:\/\/api.w.org\/{rel}","templated":true}]}}