{"id":35396,"date":"2024-01-30T21:23:18","date_gmt":"2024-01-30T21:23:18","guid":{"rendered":"https:\/\/parosrentcar.com\/de\/?p=35396"},"modified":"2024-01-30T21:23:49","modified_gmt":"2024-01-30T21:23:49","slug":"start-der-neuen-saison-2024-autovermietungen-von-paros-european-rent-auf-paros","status":"publish","type":"post","link":"https:\/\/parosrentcar.com\/de\/start-der-neuen-saison-2024-autovermietungen-von-paros-european-rent-auf-paros\/","title":{"rendered":"Paros European Rent: \u00d6ffnen wieder am 1. April 2024 f\u00fcr unvergessliche Sommererkundungen auf Paros!"},"content":{"rendered":"<p>&nbsp;<br \/>\nMit gro\u00dfer Freude geben wir bekannt, dass unser Unternehmen, Paros European Rent, ab dem 1. April 2024 wieder zu Ihren Diensten steht. Wir sind bereit, Sie zu begr\u00fc\u00dfen und alle Ihre Bed\u00fcrfnisse f\u00fcr die Anmietung von Autos, Buggys, Quad\/ATVs, Motorr\u00e4dern oder Rollern auf der wundersch\u00f6nen Insel Paros zu erf\u00fcllen. Unser B\u00fcro befindet sich in der N\u00e4he des zentralen Hafens von Paros, in Paroikia.<\/p>\n<p>Bis zur Er\u00f6ffnung unseres physischen Gesch\u00e4fts k\u00f6nnen Sie bequem und schnell online Reservierungen \u00fcber unsere offizielle Website vornehmen: <a href=\"https:\/\/parosrentcar.com\/de\">https:\/\/parosrentcar.com<\/a>. Auch unser Kundenservice-Team steht Ihnen t\u00e4glich per E-Mail zur Verf\u00fcgung, um auf alle Fragen oder Bedenken einzugehen, die Sie haben k\u00f6nnten.<\/p>\n<p>Profitieren Sie von den aktuellen Angeboten auf unserer Website und erhalten Sie einen Rabatt von 10% f\u00fcr Mieten \u00fcber drei Tage und 15% f\u00fcr Mieten \u00fcber acht Tage. Bei Paros European Rent verpflichten wir uns, hochwertige Autovermietungsdienstleistungen anzubieten und Ihr Erlebnis auf der wundersch\u00f6nen Insel Paros noch unvergesslicher zu machen.<\/p>\n<p>Besuchen Sie unsere Website und nutzen Sie die erstaunlichen Angebote f\u00fcr eine unvergessliche Erkundung der Insel. Entdecken Sie Paros mit Komfort und Stil mit Paros European Rent!<\/p>\n","protected":false},"excerpt":{"rendered":"<p>&nbsp; Mit gro\u00dfer Freude geben wir bekannt, dass unser Unternehmen, Paros European Rent, ab dem 1. April 2024 wieder zu Ihren Diensten steht. Wir sind bereit, Sie zu begr\u00fc\u00dfen und alle Ihre Bed\u00fcrfnisse f\u00fcr die Anmietung von Autos, Buggys, Quad\/ATVs, Motorr\u00e4dern oder Rollern auf der wundersch\u00f6nen Insel Paros zu erf\u00fcllen. Unser B\u00fcro befindet sich in der N\u00e4he des zentralen Hafens von Paros, in Paroikia. Bis zur Er\u00f6ffnung unseres physischen Gesch\u00e4fts k\u00f6nnen Sie bequem und schnell online Reservierungen \u00fcber unsere offizielle Website vornehmen: https:\/\/parosrentcar.com. Auch unser Kundenservice-Team steht Ihnen t\u00e4glich per E-Mail zur Verf\u00fcgung, um auf alle Fragen oder Bedenken einzugehen, die Sie haben k\u00f6nnten. Profitieren Sie von den aktuellen Angeboten [&hellip;]<\/p>\n","protected":false},"author":1,"featured_media":35397,"comment_status":"open","ping_status":"open","sticky":false,"template":"","format":"standard","meta":{"footnotes":""},"categories":[308,101,183,310,309,175],"tags":[311,104,145,312,172],"class_list":["post-35396","post","type-post","status-publish","format-standard","has-post-thumbnail","hentry","category-atv-vermietung-auf-paros","category-autovermietung-in-paros","category-buggy-verleih-in-paros","category-buggy-vermietung-in-paros","category-quad-vermietung-auf-paros","category-rollerverleih-in-paros","tag-atv-vermietung-auf-paros","tag-autovermietung-in-paros","tag-buggy-vermietung-in-paros","tag-quad-vermietung-auf-paros","tag-rollerverleih-in-paros"],"yoast_head":"<!-- This site is optimized with the Yoast SEO plugin v27.1.1 - https:\/\/yoast.com\/product\/yoast-seo-wordpress\/ -->\n<title>Start der neuen Saison 2024 \u2013 Autovermietungen von Paros European Rent auf Paros<\/title>\n<meta name=\"description\" content=\"Ab dem 01.04. wird unser Unternehmen Paros European Rent in Paros ge\u00f6ffnet sein, um Ihnen die bestm\u00f6gliche Erfahrung in der Autovermietung zu bieten!\" \/>\n<meta name=\"robots\" content=\"index, follow, max-snippet:-1, max-image-preview:large, max-video-preview:-1\" \/>\n<link rel=\"canonical\" href=\"https:\/\/parosrentcar.com\/de\/start-der-neuen-saison-2024-autovermietungen-von-paros-european-rent-auf-paros\/\" \/>\n<meta property=\"og:locale\" content=\"de_DE\" \/>\n<meta property=\"og:type\" content=\"article\" \/>\n<meta property=\"og:title\" content=\"Start der neuen Saison 2024 \u2013 Autovermietungen von Paros European Rent auf Paros\" \/>\n<meta property=\"og:description\" content=\"Ab dem 01.04. wird unser Unternehmen Paros European Rent in Paros ge\u00f6ffnet sein, um Ihnen die bestm\u00f6gliche Erfahrung in der Autovermietung zu bieten!\" \/>\n<meta property=\"og:url\" content=\"https:\/\/parosrentcar.com\/de\/start-der-neuen-saison-2024-autovermietungen-von-paros-european-rent-auf-paros\/\" \/>\n<meta property=\"og:site_name\" content=\"\u039cietwagen in Paros Griechenland | Autovermietung in Paros Griechenland\" \/>\n<meta property=\"article:publisher\" content=\"https:\/\/www.facebook.com\/paroscarrental\" \/>\n<meta property=\"article:published_time\" content=\"2024-01-30T21:23:18+00:00\" \/>\n<meta property=\"article:modified_time\" content=\"2024-01-30T21:23:49+00:00\" \/>\n<meta property=\"og:image\" content=\"https:\/\/parosrentcar.com\/de\/wp-content\/uploads\/2024\/01\/fiat-500-logo.jpg\" \/>\n\t<meta property=\"og:image:width\" content=\"1000\" \/>\n\t<meta property=\"og:image:height\" content=\"400\" \/>\n\t<meta property=\"og:image:type\" content=\"image\/jpeg\" \/>\n<meta name=\"author\" content=\"admin\" \/>\n<meta name=\"twitter:card\" content=\"summary_large_image\" \/>\n<meta name=\"twitter:creator\" content=\"@parosrentcar\" \/>\n<meta name=\"twitter:site\" content=\"@parosrentcar\" \/>\n<meta name=\"twitter:label1\" content=\"Verfasst von\" \/>\n\t<meta name=\"twitter:data1\" content=\"admin\" \/>\n\t<meta name=\"twitter:label2\" content=\"Gesch\u00e4tzte Lesezeit\" \/>\n\t<meta name=\"twitter:data2\" content=\"2\u00a0Minuten\" \/>\n<script type=\"application\/ld+json\" class=\"yoast-schema-graph\">{\"@context\":\"https:\/\/schema.org\",\"@graph\":[{\"@type\":\"Article\",\"@id\":\"https:\/\/parosrentcar.com\/de\/start-der-neuen-saison-2024-autovermietungen-von-paros-european-rent-auf-paros\/#article\",\"isPartOf\":{\"@id\":\"https:\/\/parosrentcar.com\/de\/start-der-neuen-saison-2024-autovermietungen-von-paros-european-rent-auf-paros\/\"},\"author\":{\"name\":\"admin\",\"@id\":\"https:\/\/parosrentcar.com\/de\/#\/schema\/person\/01be574152483576849c772faae24294\"},\"headline\":\"Paros European Rent: \u00d6ffnen wieder am 1. April 2024 f\u00fcr unvergessliche Sommererkundungen auf Paros!\",\"datePublished\":\"2024-01-30T21:23:18+00:00\",\"dateModified\":\"2024-01-30T21:23:49+00:00\",\"mainEntityOfPage\":{\"@id\":\"https:\/\/parosrentcar.com\/de\/start-der-neuen-saison-2024-autovermietungen-von-paros-european-rent-auf-paros\/\"},\"wordCount\":212,\"commentCount\":0,\"image\":{\"@id\":\"https:\/\/parosrentcar.com\/de\/start-der-neuen-saison-2024-autovermietungen-von-paros-european-rent-auf-paros\/#primaryimage\"},\"thumbnailUrl\":\"https:\/\/parosrentcar.com\/de\/wp-content\/uploads\/2024\/01\/fiat-500-logo.jpg\",\"keywords\":[\"ATV-Vermietung auf Paros\",\"autovermietung in Paros\",\"Buggy vermietung in Paros\",\"Quad-Vermietung auf Paros\",\"Rollerverleih in Paros\"],\"articleSection\":[\"ATV-Vermietung auf Paros\",\"Autovermietung in Paros\",\"Buggy-Verleih in Paros\",\"Buggy-Vermietung in Paros\",\"Quad-Vermietung auf Paros\",\"Rollerverleih in Paros\"],\"inLanguage\":\"de\",\"potentialAction\":[{\"@type\":\"CommentAction\",\"name\":\"Comment\",\"target\":[\"https:\/\/parosrentcar.com\/de\/start-der-neuen-saison-2024-autovermietungen-von-paros-european-rent-auf-paros\/#respond\"]}]},{\"@type\":\"WebPage\",\"@id\":\"https:\/\/parosrentcar.com\/de\/start-der-neuen-saison-2024-autovermietungen-von-paros-european-rent-auf-paros\/\",\"url\":\"https:\/\/parosrentcar.com\/de\/start-der-neuen-saison-2024-autovermietungen-von-paros-european-rent-auf-paros\/\",\"name\":\"Start der neuen Saison 2024 \u2013 Autovermietungen von Paros European Rent auf Paros\",\"isPartOf\":{\"@id\":\"https:\/\/parosrentcar.com\/de\/#website\"},\"primaryImageOfPage\":{\"@id\":\"https:\/\/parosrentcar.com\/de\/start-der-neuen-saison-2024-autovermietungen-von-paros-european-rent-auf-paros\/#primaryimage\"},\"image\":{\"@id\":\"https:\/\/parosrentcar.com\/de\/start-der-neuen-saison-2024-autovermietungen-von-paros-european-rent-auf-paros\/#primaryimage\"},\"thumbnailUrl\":\"https:\/\/parosrentcar.com\/de\/wp-content\/uploads\/2024\/01\/fiat-500-logo.jpg\",\"datePublished\":\"2024-01-30T21:23:18+00:00\",\"dateModified\":\"2024-01-30T21:23:49+00:00\",\"author\":{\"@id\":\"https:\/\/parosrentcar.com\/de\/#\/schema\/person\/01be574152483576849c772faae24294\"},\"description\":\"Ab dem 01.04. wird unser Unternehmen Paros European Rent in Paros ge\u00f6ffnet sein, um Ihnen die bestm\u00f6gliche Erfahrung in der Autovermietung zu bieten!\",\"breadcrumb\":{\"@id\":\"https:\/\/parosrentcar.com\/de\/start-der-neuen-saison-2024-autovermietungen-von-paros-european-rent-auf-paros\/#breadcrumb\"},\"inLanguage\":\"de\",\"potentialAction\":[{\"@type\":\"ReadAction\",\"target\":[\"https:\/\/parosrentcar.com\/de\/start-der-neuen-saison-2024-autovermietungen-von-paros-european-rent-auf-paros\/\"]}]},{\"@type\":\"ImageObject\",\"inLanguage\":\"de\",\"@id\":\"https:\/\/parosrentcar.com\/de\/start-der-neuen-saison-2024-autovermietungen-von-paros-european-rent-auf-paros\/#primaryimage\",\"url\":\"https:\/\/parosrentcar.com\/de\/wp-content\/uploads\/2024\/01\/fiat-500-logo.jpg\",\"contentUrl\":\"https:\/\/parosrentcar.com\/de\/wp-content\/uploads\/2024\/01\/fiat-500-logo.jpg\",\"width\":1000,\"height\":400,\"caption\":\"Start der neuen Saison 2024\"},{\"@type\":\"BreadcrumbList\",\"@id\":\"https:\/\/parosrentcar.com\/de\/start-der-neuen-saison-2024-autovermietungen-von-paros-european-rent-auf-paros\/#breadcrumb\",\"itemListElement\":[{\"@type\":\"ListItem\",\"position\":1,\"name\":\"Home\",\"item\":\"https:\/\/parosrentcar.com\/de\/\"},{\"@type\":\"ListItem\",\"position\":2,\"name\":\"Paros European Rent: \u00d6ffnen wieder am 1. April 2024 f\u00fcr unvergessliche Sommererkundungen auf Paros!\"}]},{\"@type\":\"WebSite\",\"@id\":\"https:\/\/parosrentcar.com\/de\/#website\",\"url\":\"https:\/\/parosrentcar.com\/de\/\",\"name\":\"\u039cietwagen in Paros Griechenland | Autovermietung in Paros Griechenland\",\"description\":\"\u039cietwagen in Paros Griechenland\",\"potentialAction\":[{\"@type\":\"SearchAction\",\"target\":{\"@type\":\"EntryPoint\",\"urlTemplate\":\"https:\/\/parosrentcar.com\/de\/?s={search_term_string}\"},\"query-input\":{\"@type\":\"PropertyValueSpecification\",\"valueRequired\":true,\"valueName\":\"search_term_string\"}}],\"inLanguage\":\"de\"},{\"@type\":\"Person\",\"@id\":\"https:\/\/parosrentcar.com\/de\/#\/schema\/person\/01be574152483576849c772faae24294\",\"name\":\"admin\",\"image\":{\"@type\":\"ImageObject\",\"inLanguage\":\"de\",\"@id\":\"https:\/\/parosrentcar.com\/de\/#\/schema\/person\/image\/\",\"url\":\"https:\/\/secure.gravatar.com\/avatar\/e8373ef91d847108770c709f685a900c4549230f96552692edf55206b4e6cdac?s=96&d=mm&r=g\",\"contentUrl\":\"https:\/\/secure.gravatar.com\/avatar\/e8373ef91d847108770c709f685a900c4549230f96552692edf55206b4e6cdac?s=96&d=mm&r=g\",\"caption\":\"admin\"},\"url\":\"https:\/\/parosrentcar.com\/de\/author\/admin\/\"}]}<\/script>\n<!-- \/ Yoast SEO plugin. -->","yoast_head_json":{"title":"Start der neuen Saison 2024 \u2013 Autovermietungen von Paros European Rent auf Paros","description":"Ab dem 01.04. wird unser Unternehmen Paros European Rent in Paros ge\u00f6ffnet sein, um Ihnen die bestm\u00f6gliche Erfahrung in der Autovermietung zu bieten!","robots":{"index":"index","follow":"follow","max-snippet":"max-snippet:-1","max-image-preview":"max-image-preview:large","max-video-preview":"max-video-preview:-1"},"canonical":"https:\/\/parosrentcar.com\/de\/start-der-neuen-saison-2024-autovermietungen-von-paros-european-rent-auf-paros\/","og_locale":"de_DE","og_type":"article","og_title":"Start der neuen Saison 2024 \u2013 Autovermietungen von Paros European Rent auf Paros","og_description":"Ab dem 01.04. wird unser Unternehmen Paros European Rent in Paros ge\u00f6ffnet sein, um Ihnen die bestm\u00f6gliche Erfahrung in der Autovermietung zu bieten!","og_url":"https:\/\/parosrentcar.com\/de\/start-der-neuen-saison-2024-autovermietungen-von-paros-european-rent-auf-paros\/","og_site_name":"\u039cietwagen in Paros Griechenland | Autovermietung in Paros Griechenland","article_publisher":"https:\/\/www.facebook.com\/paroscarrental","article_published_time":"2024-01-30T21:23:18+00:00","article_modified_time":"2024-01-30T21:23:49+00:00","og_image":[{"width":1000,"height":400,"url":"https:\/\/parosrentcar.com\/de\/wp-content\/uploads\/2024\/01\/fiat-500-logo.jpg","type":"image\/jpeg"}],"author":"admin","twitter_card":"summary_large_image","twitter_creator":"@parosrentcar","twitter_site":"@parosrentcar","twitter_misc":{"Verfasst von":"admin","Gesch\u00e4tzte Lesezeit":"2\u00a0Minuten"},"schema":{"@context":"https:\/\/schema.org","@graph":[{"@type":"Article","@id":"https:\/\/parosrentcar.com\/de\/start-der-neuen-saison-2024-autovermietungen-von-paros-european-rent-auf-paros\/#article","isPartOf":{"@id":"https:\/\/parosrentcar.com\/de\/start-der-neuen-saison-2024-autovermietungen-von-paros-european-rent-auf-paros\/"},"author":{"name":"admin","@id":"https:\/\/parosrentcar.com\/de\/#\/schema\/person\/01be574152483576849c772faae24294"},"headline":"Paros European Rent: \u00d6ffnen wieder am 1. April 2024 f\u00fcr unvergessliche Sommererkundungen auf Paros!","datePublished":"2024-01-30T21:23:18+00:00","dateModified":"2024-01-30T21:23:49+00:00","mainEntityOfPage":{"@id":"https:\/\/parosrentcar.com\/de\/start-der-neuen-saison-2024-autovermietungen-von-paros-european-rent-auf-paros\/"},"wordCount":212,"commentCount":0,"image":{"@id":"https:\/\/parosrentcar.com\/de\/start-der-neuen-saison-2024-autovermietungen-von-paros-european-rent-auf-paros\/#primaryimage"},"thumbnailUrl":"https:\/\/parosrentcar.com\/de\/wp-content\/uploads\/2024\/01\/fiat-500-logo.jpg","keywords":["ATV-Vermietung auf Paros","autovermietung in Paros","Buggy vermietung in Paros","Quad-Vermietung auf Paros","Rollerverleih in Paros"],"articleSection":["ATV-Vermietung auf Paros","Autovermietung in Paros","Buggy-Verleih in Paros","Buggy-Vermietung in Paros","Quad-Vermietung auf Paros","Rollerverleih in Paros"],"inLanguage":"de","potentialAction":[{"@type":"CommentAction","name":"Comment","target":["https:\/\/parosrentcar.com\/de\/start-der-neuen-saison-2024-autovermietungen-von-paros-european-rent-auf-paros\/#respond"]}]},{"@type":"WebPage","@id":"https:\/\/parosrentcar.com\/de\/start-der-neuen-saison-2024-autovermietungen-von-paros-european-rent-auf-paros\/","url":"https:\/\/parosrentcar.com\/de\/start-der-neuen-saison-2024-autovermietungen-von-paros-european-rent-auf-paros\/","name":"Start der neuen Saison 2024 \u2013 Autovermietungen von Paros European Rent auf Paros","isPartOf":{"@id":"https:\/\/parosrentcar.com\/de\/#website"},"primaryImageOfPage":{"@id":"https:\/\/parosrentcar.com\/de\/start-der-neuen-saison-2024-autovermietungen-von-paros-european-rent-auf-paros\/#primaryimage"},"image":{"@id":"https:\/\/parosrentcar.com\/de\/start-der-neuen-saison-2024-autovermietungen-von-paros-european-rent-auf-paros\/#primaryimage"},"thumbnailUrl":"https:\/\/parosrentcar.com\/de\/wp-content\/uploads\/2024\/01\/fiat-500-logo.jpg","datePublished":"2024-01-30T21:23:18+00:00","dateModified":"2024-01-30T21:23:49+00:00","author":{"@id":"https:\/\/parosrentcar.com\/de\/#\/schema\/person\/01be574152483576849c772faae24294"},"description":"Ab dem 01.04. wird unser Unternehmen Paros European Rent in Paros ge\u00f6ffnet sein, um Ihnen die bestm\u00f6gliche Erfahrung in der Autovermietung zu bieten!","breadcrumb":{"@id":"https:\/\/parosrentcar.com\/de\/start-der-neuen-saison-2024-autovermietungen-von-paros-european-rent-auf-paros\/#breadcrumb"},"inLanguage":"de","potentialAction":[{"@type":"ReadAction","target":["https:\/\/parosrentcar.com\/de\/start-der-neuen-saison-2024-autovermietungen-von-paros-european-rent-auf-paros\/"]}]},{"@type":"ImageObject","inLanguage":"de","@id":"https:\/\/parosrentcar.com\/de\/start-der-neuen-saison-2024-autovermietungen-von-paros-european-rent-auf-paros\/#primaryimage","url":"https:\/\/parosrentcar.com\/de\/wp-content\/uploads\/2024\/01\/fiat-500-logo.jpg","contentUrl":"https:\/\/parosrentcar.com\/de\/wp-content\/uploads\/2024\/01\/fiat-500-logo.jpg","width":1000,"height":400,"caption":"Start der neuen Saison 2024"},{"@type":"BreadcrumbList","@id":"https:\/\/parosrentcar.com\/de\/start-der-neuen-saison-2024-autovermietungen-von-paros-european-rent-auf-paros\/#breadcrumb","itemListElement":[{"@type":"ListItem","position":1,"name":"Home","item":"https:\/\/parosrentcar.com\/de\/"},{"@type":"ListItem","position":2,"name":"Paros European Rent: \u00d6ffnen wieder am 1. April 2024 f\u00fcr unvergessliche Sommererkundungen auf Paros!"}]},{"@type":"WebSite","@id":"https:\/\/parosrentcar.com\/de\/#website","url":"https:\/\/parosrentcar.com\/de\/","name":"\u039cietwagen in Paros Griechenland | Autovermietung in Paros Griechenland","description":"\u039cietwagen in Paros Griechenland","potentialAction":[{"@type":"SearchAction","target":{"@type":"EntryPoint","urlTemplate":"https:\/\/parosrentcar.com\/de\/?s={search_term_string}"},"query-input":{"@type":"PropertyValueSpecification","valueRequired":true,"valueName":"search_term_string"}}],"inLanguage":"de"},{"@type":"Person","@id":"https:\/\/parosrentcar.com\/de\/#\/schema\/person\/01be574152483576849c772faae24294","name":"admin","image":{"@type":"ImageObject","inLanguage":"de","@id":"https:\/\/parosrentcar.com\/de\/#\/schema\/person\/image\/","url":"https:\/\/secure.gravatar.com\/avatar\/e8373ef91d847108770c709f685a900c4549230f96552692edf55206b4e6cdac?s=96&d=mm&r=g","contentUrl":"https:\/\/secure.gravatar.com\/avatar\/e8373ef91d847108770c709f685a900c4549230f96552692edf55206b4e6cdac?s=96&d=mm&r=g","caption":"admin"},"url":"https:\/\/parosrentcar.com\/de\/author\/admin\/"}]}},"_links":{"self":[{"href":"https:\/\/parosrentcar.com\/de\/wp-json\/wp\/v2\/posts\/35396","targetHints":{"allow":["GET"]}}],"collection":[{"href":"https:\/\/parosrentcar.com\/de\/wp-json\/wp\/v2\/posts"}],"about":[{"href":"https:\/\/parosrentcar.com\/de\/wp-json\/wp\/v2\/types\/post"}],"author":[{"embeddable":true,"href":"https:\/\/parosrentcar.com\/de\/wp-json\/wp\/v2\/users\/1"}],"replies":[{"embeddable":true,"href":"https:\/\/parosrentcar.com\/de\/wp-json\/wp\/v2\/comments?post=35396"}],"version-history":[{"count":2,"href":"https:\/\/parosrentcar.com\/de\/wp-json\/wp\/v2\/posts\/35396\/revisions"}],"predecessor-version":[{"id":35399,"href":"https:\/\/parosrentcar.com\/de\/wp-json\/wp\/v2\/posts\/35396\/revisions\/35399"}],"wp:featuredmedia":[{"embeddable":true,"href":"https:\/\/parosrentcar.com\/de\/wp-json\/wp\/v2\/media\/35397"}],"wp:attachment":[{"href":"https:\/\/parosrentcar.com\/de\/wp-json\/wp\/v2\/media?parent=35396"}],"wp:term":[{"taxonomy":"category","embeddable":true,"href":"https:\/\/parosrentcar.com\/de\/wp-json\/wp\/v2\/categories?post=35396"},{"taxonomy":"post_tag","embeddable":true,"href":"https:\/\/parosrentcar.com\/de\/wp-json\/wp\/v2\/tags?post=35396"}],"curies":[{"name":"wp","href":"https:\/\/api.w.org\/{rel}","templated":true}]}}