{"id":35387,"date":"2023-11-07T08:13:52","date_gmt":"2023-11-07T08:13:52","guid":{"rendered":"https:\/\/parosrentcar.com\/de\/?p=35387"},"modified":"2023-11-07T08:34:33","modified_gmt":"2023-11-07T08:34:33","slug":"mieten-autos-mit-7-sitzen-mini-%ce%b2us-in-paros","status":"publish","type":"post","link":"https:\/\/parosrentcar.com\/de\/mieten-autos-mit-7-sitzen-mini-%ce%b2us-in-paros\/","title":{"rendered":"\u039cieten Autos mit 7-Sitzen\/ Mini \u0392us in Paros"},"content":{"rendered":"<p>&nbsp;<br \/>\nDer Transport einer gro\u00dfen Familie oder einer gro\u00dfen Gesselschaft, die zusammen reisen wollen, ist es immer schwierig.Unsere Firma ParosEuropean Rent verf\u00fcgt \u00fcber neue Fahrzeuge, neue Mini Bus mit 7 Sitzen. So wird Ihr Transport leichter, angenehmer und sicherer.<\/p>\n<p>Ohne Zweifel, so k\u00f6nnen Sie am besten reisen , wenn Sie eine gro\u00dfe Familie oder eine gro\u00dfe Gesselschaft sind, die zusammen reisen wollen. Aber der wichtigste Grund ist die Sparsamkeit Ihres Transports, denn Sie brauchen kein anderes Auto zu mieten . Ein anderer wichtiger Vorteil des Mini Busses ist der extra gro\u00dfe Kofferraum, der erm\u00f6glicht, mehr Geb\u00e4ck , Sportausr\u00fcstung oder andere gro\u00dfe Dinge in Ihren Ferien zu transportieren.<\/p>\n<p>Zum Schluss ist dieses Fahrzeug ideal f\u00fcr Leute , die besonders gro\u00df sind, oder auf einer h\u00f6heren Position lieber fahren. Und nicht vergessen die M\u00f6glichkeit, jede Minute die ganze Familie oder die ganze Gesselschaft w\u00e4hrend der Fahrt\u00a0 zusammen zu sein und Ihre Ferien auf der tollen Insel Paros zu verbringen.<\/p>\n<p>Sie k\u00f6nnen zwischen den folgenden Mini Bus w\u00e4hlen :<\/p>\n<ul>\n<li><a href=\"https:\/\/parosrentcar.com\/de\/mietwagen-paros-griechenland\/fiat-doblo\/\" target=\"_blank\" rel=\"noopener\">Fiat Doblo 7 Sitze<\/a><\/li>\n<li><a href=\"https:\/\/parosrentcar.com\/de\/mietwagen-paros-griechenland\/peugeot-rifter\/\" target=\"_blank\" rel=\"noopener\">Peugeot Rifter 7 Sitze<\/a><\/li>\n<\/ul>\n<p>Diese Fahrzeuge sind ideal f\u00fcr eine gro\u00dfe Familie bis 7 Personen, f\u00fcr\u00a0 2 kleineren Familien oder f\u00fcr eine gro\u00dfe Gruppenfreunde. Alle Fahrzeuge in dieser Kategorie haben volle Ausr\u00fcstung , 7 autonome Sitze mit Sicherheitsgurten f\u00fcr jeden Passagier, 2 seitige schleppende T\u00fcren, damit Sie bequem ein- und aussteigen sogar moderne GPS Systeme und Bluetooth f\u00fcr eine spannende Fahrt<\/p>\n","protected":false},"excerpt":{"rendered":"<p>Verf\u00fcgen 7- Sitze Autos\/ MiniBus zu mieten in Paros, immer mit der besten qualitativen Bedienung und den besten Preisen<\/p>\n","protected":false},"author":1,"featured_media":35388,"comment_status":"open","ping_status":"open","sticky":false,"template":"","format":"standard","meta":{"footnotes":""},"categories":[307,303],"tags":[305,306],"class_list":["post-35387","post","type-post","status-publish","format-standard","has-post-thumbnail","hentry","category-ieten-autos-mit-7-sitzen-in-paros","category-ieten-mini-us-in-paros","tag-ieten-autos-mit-7-sitzen-in-paros","tag-ieten-mini-us-in-paros"],"yoast_head":"<!-- This site is optimized with the Yoast SEO plugin v27.1.1 - https:\/\/yoast.com\/product\/yoast-seo-wordpress\/ -->\n<title>Mieten 7-Sitze Fahrzeugs \/mini Bus zu mieten in paros<\/title>\n<meta name=\"description\" content=\"Verf\u00fcgen 7- Sitze Autos\/ MiniBus zu mieten in Paros, immer mit der besten qualitativen Bedienung und den besten Preisen\" \/>\n<meta name=\"robots\" content=\"index, follow, max-snippet:-1, max-image-preview:large, max-video-preview:-1\" \/>\n<link rel=\"canonical\" href=\"https:\/\/parosrentcar.com\/de\/mieten-autos-mit-7-sitzen-mini-\u03b2us-in-paros\/\" \/>\n<meta property=\"og:locale\" content=\"de_DE\" \/>\n<meta property=\"og:type\" content=\"article\" \/>\n<meta property=\"og:title\" content=\"Mieten 7-Sitze Fahrzeugs \/mini Bus zu mieten in paros\" \/>\n<meta property=\"og:description\" content=\"Verf\u00fcgen 7- Sitze Autos\/ MiniBus zu mieten in Paros, immer mit der besten qualitativen Bedienung und den besten Preisen\" \/>\n<meta property=\"og:url\" content=\"https:\/\/parosrentcar.com\/de\/mieten-autos-mit-7-sitzen-mini-\u03b2us-in-paros\/\" \/>\n<meta property=\"og:site_name\" content=\"\u039cietwagen in Paros Griechenland | Autovermietung in Paros Griechenland\" \/>\n<meta property=\"article:publisher\" content=\"https:\/\/www.facebook.com\/paroscarrental\" \/>\n<meta property=\"article:published_time\" content=\"2023-11-07T08:13:52+00:00\" \/>\n<meta property=\"article:modified_time\" content=\"2023-11-07T08:34:33+00:00\" \/>\n<meta property=\"og:image\" content=\"https:\/\/parosrentcar.com\/de\/wp-content\/uploads\/2023\/11\/fiat-doblo-1000-400.jpg\" \/>\n\t<meta property=\"og:image:width\" content=\"1000\" \/>\n\t<meta property=\"og:image:height\" content=\"400\" \/>\n\t<meta property=\"og:image:type\" content=\"image\/jpeg\" \/>\n<meta name=\"author\" content=\"admin\" \/>\n<meta name=\"twitter:card\" content=\"summary_large_image\" \/>\n<meta name=\"twitter:creator\" content=\"@parosrentcar\" \/>\n<meta name=\"twitter:site\" content=\"@parosrentcar\" \/>\n<meta name=\"twitter:label1\" content=\"Verfasst von\" \/>\n\t<meta name=\"twitter:data1\" content=\"admin\" \/>\n\t<meta name=\"twitter:label2\" content=\"Gesch\u00e4tzte Lesezeit\" \/>\n\t<meta name=\"twitter:data2\" content=\"2\u00a0Minuten\" \/>\n<script type=\"application\/ld+json\" class=\"yoast-schema-graph\">{\"@context\":\"https:\/\/schema.org\",\"@graph\":[{\"@type\":\"Article\",\"@id\":\"https:\/\/parosrentcar.com\/de\/mieten-autos-mit-7-sitzen-mini-%ce%b2us-in-paros\/#article\",\"isPartOf\":{\"@id\":\"https:\/\/parosrentcar.com\/de\/mieten-autos-mit-7-sitzen-mini-%ce%b2us-in-paros\/\"},\"author\":{\"name\":\"admin\",\"@id\":\"https:\/\/parosrentcar.com\/de\/#\/schema\/person\/01be574152483576849c772faae24294\"},\"headline\":\"\u039cieten Autos mit 7-Sitzen\/ Mini \u0392us in Paros\",\"datePublished\":\"2023-11-07T08:13:52+00:00\",\"dateModified\":\"2023-11-07T08:34:33+00:00\",\"mainEntityOfPage\":{\"@id\":\"https:\/\/parosrentcar.com\/de\/mieten-autos-mit-7-sitzen-mini-%ce%b2us-in-paros\/\"},\"wordCount\":253,\"commentCount\":0,\"image\":{\"@id\":\"https:\/\/parosrentcar.com\/de\/mieten-autos-mit-7-sitzen-mini-%ce%b2us-in-paros\/#primaryimage\"},\"thumbnailUrl\":\"https:\/\/parosrentcar.com\/de\/wp-content\/uploads\/2023\/11\/fiat-doblo-1000-400.jpg\",\"keywords\":[\"\u039cieten Autos mit 7-Sitzen in Paros\",\"\u039cieten Mini \u0392us in Paros\"],\"articleSection\":[\"\u039cieten Autos mit 7-Sitzen in Paros\",\"\u039cieten Mini \u0392us in Paros\"],\"inLanguage\":\"de\",\"potentialAction\":[{\"@type\":\"CommentAction\",\"name\":\"Comment\",\"target\":[\"https:\/\/parosrentcar.com\/de\/mieten-autos-mit-7-sitzen-mini-%ce%b2us-in-paros\/#respond\"]}]},{\"@type\":\"WebPage\",\"@id\":\"https:\/\/parosrentcar.com\/de\/mieten-autos-mit-7-sitzen-mini-%ce%b2us-in-paros\/\",\"url\":\"https:\/\/parosrentcar.com\/de\/mieten-autos-mit-7-sitzen-mini-%ce%b2us-in-paros\/\",\"name\":\"Mieten 7-Sitze Fahrzeugs \/mini Bus zu mieten in paros\",\"isPartOf\":{\"@id\":\"https:\/\/parosrentcar.com\/de\/#website\"},\"primaryImageOfPage\":{\"@id\":\"https:\/\/parosrentcar.com\/de\/mieten-autos-mit-7-sitzen-mini-%ce%b2us-in-paros\/#primaryimage\"},\"image\":{\"@id\":\"https:\/\/parosrentcar.com\/de\/mieten-autos-mit-7-sitzen-mini-%ce%b2us-in-paros\/#primaryimage\"},\"thumbnailUrl\":\"https:\/\/parosrentcar.com\/de\/wp-content\/uploads\/2023\/11\/fiat-doblo-1000-400.jpg\",\"datePublished\":\"2023-11-07T08:13:52+00:00\",\"dateModified\":\"2023-11-07T08:34:33+00:00\",\"author\":{\"@id\":\"https:\/\/parosrentcar.com\/de\/#\/schema\/person\/01be574152483576849c772faae24294\"},\"description\":\"Verf\u00fcgen 7- Sitze Autos\/ MiniBus zu mieten in Paros, immer mit der besten qualitativen Bedienung und den besten Preisen\",\"breadcrumb\":{\"@id\":\"https:\/\/parosrentcar.com\/de\/mieten-autos-mit-7-sitzen-mini-%ce%b2us-in-paros\/#breadcrumb\"},\"inLanguage\":\"de\",\"potentialAction\":[{\"@type\":\"ReadAction\",\"target\":[\"https:\/\/parosrentcar.com\/de\/mieten-autos-mit-7-sitzen-mini-%ce%b2us-in-paros\/\"]}]},{\"@type\":\"ImageObject\",\"inLanguage\":\"de\",\"@id\":\"https:\/\/parosrentcar.com\/de\/mieten-autos-mit-7-sitzen-mini-%ce%b2us-in-paros\/#primaryimage\",\"url\":\"https:\/\/parosrentcar.com\/de\/wp-content\/uploads\/2023\/11\/fiat-doblo-1000-400.jpg\",\"contentUrl\":\"https:\/\/parosrentcar.com\/de\/wp-content\/uploads\/2023\/11\/fiat-doblo-1000-400.jpg\",\"width\":1000,\"height\":400,\"caption\":\"\u039cieten Autos mit 7-Sitzen\/ Mini- \u0392us in Paros\"},{\"@type\":\"BreadcrumbList\",\"@id\":\"https:\/\/parosrentcar.com\/de\/mieten-autos-mit-7-sitzen-mini-%ce%b2us-in-paros\/#breadcrumb\",\"itemListElement\":[{\"@type\":\"ListItem\",\"position\":1,\"name\":\"Home\",\"item\":\"https:\/\/parosrentcar.com\/de\/\"},{\"@type\":\"ListItem\",\"position\":2,\"name\":\"\u039cieten Autos mit 7-Sitzen\/ Mini \u0392us in Paros\"}]},{\"@type\":\"WebSite\",\"@id\":\"https:\/\/parosrentcar.com\/de\/#website\",\"url\":\"https:\/\/parosrentcar.com\/de\/\",\"name\":\"\u039cietwagen in Paros Griechenland | Autovermietung in Paros Griechenland\",\"description\":\"\u039cietwagen in Paros Griechenland\",\"potentialAction\":[{\"@type\":\"SearchAction\",\"target\":{\"@type\":\"EntryPoint\",\"urlTemplate\":\"https:\/\/parosrentcar.com\/de\/?s={search_term_string}\"},\"query-input\":{\"@type\":\"PropertyValueSpecification\",\"valueRequired\":true,\"valueName\":\"search_term_string\"}}],\"inLanguage\":\"de\"},{\"@type\":\"Person\",\"@id\":\"https:\/\/parosrentcar.com\/de\/#\/schema\/person\/01be574152483576849c772faae24294\",\"name\":\"admin\",\"image\":{\"@type\":\"ImageObject\",\"inLanguage\":\"de\",\"@id\":\"https:\/\/parosrentcar.com\/de\/#\/schema\/person\/image\/\",\"url\":\"https:\/\/secure.gravatar.com\/avatar\/e8373ef91d847108770c709f685a900c4549230f96552692edf55206b4e6cdac?s=96&d=mm&r=g\",\"contentUrl\":\"https:\/\/secure.gravatar.com\/avatar\/e8373ef91d847108770c709f685a900c4549230f96552692edf55206b4e6cdac?s=96&d=mm&r=g\",\"caption\":\"admin\"},\"url\":\"https:\/\/parosrentcar.com\/de\/author\/admin\/\"}]}<\/script>\n<!-- \/ Yoast SEO plugin. -->","yoast_head_json":{"title":"Mieten 7-Sitze Fahrzeugs \/mini Bus zu mieten in paros","description":"Verf\u00fcgen 7- Sitze Autos\/ MiniBus zu mieten in Paros, immer mit der besten qualitativen Bedienung und den besten Preisen","robots":{"index":"index","follow":"follow","max-snippet":"max-snippet:-1","max-image-preview":"max-image-preview:large","max-video-preview":"max-video-preview:-1"},"canonical":"https:\/\/parosrentcar.com\/de\/mieten-autos-mit-7-sitzen-mini-\u03b2us-in-paros\/","og_locale":"de_DE","og_type":"article","og_title":"Mieten 7-Sitze Fahrzeugs \/mini Bus zu mieten in paros","og_description":"Verf\u00fcgen 7- Sitze Autos\/ MiniBus zu mieten in Paros, immer mit der besten qualitativen Bedienung und den besten Preisen","og_url":"https:\/\/parosrentcar.com\/de\/mieten-autos-mit-7-sitzen-mini-\u03b2us-in-paros\/","og_site_name":"\u039cietwagen in Paros Griechenland | Autovermietung in Paros Griechenland","article_publisher":"https:\/\/www.facebook.com\/paroscarrental","article_published_time":"2023-11-07T08:13:52+00:00","article_modified_time":"2023-11-07T08:34:33+00:00","og_image":[{"width":1000,"height":400,"url":"https:\/\/parosrentcar.com\/de\/wp-content\/uploads\/2023\/11\/fiat-doblo-1000-400.jpg","type":"image\/jpeg"}],"author":"admin","twitter_card":"summary_large_image","twitter_creator":"@parosrentcar","twitter_site":"@parosrentcar","twitter_misc":{"Verfasst von":"admin","Gesch\u00e4tzte Lesezeit":"2\u00a0Minuten"},"schema":{"@context":"https:\/\/schema.org","@graph":[{"@type":"Article","@id":"https:\/\/parosrentcar.com\/de\/mieten-autos-mit-7-sitzen-mini-%ce%b2us-in-paros\/#article","isPartOf":{"@id":"https:\/\/parosrentcar.com\/de\/mieten-autos-mit-7-sitzen-mini-%ce%b2us-in-paros\/"},"author":{"name":"admin","@id":"https:\/\/parosrentcar.com\/de\/#\/schema\/person\/01be574152483576849c772faae24294"},"headline":"\u039cieten Autos mit 7-Sitzen\/ Mini \u0392us in Paros","datePublished":"2023-11-07T08:13:52+00:00","dateModified":"2023-11-07T08:34:33+00:00","mainEntityOfPage":{"@id":"https:\/\/parosrentcar.com\/de\/mieten-autos-mit-7-sitzen-mini-%ce%b2us-in-paros\/"},"wordCount":253,"commentCount":0,"image":{"@id":"https:\/\/parosrentcar.com\/de\/mieten-autos-mit-7-sitzen-mini-%ce%b2us-in-paros\/#primaryimage"},"thumbnailUrl":"https:\/\/parosrentcar.com\/de\/wp-content\/uploads\/2023\/11\/fiat-doblo-1000-400.jpg","keywords":["\u039cieten Autos mit 7-Sitzen in Paros","\u039cieten Mini \u0392us in Paros"],"articleSection":["\u039cieten Autos mit 7-Sitzen in Paros","\u039cieten Mini \u0392us in Paros"],"inLanguage":"de","potentialAction":[{"@type":"CommentAction","name":"Comment","target":["https:\/\/parosrentcar.com\/de\/mieten-autos-mit-7-sitzen-mini-%ce%b2us-in-paros\/#respond"]}]},{"@type":"WebPage","@id":"https:\/\/parosrentcar.com\/de\/mieten-autos-mit-7-sitzen-mini-%ce%b2us-in-paros\/","url":"https:\/\/parosrentcar.com\/de\/mieten-autos-mit-7-sitzen-mini-%ce%b2us-in-paros\/","name":"Mieten 7-Sitze Fahrzeugs \/mini Bus zu mieten in paros","isPartOf":{"@id":"https:\/\/parosrentcar.com\/de\/#website"},"primaryImageOfPage":{"@id":"https:\/\/parosrentcar.com\/de\/mieten-autos-mit-7-sitzen-mini-%ce%b2us-in-paros\/#primaryimage"},"image":{"@id":"https:\/\/parosrentcar.com\/de\/mieten-autos-mit-7-sitzen-mini-%ce%b2us-in-paros\/#primaryimage"},"thumbnailUrl":"https:\/\/parosrentcar.com\/de\/wp-content\/uploads\/2023\/11\/fiat-doblo-1000-400.jpg","datePublished":"2023-11-07T08:13:52+00:00","dateModified":"2023-11-07T08:34:33+00:00","author":{"@id":"https:\/\/parosrentcar.com\/de\/#\/schema\/person\/01be574152483576849c772faae24294"},"description":"Verf\u00fcgen 7- Sitze Autos\/ MiniBus zu mieten in Paros, immer mit der besten qualitativen Bedienung und den besten Preisen","breadcrumb":{"@id":"https:\/\/parosrentcar.com\/de\/mieten-autos-mit-7-sitzen-mini-%ce%b2us-in-paros\/#breadcrumb"},"inLanguage":"de","potentialAction":[{"@type":"ReadAction","target":["https:\/\/parosrentcar.com\/de\/mieten-autos-mit-7-sitzen-mini-%ce%b2us-in-paros\/"]}]},{"@type":"ImageObject","inLanguage":"de","@id":"https:\/\/parosrentcar.com\/de\/mieten-autos-mit-7-sitzen-mini-%ce%b2us-in-paros\/#primaryimage","url":"https:\/\/parosrentcar.com\/de\/wp-content\/uploads\/2023\/11\/fiat-doblo-1000-400.jpg","contentUrl":"https:\/\/parosrentcar.com\/de\/wp-content\/uploads\/2023\/11\/fiat-doblo-1000-400.jpg","width":1000,"height":400,"caption":"\u039cieten Autos mit 7-Sitzen\/ Mini- \u0392us in Paros"},{"@type":"BreadcrumbList","@id":"https:\/\/parosrentcar.com\/de\/mieten-autos-mit-7-sitzen-mini-%ce%b2us-in-paros\/#breadcrumb","itemListElement":[{"@type":"ListItem","position":1,"name":"Home","item":"https:\/\/parosrentcar.com\/de\/"},{"@type":"ListItem","position":2,"name":"\u039cieten Autos mit 7-Sitzen\/ Mini \u0392us in Paros"}]},{"@type":"WebSite","@id":"https:\/\/parosrentcar.com\/de\/#website","url":"https:\/\/parosrentcar.com\/de\/","name":"\u039cietwagen in Paros Griechenland | Autovermietung in Paros Griechenland","description":"\u039cietwagen in Paros Griechenland","potentialAction":[{"@type":"SearchAction","target":{"@type":"EntryPoint","urlTemplate":"https:\/\/parosrentcar.com\/de\/?s={search_term_string}"},"query-input":{"@type":"PropertyValueSpecification","valueRequired":true,"valueName":"search_term_string"}}],"inLanguage":"de"},{"@type":"Person","@id":"https:\/\/parosrentcar.com\/de\/#\/schema\/person\/01be574152483576849c772faae24294","name":"admin","image":{"@type":"ImageObject","inLanguage":"de","@id":"https:\/\/parosrentcar.com\/de\/#\/schema\/person\/image\/","url":"https:\/\/secure.gravatar.com\/avatar\/e8373ef91d847108770c709f685a900c4549230f96552692edf55206b4e6cdac?s=96&d=mm&r=g","contentUrl":"https:\/\/secure.gravatar.com\/avatar\/e8373ef91d847108770c709f685a900c4549230f96552692edf55206b4e6cdac?s=96&d=mm&r=g","caption":"admin"},"url":"https:\/\/parosrentcar.com\/de\/author\/admin\/"}]}},"_links":{"self":[{"href":"https:\/\/parosrentcar.com\/de\/wp-json\/wp\/v2\/posts\/35387","targetHints":{"allow":["GET"]}}],"collection":[{"href":"https:\/\/parosrentcar.com\/de\/wp-json\/wp\/v2\/posts"}],"about":[{"href":"https:\/\/parosrentcar.com\/de\/wp-json\/wp\/v2\/types\/post"}],"author":[{"embeddable":true,"href":"https:\/\/parosrentcar.com\/de\/wp-json\/wp\/v2\/users\/1"}],"replies":[{"embeddable":true,"href":"https:\/\/parosrentcar.com\/de\/wp-json\/wp\/v2\/comments?post=35387"}],"version-history":[{"count":2,"href":"https:\/\/parosrentcar.com\/de\/wp-json\/wp\/v2\/posts\/35387\/revisions"}],"predecessor-version":[{"id":35390,"href":"https:\/\/parosrentcar.com\/de\/wp-json\/wp\/v2\/posts\/35387\/revisions\/35390"}],"wp:featuredmedia":[{"embeddable":true,"href":"https:\/\/parosrentcar.com\/de\/wp-json\/wp\/v2\/media\/35388"}],"wp:attachment":[{"href":"https:\/\/parosrentcar.com\/de\/wp-json\/wp\/v2\/media?parent=35387"}],"wp:term":[{"taxonomy":"category","embeddable":true,"href":"https:\/\/parosrentcar.com\/de\/wp-json\/wp\/v2\/categories?post=35387"},{"taxonomy":"post_tag","embeddable":true,"href":"https:\/\/parosrentcar.com\/de\/wp-json\/wp\/v2\/tags?post=35387"}],"curies":[{"name":"wp","href":"https:\/\/api.w.org\/{rel}","templated":true}]}}