{"id":2772,"date":"2021-08-04T05:21:33","date_gmt":"2021-08-04T05:21:33","guid":{"rendered":"https:\/\/parosrentcar.com\/de\/?p=2772"},"modified":"2021-08-04T05:42:18","modified_gmt":"2021-08-04T05:42:18","slug":"feste-in-paros","status":"publish","type":"post","link":"https:\/\/parosrentcar.com\/de\/feste-in-paros\/","title":{"rendered":"Feste in Paros"},"content":{"rendered":"<p>&nbsp;<br \/>\nDas ganze Jahr , aber besonders im Sommer, der Besucher in Paros hat die Gelegenheit mit den Einheimischen zu feiern, in einem der \u00a0vielen Stra\u00dfenfesten ,die hier stattfinden.<\/p>\n<p>Zum Feiern gibt es viele Anl\u00e4sse, besonders in einem Ort wo man die griechische Sitte und Gebr\u00e4uche in Ehren h\u00e4lt. Traditionelles Essen, Fischgerichte spielen hier eine wichtige Rolle, lokaler Wein und Musik vernetzen die Herzen der Teilnehmenden und freut sich die Seele.<\/p>\n<p>Kombinieren Sie Ihre Ferien mit den traditionellen Festen in Paros,die in verschiedenen D\u00f6rfern am See oder in den\u00a0 Bergen von\u00a0 Paros stattfinden. Um bequem zu transportieren mieten Sie ein Fahrzeug unserer Firma ParosEuropean Rent, wo Sie sich eine gro\u00dfe Auswahl von Autos ,buggy,quad-atv, Motorr\u00e4der und Scooter bei den besten Preisen auf dem Markt treffen.<\/p>\n<p>Hie finden Sie die beliebtesten Sommerfesten je nach Datum :<\/p>\n<p><strong>23. Juni<\/strong>: Das Fest von Klidona. Hier wird das Feuerfangen gefeiert, wo Blumenkr\u00e4nzen vom 1. Mai gebrannt werden und anschlie\u00dfend springen\u00a0 die Jugendlichen und die Kinder \u00fcber das Feuer. Gem\u00e4\u00df der Tradition schicken diese Spr\u00fcnge die b\u00f6sen Geisten\u00a0 weg.<\/p>\n<p><strong>30. Juni<\/strong>: Stra\u00dfenfest f\u00fcr den Feiertag im Kloster von Agioi Anargiroi in der N\u00e4he von Parikia<\/p>\n<p><strong>2. Juli<\/strong>: Au\u00dfergew\u00f6hnliche Veranstaltungen und Aktivit\u00e4ten auf dem ber\u00fchmten Fisch \u2013 und Weinfest in Naoussa<\/p>\n<p><strong>16. &#8211; 17. Juli:<\/strong> Das Fest von Agia Marina im Dorf Kostos<\/p>\n<p><strong>17. Juli<\/strong>: Wiederaufleben von Tsabouna in Naoussa<\/p>\n<p><strong>24. Juli<\/strong>: Fest von Agia Anna in Parikia<\/p>\n<p><strong>6.August<\/strong>: Fest von Sotira in Aliki und in Marpissa<\/p>\n<p><strong>15. August<\/strong>: 15. August in Paros bedeutet Panagia Ekatontapiliani. In dem heiligen Wallfahrtsort konzentrieren sich tausende Gl\u00e4ubige und sehen ergriffen die Veranstaltungen an. Nach dem Gottesdienst ,der voller Feierlichkeit ist, folgt die gro\u00dfe Parade und die Prozession der Ikone auf den Stra\u00dfen von Parikia. Am Abend werden alle Schiffe geleuchtet, die im Hafen sind und ein beeindruckender Anblick mit dutzenden bengalischem Feuer beleuchtet den Himmel. Danach folgen Veranstalungen mit traditioneller Musik und Tanz am Strand von Parikia.<\/p>\n<p><strong>23. August: <\/strong>Das Fest von Piraten wird der Jahrestag gefeiert, an dem der Pirate Barbarossa gegen Naussa im Jahr 1537 angegriffen hatte. Die M\u00e4nner des legend\u00e4ren Piraten haben die Frauen von Naussa entf\u00fchrt und die M\u00e4nner haben stark gek\u00e4mpft, sie zur\u00fcckzunehmen.<\/p>\n<p><strong>28. &#8211; 29. <\/strong><strong>August<\/strong> : Ai- Giannis Detis feiert das Kloster, das im umweltlichen \u2013 und kulturellen Park liegt, das Fest findet auch im Dorf \u00b4\u00b4 Lefkes\u00b4\u00b4 statt.<\/p>\n","protected":false},"excerpt":{"rendered":"<p>&nbsp; Das ganze Jahr , aber besonders im Sommer, der Besucher in Paros hat die Gelegenheit mit den Einheimischen zu feiern, in einem der \u00a0vielen Stra\u00dfenfesten ,die hier stattfinden. Zum Feiern gibt es viele Anl\u00e4sse, besonders in einem Ort wo man die griechische Sitte und Gebr\u00e4uche in Ehren h\u00e4lt. Traditionelles Essen, Fischgerichte spielen hier eine wichtige Rolle, lokaler Wein und Musik vernetzen die Herzen der Teilnehmenden und freut sich die Seele. Kombinieren Sie Ihre Ferien mit den traditionellen Festen in Paros,die in verschiedenen D\u00f6rfern am See oder in den\u00a0 Bergen von\u00a0 Paros stattfinden. Um bequem zu transportieren mieten Sie ein Fahrzeug unserer Firma ParosEuropean Rent, wo Sie sich eine gro\u00dfe [&hellip;]<\/p>\n","protected":false},"author":1,"featured_media":2777,"comment_status":"open","ping_status":"open","sticky":false,"template":"","format":"standard","meta":{"footnotes":""},"categories":[256,257],"tags":[258,259],"class_list":["post-2772","post","type-post","status-publish","format-standard","has-post-thumbnail","hentry","category-feste-in-paros","category-transporte-in-paros","tag-feste-in-paros","tag-transporte-in-paros"],"yoast_head":"<!-- This site is optimized with the Yoast SEO plugin v27.1.1 - https:\/\/yoast.com\/product\/yoast-seo-wordpress\/ -->\n<title>Feste in Paros - ParosEuropean Rent a Paros<\/title>\n<meta name=\"description\" content=\"Kombinieren Sie Ihre Ferien mit den traditionellen Stra\u00dfenfesten in Paros , die in allen D\u00f6rfern stattfinden. F\u00fcr bequeme und sichere Transporte mieten Sie ein Auto von ParosEuropean Rent.\" \/>\n<meta name=\"robots\" content=\"index, follow, max-snippet:-1, max-image-preview:large, max-video-preview:-1\" \/>\n<link rel=\"canonical\" href=\"https:\/\/parosrentcar.com\/de\/feste-in-paros\/\" \/>\n<meta property=\"og:locale\" content=\"de_DE\" \/>\n<meta property=\"og:type\" content=\"article\" \/>\n<meta property=\"og:title\" content=\"Feste in Paros - ParosEuropean Rent a Paros\" \/>\n<meta property=\"og:description\" content=\"Kombinieren Sie Ihre Ferien mit den traditionellen Stra\u00dfenfesten in Paros , die in allen D\u00f6rfern stattfinden. F\u00fcr bequeme und sichere Transporte mieten Sie ein Auto von ParosEuropean Rent.\" \/>\n<meta property=\"og:url\" content=\"https:\/\/parosrentcar.com\/de\/feste-in-paros\/\" \/>\n<meta property=\"og:site_name\" content=\"\u039cietwagen in Paros Griechenland | Autovermietung in Paros Griechenland\" \/>\n<meta property=\"article:publisher\" content=\"https:\/\/www.facebook.com\/paroscarrental\" \/>\n<meta property=\"article:published_time\" content=\"2021-08-04T05:21:33+00:00\" \/>\n<meta property=\"article:modified_time\" content=\"2021-08-04T05:42:18+00:00\" \/>\n<meta property=\"og:image\" content=\"https:\/\/parosrentcar.com\/de\/wp-content\/uploads\/2021\/08\/panigiria-1000-400.jpg\" \/>\n\t<meta property=\"og:image:width\" content=\"1000\" \/>\n\t<meta property=\"og:image:height\" content=\"400\" \/>\n\t<meta property=\"og:image:type\" content=\"image\/jpeg\" \/>\n<meta name=\"author\" content=\"admin\" \/>\n<meta name=\"twitter:card\" content=\"summary_large_image\" \/>\n<meta name=\"twitter:creator\" content=\"@parosrentcar\" \/>\n<meta name=\"twitter:site\" content=\"@parosrentcar\" \/>\n<meta name=\"twitter:label1\" content=\"Verfasst von\" \/>\n\t<meta name=\"twitter:data1\" content=\"admin\" \/>\n\t<meta name=\"twitter:label2\" content=\"Gesch\u00e4tzte Lesezeit\" \/>\n\t<meta name=\"twitter:data2\" content=\"2\u00a0Minuten\" \/>\n<script type=\"application\/ld+json\" class=\"yoast-schema-graph\">{\"@context\":\"https:\/\/schema.org\",\"@graph\":[{\"@type\":\"Article\",\"@id\":\"https:\/\/parosrentcar.com\/de\/feste-in-paros\/#article\",\"isPartOf\":{\"@id\":\"https:\/\/parosrentcar.com\/de\/feste-in-paros\/\"},\"author\":{\"name\":\"admin\",\"@id\":\"https:\/\/parosrentcar.com\/de\/#\/schema\/person\/01be574152483576849c772faae24294\"},\"headline\":\"Feste in Paros\",\"datePublished\":\"2021-08-04T05:21:33+00:00\",\"dateModified\":\"2021-08-04T05:42:18+00:00\",\"mainEntityOfPage\":{\"@id\":\"https:\/\/parosrentcar.com\/de\/feste-in-paros\/\"},\"wordCount\":399,\"commentCount\":0,\"image\":{\"@id\":\"https:\/\/parosrentcar.com\/de\/feste-in-paros\/#primaryimage\"},\"thumbnailUrl\":\"https:\/\/parosrentcar.com\/de\/wp-content\/uploads\/2021\/08\/panigiria-1000-400.jpg\",\"keywords\":[\"Feste in Paros\",\"Transporte in Paros\"],\"articleSection\":[\"Feste in Paros\",\"Transporte in Paros\"],\"inLanguage\":\"de\",\"potentialAction\":[{\"@type\":\"CommentAction\",\"name\":\"Comment\",\"target\":[\"https:\/\/parosrentcar.com\/de\/feste-in-paros\/#respond\"]}]},{\"@type\":\"WebPage\",\"@id\":\"https:\/\/parosrentcar.com\/de\/feste-in-paros\/\",\"url\":\"https:\/\/parosrentcar.com\/de\/feste-in-paros\/\",\"name\":\"Feste in Paros - ParosEuropean Rent a Paros\",\"isPartOf\":{\"@id\":\"https:\/\/parosrentcar.com\/de\/#website\"},\"primaryImageOfPage\":{\"@id\":\"https:\/\/parosrentcar.com\/de\/feste-in-paros\/#primaryimage\"},\"image\":{\"@id\":\"https:\/\/parosrentcar.com\/de\/feste-in-paros\/#primaryimage\"},\"thumbnailUrl\":\"https:\/\/parosrentcar.com\/de\/wp-content\/uploads\/2021\/08\/panigiria-1000-400.jpg\",\"datePublished\":\"2021-08-04T05:21:33+00:00\",\"dateModified\":\"2021-08-04T05:42:18+00:00\",\"author\":{\"@id\":\"https:\/\/parosrentcar.com\/de\/#\/schema\/person\/01be574152483576849c772faae24294\"},\"description\":\"Kombinieren Sie Ihre Ferien mit den traditionellen Stra\u00dfenfesten in Paros , die in allen D\u00f6rfern stattfinden. F\u00fcr bequeme und sichere Transporte mieten Sie ein Auto von ParosEuropean Rent.\",\"breadcrumb\":{\"@id\":\"https:\/\/parosrentcar.com\/de\/feste-in-paros\/#breadcrumb\"},\"inLanguage\":\"de\",\"potentialAction\":[{\"@type\":\"ReadAction\",\"target\":[\"https:\/\/parosrentcar.com\/de\/feste-in-paros\/\"]}]},{\"@type\":\"ImageObject\",\"inLanguage\":\"de\",\"@id\":\"https:\/\/parosrentcar.com\/de\/feste-in-paros\/#primaryimage\",\"url\":\"https:\/\/parosrentcar.com\/de\/wp-content\/uploads\/2021\/08\/panigiria-1000-400.jpg\",\"contentUrl\":\"https:\/\/parosrentcar.com\/de\/wp-content\/uploads\/2021\/08\/panigiria-1000-400.jpg\",\"width\":1000,\"height\":400,\"caption\":\"Feste in Paros\"},{\"@type\":\"BreadcrumbList\",\"@id\":\"https:\/\/parosrentcar.com\/de\/feste-in-paros\/#breadcrumb\",\"itemListElement\":[{\"@type\":\"ListItem\",\"position\":1,\"name\":\"Home\",\"item\":\"https:\/\/parosrentcar.com\/de\/\"},{\"@type\":\"ListItem\",\"position\":2,\"name\":\"Feste in Paros\"}]},{\"@type\":\"WebSite\",\"@id\":\"https:\/\/parosrentcar.com\/de\/#website\",\"url\":\"https:\/\/parosrentcar.com\/de\/\",\"name\":\"\u039cietwagen in Paros Griechenland | Autovermietung in Paros Griechenland\",\"description\":\"\u039cietwagen in Paros Griechenland\",\"potentialAction\":[{\"@type\":\"SearchAction\",\"target\":{\"@type\":\"EntryPoint\",\"urlTemplate\":\"https:\/\/parosrentcar.com\/de\/?s={search_term_string}\"},\"query-input\":{\"@type\":\"PropertyValueSpecification\",\"valueRequired\":true,\"valueName\":\"search_term_string\"}}],\"inLanguage\":\"de\"},{\"@type\":\"Person\",\"@id\":\"https:\/\/parosrentcar.com\/de\/#\/schema\/person\/01be574152483576849c772faae24294\",\"name\":\"admin\",\"image\":{\"@type\":\"ImageObject\",\"inLanguage\":\"de\",\"@id\":\"https:\/\/parosrentcar.com\/de\/#\/schema\/person\/image\/\",\"url\":\"https:\/\/secure.gravatar.com\/avatar\/e8373ef91d847108770c709f685a900c4549230f96552692edf55206b4e6cdac?s=96&d=mm&r=g\",\"contentUrl\":\"https:\/\/secure.gravatar.com\/avatar\/e8373ef91d847108770c709f685a900c4549230f96552692edf55206b4e6cdac?s=96&d=mm&r=g\",\"caption\":\"admin\"},\"url\":\"https:\/\/parosrentcar.com\/de\/author\/admin\/\"}]}<\/script>\n<!-- \/ Yoast SEO plugin. -->","yoast_head_json":{"title":"Feste in Paros - ParosEuropean Rent a Paros","description":"Kombinieren Sie Ihre Ferien mit den traditionellen Stra\u00dfenfesten in Paros , die in allen D\u00f6rfern stattfinden. F\u00fcr bequeme und sichere Transporte mieten Sie ein Auto von ParosEuropean Rent.","robots":{"index":"index","follow":"follow","max-snippet":"max-snippet:-1","max-image-preview":"max-image-preview:large","max-video-preview":"max-video-preview:-1"},"canonical":"https:\/\/parosrentcar.com\/de\/feste-in-paros\/","og_locale":"de_DE","og_type":"article","og_title":"Feste in Paros - ParosEuropean Rent a Paros","og_description":"Kombinieren Sie Ihre Ferien mit den traditionellen Stra\u00dfenfesten in Paros , die in allen D\u00f6rfern stattfinden. F\u00fcr bequeme und sichere Transporte mieten Sie ein Auto von ParosEuropean Rent.","og_url":"https:\/\/parosrentcar.com\/de\/feste-in-paros\/","og_site_name":"\u039cietwagen in Paros Griechenland | Autovermietung in Paros Griechenland","article_publisher":"https:\/\/www.facebook.com\/paroscarrental","article_published_time":"2021-08-04T05:21:33+00:00","article_modified_time":"2021-08-04T05:42:18+00:00","og_image":[{"width":1000,"height":400,"url":"https:\/\/parosrentcar.com\/de\/wp-content\/uploads\/2021\/08\/panigiria-1000-400.jpg","type":"image\/jpeg"}],"author":"admin","twitter_card":"summary_large_image","twitter_creator":"@parosrentcar","twitter_site":"@parosrentcar","twitter_misc":{"Verfasst von":"admin","Gesch\u00e4tzte Lesezeit":"2\u00a0Minuten"},"schema":{"@context":"https:\/\/schema.org","@graph":[{"@type":"Article","@id":"https:\/\/parosrentcar.com\/de\/feste-in-paros\/#article","isPartOf":{"@id":"https:\/\/parosrentcar.com\/de\/feste-in-paros\/"},"author":{"name":"admin","@id":"https:\/\/parosrentcar.com\/de\/#\/schema\/person\/01be574152483576849c772faae24294"},"headline":"Feste in Paros","datePublished":"2021-08-04T05:21:33+00:00","dateModified":"2021-08-04T05:42:18+00:00","mainEntityOfPage":{"@id":"https:\/\/parosrentcar.com\/de\/feste-in-paros\/"},"wordCount":399,"commentCount":0,"image":{"@id":"https:\/\/parosrentcar.com\/de\/feste-in-paros\/#primaryimage"},"thumbnailUrl":"https:\/\/parosrentcar.com\/de\/wp-content\/uploads\/2021\/08\/panigiria-1000-400.jpg","keywords":["Feste in Paros","Transporte in Paros"],"articleSection":["Feste in Paros","Transporte in Paros"],"inLanguage":"de","potentialAction":[{"@type":"CommentAction","name":"Comment","target":["https:\/\/parosrentcar.com\/de\/feste-in-paros\/#respond"]}]},{"@type":"WebPage","@id":"https:\/\/parosrentcar.com\/de\/feste-in-paros\/","url":"https:\/\/parosrentcar.com\/de\/feste-in-paros\/","name":"Feste in Paros - ParosEuropean Rent a Paros","isPartOf":{"@id":"https:\/\/parosrentcar.com\/de\/#website"},"primaryImageOfPage":{"@id":"https:\/\/parosrentcar.com\/de\/feste-in-paros\/#primaryimage"},"image":{"@id":"https:\/\/parosrentcar.com\/de\/feste-in-paros\/#primaryimage"},"thumbnailUrl":"https:\/\/parosrentcar.com\/de\/wp-content\/uploads\/2021\/08\/panigiria-1000-400.jpg","datePublished":"2021-08-04T05:21:33+00:00","dateModified":"2021-08-04T05:42:18+00:00","author":{"@id":"https:\/\/parosrentcar.com\/de\/#\/schema\/person\/01be574152483576849c772faae24294"},"description":"Kombinieren Sie Ihre Ferien mit den traditionellen Stra\u00dfenfesten in Paros , die in allen D\u00f6rfern stattfinden. F\u00fcr bequeme und sichere Transporte mieten Sie ein Auto von ParosEuropean Rent.","breadcrumb":{"@id":"https:\/\/parosrentcar.com\/de\/feste-in-paros\/#breadcrumb"},"inLanguage":"de","potentialAction":[{"@type":"ReadAction","target":["https:\/\/parosrentcar.com\/de\/feste-in-paros\/"]}]},{"@type":"ImageObject","inLanguage":"de","@id":"https:\/\/parosrentcar.com\/de\/feste-in-paros\/#primaryimage","url":"https:\/\/parosrentcar.com\/de\/wp-content\/uploads\/2021\/08\/panigiria-1000-400.jpg","contentUrl":"https:\/\/parosrentcar.com\/de\/wp-content\/uploads\/2021\/08\/panigiria-1000-400.jpg","width":1000,"height":400,"caption":"Feste in Paros"},{"@type":"BreadcrumbList","@id":"https:\/\/parosrentcar.com\/de\/feste-in-paros\/#breadcrumb","itemListElement":[{"@type":"ListItem","position":1,"name":"Home","item":"https:\/\/parosrentcar.com\/de\/"},{"@type":"ListItem","position":2,"name":"Feste in Paros"}]},{"@type":"WebSite","@id":"https:\/\/parosrentcar.com\/de\/#website","url":"https:\/\/parosrentcar.com\/de\/","name":"\u039cietwagen in Paros Griechenland | Autovermietung in Paros Griechenland","description":"\u039cietwagen in Paros Griechenland","potentialAction":[{"@type":"SearchAction","target":{"@type":"EntryPoint","urlTemplate":"https:\/\/parosrentcar.com\/de\/?s={search_term_string}"},"query-input":{"@type":"PropertyValueSpecification","valueRequired":true,"valueName":"search_term_string"}}],"inLanguage":"de"},{"@type":"Person","@id":"https:\/\/parosrentcar.com\/de\/#\/schema\/person\/01be574152483576849c772faae24294","name":"admin","image":{"@type":"ImageObject","inLanguage":"de","@id":"https:\/\/parosrentcar.com\/de\/#\/schema\/person\/image\/","url":"https:\/\/secure.gravatar.com\/avatar\/e8373ef91d847108770c709f685a900c4549230f96552692edf55206b4e6cdac?s=96&d=mm&r=g","contentUrl":"https:\/\/secure.gravatar.com\/avatar\/e8373ef91d847108770c709f685a900c4549230f96552692edf55206b4e6cdac?s=96&d=mm&r=g","caption":"admin"},"url":"https:\/\/parosrentcar.com\/de\/author\/admin\/"}]}},"_links":{"self":[{"href":"https:\/\/parosrentcar.com\/de\/wp-json\/wp\/v2\/posts\/2772","targetHints":{"allow":["GET"]}}],"collection":[{"href":"https:\/\/parosrentcar.com\/de\/wp-json\/wp\/v2\/posts"}],"about":[{"href":"https:\/\/parosrentcar.com\/de\/wp-json\/wp\/v2\/types\/post"}],"author":[{"embeddable":true,"href":"https:\/\/parosrentcar.com\/de\/wp-json\/wp\/v2\/users\/1"}],"replies":[{"embeddable":true,"href":"https:\/\/parosrentcar.com\/de\/wp-json\/wp\/v2\/comments?post=2772"}],"version-history":[{"count":4,"href":"https:\/\/parosrentcar.com\/de\/wp-json\/wp\/v2\/posts\/2772\/revisions"}],"predecessor-version":[{"id":2776,"href":"https:\/\/parosrentcar.com\/de\/wp-json\/wp\/v2\/posts\/2772\/revisions\/2776"}],"wp:featuredmedia":[{"embeddable":true,"href":"https:\/\/parosrentcar.com\/de\/wp-json\/wp\/v2\/media\/2777"}],"wp:attachment":[{"href":"https:\/\/parosrentcar.com\/de\/wp-json\/wp\/v2\/media?parent=2772"}],"wp:term":[{"taxonomy":"category","embeddable":true,"href":"https:\/\/parosrentcar.com\/de\/wp-json\/wp\/v2\/categories?post=2772"},{"taxonomy":"post_tag","embeddable":true,"href":"https:\/\/parosrentcar.com\/de\/wp-json\/wp\/v2\/tags?post=2772"}],"curies":[{"name":"wp","href":"https:\/\/api.w.org\/{rel}","templated":true}]}}