{"id":2496,"date":"2018-03-10T06:27:45","date_gmt":"2018-03-10T06:27:45","guid":{"rendered":"https:\/\/parosrentcar.com\/de\/?p=2496"},"modified":"2018-03-10T06:36:43","modified_gmt":"2018-03-10T06:36:43","slug":"preiswerte-autos-zu-mieten-fuer-die-osterferien-in-paros","status":"publish","type":"post","link":"https:\/\/parosrentcar.com\/de\/preiswerte-autos-zu-mieten-fuer-die-osterferien-in-paros\/","title":{"rendered":"Preiswerte Autos zu mieten f\u00fcr die Osterferien in Paros"},"content":{"rendered":"<p>Paros ist eine sehr beliebtes Ziel f\u00fcr die Osterferien. Eine malerische Insel im Zentrum von Kykladen, mit nat\u00fcrlicher Sch\u00f6nheit, traditionelle D\u00f6rfer und goldene Str\u00e4nde. Die Leiden und das Auferstehen des Christus feiert man mit Glanz und Ergreifung in allen D\u00f6rfern der Insel.<\/p>\n<p>Am\u00a0 Gr\u00fcndonnerstag kann man bei\u00a0 allen\u00a0 Kirchen und Kloster\u00a0 das Opfer von Jesus Christus miterleben.<\/p>\n<p>Am Karfreitag versammeln sich alle Besucher im Dorf Marpissa. Ein besonderer Tag f\u00fcr dieses Dorf, wo am Abend Darstellungen der Leiden von Jesus Christus stattfinden. Eine Tradition, die st\u00e4ndig vom Jahr 1924 stattfindet und es lohnt sich sie gesehen zu werden.<\/p>\n<p>Am Karsamstag besuchen die meisten Leute die Kirche Panagia Ekatontapiliani, wo in der Mitternacht das Auferstehen von Jesus Christus von einer souver\u00e4nen Atmosph\u00e4re mit Feuerwerken begleitet wird. Die Nacht wird zum Tag geworden.<\/p>\n<p>Am Ostersonntag riecht die ganze Insel nach Braten und feierliche Tische.<\/p>\n<p>Unser B\u00fcro, das in der N\u00e4he vom Hafen in Paros liegt, bietet Ihnen eine gro\u00dfe Auswahl an Autos zu vermieten, buggy, quad \u2013atv und Motorr\u00e4der, damit Sie sicher, schnell und bequem in Ihren Osterferien auf der Insel\u00a0 Paros fahren k\u00f6nnen.<\/p>\n<p>F\u00fcr Online \u2013 Buchungen w\u00e4hlen Sie das Fahrzeug , wof\u00fcr Sie sich interessieren und f\u00fcllen Sie das Formular mit Ihren pers\u00f6nlichen Daten.<\/p>\n","protected":false},"excerpt":{"rendered":"<p>Paros ist eine sehr beliebtes Ziel f\u00fcr die Osterferien. Eine malerische Insel im Zentrum von Kykladen, mit nat\u00fcrlicher Sch\u00f6nheit, traditionelle D\u00f6rfer und goldene Str\u00e4nde. Die Leiden und das Auferstehen des Christus feiert man mit Glanz und Ergreifung in allen D\u00f6rfern der Insel. Am\u00a0 Gr\u00fcndonnerstag kann man bei\u00a0 allen\u00a0 Kirchen und Kloster\u00a0 das Opfer von Jesus Christus miterleben. Am Karfreitag versammeln sich alle Besucher im Dorf Marpissa. Ein besonderer Tag f\u00fcr dieses Dorf, wo am Abend Darstellungen der Leiden von Jesus Christus stattfinden. Eine Tradition, die st\u00e4ndig vom Jahr 1924 stattfindet und es lohnt sich sie gesehen zu werden. Am Karsamstag besuchen die meisten Leute die Kirche Panagia Ekatontapiliani, wo in [&hellip;]<\/p>\n","protected":false},"author":1,"featured_media":0,"comment_status":"open","ping_status":"open","sticky":false,"template":"","format":"standard","meta":{"footnotes":""},"categories":[121,159,101,119,183,100,190,62,120,195,125,122,191],"tags":[160,108,173,103,165,192,193,179,111,194],"class_list":["post-2496","post","type-post","status-publish","format-standard","hentry","category-atv-zu-mieten-in-paros","category-auto-zu-mieten-in-paros","category-autovermietung-in-paros","category-buggy-zu-mieten-in-paros","category-buggy-verleih-in-paros","category-mietwagen-in-paros","category-oster-in-paros","category-paros-mietwagen","category-quad-zu-mieten-in-paros","category-quad-verleih-in-paros","category-quadvermietung-in-paros","category-scooter-zu-mieten-in-paros","category-sichere-autos-zu-mieten-in-paros","tag-auto-zu-mieten-in-paros","tag-buggy-zu-mieten-in-paros","tag-buggy-verleih-in-paros","tag-mietwagen-in-paros","tag-motorrad-zu-mieten-in-paros","tag-oster-in-paros","tag-quad-zu-mieten-in-paros","tag-quad-verleih-in-paros","tag-scooter-zu-mieten-in-paros","tag-sichere-autos-zu-mieten-in-paros"],"yoast_head":"<!-- This site is optimized with the Yoast SEO plugin v27.1.1 - https:\/\/yoast.com\/product\/yoast-seo-wordpress\/ -->\n<title>Preiswerte Autos zu mieten f\u00fcr die Osterferien in Paros - Mietwagen in Paros.<\/title>\n<meta name=\"description\" content=\"Angebote, um ein Auto, buggy, Quad \u2013 atv, Scooter und Motorrad f\u00fcr Ihre Osterferien in Paros zu mieten. Mietwagen in Paros. Osterferien in Paros.\" \/>\n<meta name=\"robots\" content=\"index, follow, max-snippet:-1, max-image-preview:large, max-video-preview:-1\" \/>\n<link rel=\"canonical\" href=\"https:\/\/parosrentcar.com\/de\/preiswerte-autos-zu-mieten-fuer-die-osterferien-in-paros\/\" \/>\n<meta property=\"og:locale\" content=\"de_DE\" \/>\n<meta property=\"og:type\" content=\"article\" \/>\n<meta property=\"og:title\" content=\"Preiswerte Autos zu mieten f\u00fcr die Osterferien in Paros - Mietwagen in Paros.\" \/>\n<meta property=\"og:description\" content=\"Angebote, um ein Auto, buggy, Quad \u2013 atv, Scooter und Motorrad f\u00fcr Ihre Osterferien in Paros zu mieten. Mietwagen in Paros. Osterferien in Paros.\" \/>\n<meta property=\"og:url\" content=\"https:\/\/parosrentcar.com\/de\/preiswerte-autos-zu-mieten-fuer-die-osterferien-in-paros\/\" \/>\n<meta property=\"og:site_name\" content=\"\u039cietwagen in Paros Griechenland | Autovermietung in Paros Griechenland\" \/>\n<meta property=\"article:publisher\" content=\"https:\/\/www.facebook.com\/paroscarrental\" \/>\n<meta property=\"article:published_time\" content=\"2018-03-10T06:27:45+00:00\" \/>\n<meta property=\"article:modified_time\" content=\"2018-03-10T06:36:43+00:00\" \/>\n<meta name=\"author\" content=\"admin\" \/>\n<meta name=\"twitter:card\" content=\"summary_large_image\" \/>\n<meta name=\"twitter:creator\" content=\"@parosrentcar\" \/>\n<meta name=\"twitter:site\" content=\"@parosrentcar\" \/>\n<meta name=\"twitter:label1\" content=\"Verfasst von\" \/>\n\t<meta name=\"twitter:data1\" content=\"admin\" \/>\n\t<meta name=\"twitter:label2\" content=\"Gesch\u00e4tzte Lesezeit\" \/>\n\t<meta name=\"twitter:data2\" content=\"1\u00a0Minute\" \/>\n<script type=\"application\/ld+json\" class=\"yoast-schema-graph\">{\"@context\":\"https:\/\/schema.org\",\"@graph\":[{\"@type\":\"Article\",\"@id\":\"https:\/\/parosrentcar.com\/de\/preiswerte-autos-zu-mieten-fuer-die-osterferien-in-paros\/#article\",\"isPartOf\":{\"@id\":\"https:\/\/parosrentcar.com\/de\/preiswerte-autos-zu-mieten-fuer-die-osterferien-in-paros\/\"},\"author\":{\"name\":\"admin\",\"@id\":\"https:\/\/parosrentcar.com\/de\/#\/schema\/person\/01be574152483576849c772faae24294\"},\"headline\":\"Preiswerte Autos zu mieten f\u00fcr die Osterferien in Paros\",\"datePublished\":\"2018-03-10T06:27:45+00:00\",\"dateModified\":\"2018-03-10T06:36:43+00:00\",\"mainEntityOfPage\":{\"@id\":\"https:\/\/parosrentcar.com\/de\/preiswerte-autos-zu-mieten-fuer-die-osterferien-in-paros\/\"},\"wordCount\":232,\"commentCount\":0,\"keywords\":[\"Auto zu mieten in Paros\",\"buggy zu mieten in Paros\",\"Buggy-Verleih in Paros\",\"Mietwagen in Paros\",\"Motorrad zu mieten in Paros\",\"Oster in Paros\",\"Quad zu mieten in Paros\",\"Quad-Verleih in Paros\",\"scooter zu mieten in Paros\",\"sichere Autos zu mieten in Paros\"],\"articleSection\":[\"atv zu mieten in Paros\",\"Auto zu mieten in Paros\",\"Autovermietung in Paros\",\"Buggy zu mieten in Paros\",\"Buggy-Verleih in Paros\",\"Mietwagen in Paros\",\"Oster in Paros\",\"Paros mietwagen\",\"quad zu mieten in Paros\",\"Quad-Verleih in Paros\",\"Quadvermietung in Paros\",\"scooter zu mieten in Paros\",\"sichere Autos zu mieten in Paros\"],\"inLanguage\":\"de\",\"potentialAction\":[{\"@type\":\"CommentAction\",\"name\":\"Comment\",\"target\":[\"https:\/\/parosrentcar.com\/de\/preiswerte-autos-zu-mieten-fuer-die-osterferien-in-paros\/#respond\"]}]},{\"@type\":\"WebPage\",\"@id\":\"https:\/\/parosrentcar.com\/de\/preiswerte-autos-zu-mieten-fuer-die-osterferien-in-paros\/\",\"url\":\"https:\/\/parosrentcar.com\/de\/preiswerte-autos-zu-mieten-fuer-die-osterferien-in-paros\/\",\"name\":\"Preiswerte Autos zu mieten f\u00fcr die Osterferien in Paros - Mietwagen in Paros.\",\"isPartOf\":{\"@id\":\"https:\/\/parosrentcar.com\/de\/#website\"},\"datePublished\":\"2018-03-10T06:27:45+00:00\",\"dateModified\":\"2018-03-10T06:36:43+00:00\",\"author\":{\"@id\":\"https:\/\/parosrentcar.com\/de\/#\/schema\/person\/01be574152483576849c772faae24294\"},\"description\":\"Angebote, um ein Auto, buggy, Quad \u2013 atv, Scooter und Motorrad f\u00fcr Ihre Osterferien in Paros zu mieten. Mietwagen in Paros. Osterferien in Paros.\",\"breadcrumb\":{\"@id\":\"https:\/\/parosrentcar.com\/de\/preiswerte-autos-zu-mieten-fuer-die-osterferien-in-paros\/#breadcrumb\"},\"inLanguage\":\"de\",\"potentialAction\":[{\"@type\":\"ReadAction\",\"target\":[\"https:\/\/parosrentcar.com\/de\/preiswerte-autos-zu-mieten-fuer-die-osterferien-in-paros\/\"]}]},{\"@type\":\"BreadcrumbList\",\"@id\":\"https:\/\/parosrentcar.com\/de\/preiswerte-autos-zu-mieten-fuer-die-osterferien-in-paros\/#breadcrumb\",\"itemListElement\":[{\"@type\":\"ListItem\",\"position\":1,\"name\":\"Home\",\"item\":\"https:\/\/parosrentcar.com\/de\/\"},{\"@type\":\"ListItem\",\"position\":2,\"name\":\"Preiswerte Autos zu mieten f\u00fcr die Osterferien in Paros\"}]},{\"@type\":\"WebSite\",\"@id\":\"https:\/\/parosrentcar.com\/de\/#website\",\"url\":\"https:\/\/parosrentcar.com\/de\/\",\"name\":\"\u039cietwagen in Paros Griechenland | Autovermietung in Paros Griechenland\",\"description\":\"\u039cietwagen in Paros Griechenland\",\"potentialAction\":[{\"@type\":\"SearchAction\",\"target\":{\"@type\":\"EntryPoint\",\"urlTemplate\":\"https:\/\/parosrentcar.com\/de\/?s={search_term_string}\"},\"query-input\":{\"@type\":\"PropertyValueSpecification\",\"valueRequired\":true,\"valueName\":\"search_term_string\"}}],\"inLanguage\":\"de\"},{\"@type\":\"Person\",\"@id\":\"https:\/\/parosrentcar.com\/de\/#\/schema\/person\/01be574152483576849c772faae24294\",\"name\":\"admin\",\"image\":{\"@type\":\"ImageObject\",\"inLanguage\":\"de\",\"@id\":\"https:\/\/parosrentcar.com\/de\/#\/schema\/person\/image\/\",\"url\":\"https:\/\/secure.gravatar.com\/avatar\/e8373ef91d847108770c709f685a900c4549230f96552692edf55206b4e6cdac?s=96&d=mm&r=g\",\"contentUrl\":\"https:\/\/secure.gravatar.com\/avatar\/e8373ef91d847108770c709f685a900c4549230f96552692edf55206b4e6cdac?s=96&d=mm&r=g\",\"caption\":\"admin\"},\"url\":\"https:\/\/parosrentcar.com\/de\/author\/admin\/\"}]}<\/script>\n<!-- \/ Yoast SEO plugin. -->","yoast_head_json":{"title":"Preiswerte Autos zu mieten f\u00fcr die Osterferien in Paros - Mietwagen in Paros.","description":"Angebote, um ein Auto, buggy, Quad \u2013 atv, Scooter und Motorrad f\u00fcr Ihre Osterferien in Paros zu mieten. Mietwagen in Paros. Osterferien in Paros.","robots":{"index":"index","follow":"follow","max-snippet":"max-snippet:-1","max-image-preview":"max-image-preview:large","max-video-preview":"max-video-preview:-1"},"canonical":"https:\/\/parosrentcar.com\/de\/preiswerte-autos-zu-mieten-fuer-die-osterferien-in-paros\/","og_locale":"de_DE","og_type":"article","og_title":"Preiswerte Autos zu mieten f\u00fcr die Osterferien in Paros - Mietwagen in Paros.","og_description":"Angebote, um ein Auto, buggy, Quad \u2013 atv, Scooter und Motorrad f\u00fcr Ihre Osterferien in Paros zu mieten. Mietwagen in Paros. Osterferien in Paros.","og_url":"https:\/\/parosrentcar.com\/de\/preiswerte-autos-zu-mieten-fuer-die-osterferien-in-paros\/","og_site_name":"\u039cietwagen in Paros Griechenland | Autovermietung in Paros Griechenland","article_publisher":"https:\/\/www.facebook.com\/paroscarrental","article_published_time":"2018-03-10T06:27:45+00:00","article_modified_time":"2018-03-10T06:36:43+00:00","author":"admin","twitter_card":"summary_large_image","twitter_creator":"@parosrentcar","twitter_site":"@parosrentcar","twitter_misc":{"Verfasst von":"admin","Gesch\u00e4tzte Lesezeit":"1\u00a0Minute"},"schema":{"@context":"https:\/\/schema.org","@graph":[{"@type":"Article","@id":"https:\/\/parosrentcar.com\/de\/preiswerte-autos-zu-mieten-fuer-die-osterferien-in-paros\/#article","isPartOf":{"@id":"https:\/\/parosrentcar.com\/de\/preiswerte-autos-zu-mieten-fuer-die-osterferien-in-paros\/"},"author":{"name":"admin","@id":"https:\/\/parosrentcar.com\/de\/#\/schema\/person\/01be574152483576849c772faae24294"},"headline":"Preiswerte Autos zu mieten f\u00fcr die Osterferien in Paros","datePublished":"2018-03-10T06:27:45+00:00","dateModified":"2018-03-10T06:36:43+00:00","mainEntityOfPage":{"@id":"https:\/\/parosrentcar.com\/de\/preiswerte-autos-zu-mieten-fuer-die-osterferien-in-paros\/"},"wordCount":232,"commentCount":0,"keywords":["Auto zu mieten in Paros","buggy zu mieten in Paros","Buggy-Verleih in Paros","Mietwagen in Paros","Motorrad zu mieten in Paros","Oster in Paros","Quad zu mieten in Paros","Quad-Verleih in Paros","scooter zu mieten in Paros","sichere Autos zu mieten in Paros"],"articleSection":["atv zu mieten in Paros","Auto zu mieten in Paros","Autovermietung in Paros","Buggy zu mieten in Paros","Buggy-Verleih in Paros","Mietwagen in Paros","Oster in Paros","Paros mietwagen","quad zu mieten in Paros","Quad-Verleih in Paros","Quadvermietung in Paros","scooter zu mieten in Paros","sichere Autos zu mieten in Paros"],"inLanguage":"de","potentialAction":[{"@type":"CommentAction","name":"Comment","target":["https:\/\/parosrentcar.com\/de\/preiswerte-autos-zu-mieten-fuer-die-osterferien-in-paros\/#respond"]}]},{"@type":"WebPage","@id":"https:\/\/parosrentcar.com\/de\/preiswerte-autos-zu-mieten-fuer-die-osterferien-in-paros\/","url":"https:\/\/parosrentcar.com\/de\/preiswerte-autos-zu-mieten-fuer-die-osterferien-in-paros\/","name":"Preiswerte Autos zu mieten f\u00fcr die Osterferien in Paros - Mietwagen in Paros.","isPartOf":{"@id":"https:\/\/parosrentcar.com\/de\/#website"},"datePublished":"2018-03-10T06:27:45+00:00","dateModified":"2018-03-10T06:36:43+00:00","author":{"@id":"https:\/\/parosrentcar.com\/de\/#\/schema\/person\/01be574152483576849c772faae24294"},"description":"Angebote, um ein Auto, buggy, Quad \u2013 atv, Scooter und Motorrad f\u00fcr Ihre Osterferien in Paros zu mieten. Mietwagen in Paros. Osterferien in Paros.","breadcrumb":{"@id":"https:\/\/parosrentcar.com\/de\/preiswerte-autos-zu-mieten-fuer-die-osterferien-in-paros\/#breadcrumb"},"inLanguage":"de","potentialAction":[{"@type":"ReadAction","target":["https:\/\/parosrentcar.com\/de\/preiswerte-autos-zu-mieten-fuer-die-osterferien-in-paros\/"]}]},{"@type":"BreadcrumbList","@id":"https:\/\/parosrentcar.com\/de\/preiswerte-autos-zu-mieten-fuer-die-osterferien-in-paros\/#breadcrumb","itemListElement":[{"@type":"ListItem","position":1,"name":"Home","item":"https:\/\/parosrentcar.com\/de\/"},{"@type":"ListItem","position":2,"name":"Preiswerte Autos zu mieten f\u00fcr die Osterferien in Paros"}]},{"@type":"WebSite","@id":"https:\/\/parosrentcar.com\/de\/#website","url":"https:\/\/parosrentcar.com\/de\/","name":"\u039cietwagen in Paros Griechenland | Autovermietung in Paros Griechenland","description":"\u039cietwagen in Paros Griechenland","potentialAction":[{"@type":"SearchAction","target":{"@type":"EntryPoint","urlTemplate":"https:\/\/parosrentcar.com\/de\/?s={search_term_string}"},"query-input":{"@type":"PropertyValueSpecification","valueRequired":true,"valueName":"search_term_string"}}],"inLanguage":"de"},{"@type":"Person","@id":"https:\/\/parosrentcar.com\/de\/#\/schema\/person\/01be574152483576849c772faae24294","name":"admin","image":{"@type":"ImageObject","inLanguage":"de","@id":"https:\/\/parosrentcar.com\/de\/#\/schema\/person\/image\/","url":"https:\/\/secure.gravatar.com\/avatar\/e8373ef91d847108770c709f685a900c4549230f96552692edf55206b4e6cdac?s=96&d=mm&r=g","contentUrl":"https:\/\/secure.gravatar.com\/avatar\/e8373ef91d847108770c709f685a900c4549230f96552692edf55206b4e6cdac?s=96&d=mm&r=g","caption":"admin"},"url":"https:\/\/parosrentcar.com\/de\/author\/admin\/"}]}},"_links":{"self":[{"href":"https:\/\/parosrentcar.com\/de\/wp-json\/wp\/v2\/posts\/2496","targetHints":{"allow":["GET"]}}],"collection":[{"href":"https:\/\/parosrentcar.com\/de\/wp-json\/wp\/v2\/posts"}],"about":[{"href":"https:\/\/parosrentcar.com\/de\/wp-json\/wp\/v2\/types\/post"}],"author":[{"embeddable":true,"href":"https:\/\/parosrentcar.com\/de\/wp-json\/wp\/v2\/users\/1"}],"replies":[{"embeddable":true,"href":"https:\/\/parosrentcar.com\/de\/wp-json\/wp\/v2\/comments?post=2496"}],"version-history":[{"count":1,"href":"https:\/\/parosrentcar.com\/de\/wp-json\/wp\/v2\/posts\/2496\/revisions"}],"predecessor-version":[{"id":2497,"href":"https:\/\/parosrentcar.com\/de\/wp-json\/wp\/v2\/posts\/2496\/revisions\/2497"}],"wp:attachment":[{"href":"https:\/\/parosrentcar.com\/de\/wp-json\/wp\/v2\/media?parent=2496"}],"wp:term":[{"taxonomy":"category","embeddable":true,"href":"https:\/\/parosrentcar.com\/de\/wp-json\/wp\/v2\/categories?post=2496"},{"taxonomy":"post_tag","embeddable":true,"href":"https:\/\/parosrentcar.com\/de\/wp-json\/wp\/v2\/tags?post=2496"}],"curies":[{"name":"wp","href":"https:\/\/api.w.org\/{rel}","templated":true}]}}