{"id":2173,"date":"2015-12-20T07:20:16","date_gmt":"2015-12-20T07:20:16","guid":{"rendered":"http:\/\/parosrentcar.com\/de\/?p=2173"},"modified":"2016-01-16T16:40:19","modified_gmt":"2016-01-16T16:40:19","slug":"fahrrad-zu-vermieten-in-paros","status":"publish","type":"post","link":"https:\/\/parosrentcar.com\/de\/fahrrad-zu-vermieten-in-paros\/","title":{"rendered":"Fahrrad zu  vermieten  in Paros"},"content":{"rendered":"<p>In unserer Firma k\u00f6nnen Sie eine gro\u00dfe Vielfalt von Fahrr\u00e4dern GT und Merida zur Vermietung, immer in den besten Preisen! Mieten Sie ein Fahrrad von ParosEuropeanRent in Paros und kombinieren Sie Sport und Transport.<\/p>\n<p>Fahrr\u00e4der, die Sie vermieten k\u00f6nnen:<\/p>\n<ul>\n<li><a href=\"\/de\/fahrrader-vermietung-paros\/merida\/\" target=\"_blank\">Merida<\/a><\/li>\n<li><a href=\"\/de\/fahrrader-vermietung-paros\/gt\/\" target=\"_blank\">GT<\/a><\/li>\n<\/ul>\n<p>F\u00fcr online \u2013 Buchungen w\u00e4hlen Sie das Fahrrad, wof\u00fcr Sie sich interessieren und f\u00fcllen Sie das Buchungsformular mit Ihren Daten aus.<\/p>\n<p><strong>Unsere Preise sind ohne geheime Belastungen und enthalten<\/strong>: 16 % Mehrwertsteuer \u2013 Unbegrenzte Kilometer- Versicherung\u00a0 \u2013 \u00a0Helm!<\/p>\n","protected":false},"excerpt":{"rendered":"<p>In unserer Firma k\u00f6nnen Sie eine gro\u00dfe Vielfalt von Fahrr\u00e4dern GT und Merida zur Vermietung, immer in den besten Preisen! Mieten Sie ein Fahrrad von ParosEuropeanRent in Paros und kombinieren Sie Sport und Transport. Fahrr\u00e4der, die Sie vermieten k\u00f6nnen: Merida GT F\u00fcr online \u2013 Buchungen w\u00e4hlen Sie das Fahrrad, wof\u00fcr Sie sich interessieren und f\u00fcllen Sie das Buchungsformular mit Ihren Daten aus. Unsere Preise sind ohne geheime Belastungen und enthalten: 16 % Mehrwertsteuer \u2013 Unbegrenzte Kilometer- Versicherung\u00a0 \u2013 \u00a0Helm!<\/p>\n","protected":false},"author":1,"featured_media":0,"comment_status":"open","ping_status":"open","sticky":false,"template":"","format":"standard","meta":{"footnotes":""},"categories":[52,53,54],"tags":[55,56,57],"class_list":["post-2173","post","type-post","status-publish","format-standard","hentry","category-paros-fahrraeder","category-paros-fahrraeder-zu-vermieten","category-paros-fahrraeder-zur-vermietung","tag-paros-fahrraeder","tag-paros-fahrraeder-zu-vermieten","tag-paros-fahrraeder-zur-vermietung"],"yoast_head":"<!-- This site is optimized with the Yoast SEO plugin v27.1.1 - https:\/\/yoast.com\/product\/yoast-seo-wordpress\/ -->\n<title>Fahrrad zu vermieten in Paros<\/title>\n<meta name=\"description\" content=\"Wir haben GT und Merida Fahrr\u00e4der zur Vermietung in Paros. Vermieten Sie ein Fahrrad und kombinieren Sport und Transport.\" \/>\n<meta name=\"robots\" content=\"index, follow, max-snippet:-1, max-image-preview:large, max-video-preview:-1\" \/>\n<link rel=\"canonical\" href=\"https:\/\/parosrentcar.com\/de\/fahrrad-zu-vermieten-in-paros\/\" \/>\n<meta property=\"og:locale\" content=\"de_DE\" \/>\n<meta property=\"og:type\" content=\"article\" \/>\n<meta property=\"og:title\" content=\"Fahrrad zu vermieten in Paros\" \/>\n<meta property=\"og:description\" content=\"Wir haben GT und Merida Fahrr\u00e4der zur Vermietung in Paros. Vermieten Sie ein Fahrrad und kombinieren Sport und Transport.\" \/>\n<meta property=\"og:url\" content=\"https:\/\/parosrentcar.com\/de\/fahrrad-zu-vermieten-in-paros\/\" \/>\n<meta property=\"og:site_name\" content=\"\u039cietwagen in Paros Griechenland | Autovermietung in Paros Griechenland\" \/>\n<meta property=\"article:publisher\" content=\"https:\/\/www.facebook.com\/paroscarrental\" \/>\n<meta property=\"article:published_time\" content=\"2015-12-20T07:20:16+00:00\" \/>\n<meta property=\"article:modified_time\" content=\"2016-01-16T16:40:19+00:00\" \/>\n<meta name=\"author\" content=\"admin\" \/>\n<meta name=\"twitter:card\" content=\"summary_large_image\" \/>\n<meta name=\"twitter:creator\" content=\"@parosrentcar\" \/>\n<meta name=\"twitter:site\" content=\"@parosrentcar\" \/>\n<meta name=\"twitter:label1\" content=\"Verfasst von\" \/>\n\t<meta name=\"twitter:data1\" content=\"admin\" \/>\n<script type=\"application\/ld+json\" class=\"yoast-schema-graph\">{\"@context\":\"https:\/\/schema.org\",\"@graph\":[{\"@type\":\"Article\",\"@id\":\"https:\/\/parosrentcar.com\/de\/fahrrad-zu-vermieten-in-paros\/#article\",\"isPartOf\":{\"@id\":\"https:\/\/parosrentcar.com\/de\/fahrrad-zu-vermieten-in-paros\/\"},\"author\":{\"name\":\"admin\",\"@id\":\"https:\/\/parosrentcar.com\/de\/#\/schema\/person\/01be574152483576849c772faae24294\"},\"headline\":\"Fahrrad zu vermieten in Paros\",\"datePublished\":\"2015-12-20T07:20:16+00:00\",\"dateModified\":\"2016-01-16T16:40:19+00:00\",\"mainEntityOfPage\":{\"@id\":\"https:\/\/parosrentcar.com\/de\/fahrrad-zu-vermieten-in-paros\/\"},\"wordCount\":88,\"commentCount\":0,\"keywords\":[\"Paros Fahrr\u00e4der\",\"Paros Fahrr\u00e4der zu vermieten\",\"Paros Fahrr\u00e4der zur Vermietung\"],\"articleSection\":[\"Paros Fahrr\u00e4der\",\"Paros Fahrr\u00e4der zu vermieten\",\"Paros Fahrr\u00e4der zur Vermietung\"],\"inLanguage\":\"de\",\"potentialAction\":[{\"@type\":\"CommentAction\",\"name\":\"Comment\",\"target\":[\"https:\/\/parosrentcar.com\/de\/fahrrad-zu-vermieten-in-paros\/#respond\"]}]},{\"@type\":\"WebPage\",\"@id\":\"https:\/\/parosrentcar.com\/de\/fahrrad-zu-vermieten-in-paros\/\",\"url\":\"https:\/\/parosrentcar.com\/de\/fahrrad-zu-vermieten-in-paros\/\",\"name\":\"Fahrrad zu vermieten in Paros\",\"isPartOf\":{\"@id\":\"https:\/\/parosrentcar.com\/de\/#website\"},\"datePublished\":\"2015-12-20T07:20:16+00:00\",\"dateModified\":\"2016-01-16T16:40:19+00:00\",\"author\":{\"@id\":\"https:\/\/parosrentcar.com\/de\/#\/schema\/person\/01be574152483576849c772faae24294\"},\"description\":\"Wir haben GT und Merida Fahrr\u00e4der zur Vermietung in Paros. Vermieten Sie ein Fahrrad und kombinieren Sport und Transport.\",\"breadcrumb\":{\"@id\":\"https:\/\/parosrentcar.com\/de\/fahrrad-zu-vermieten-in-paros\/#breadcrumb\"},\"inLanguage\":\"de\",\"potentialAction\":[{\"@type\":\"ReadAction\",\"target\":[\"https:\/\/parosrentcar.com\/de\/fahrrad-zu-vermieten-in-paros\/\"]}]},{\"@type\":\"BreadcrumbList\",\"@id\":\"https:\/\/parosrentcar.com\/de\/fahrrad-zu-vermieten-in-paros\/#breadcrumb\",\"itemListElement\":[{\"@type\":\"ListItem\",\"position\":1,\"name\":\"Home\",\"item\":\"https:\/\/parosrentcar.com\/de\/\"},{\"@type\":\"ListItem\",\"position\":2,\"name\":\"Fahrrad zu vermieten in Paros\"}]},{\"@type\":\"WebSite\",\"@id\":\"https:\/\/parosrentcar.com\/de\/#website\",\"url\":\"https:\/\/parosrentcar.com\/de\/\",\"name\":\"\u039cietwagen in Paros Griechenland | Autovermietung in Paros Griechenland\",\"description\":\"\u039cietwagen in Paros Griechenland\",\"potentialAction\":[{\"@type\":\"SearchAction\",\"target\":{\"@type\":\"EntryPoint\",\"urlTemplate\":\"https:\/\/parosrentcar.com\/de\/?s={search_term_string}\"},\"query-input\":{\"@type\":\"PropertyValueSpecification\",\"valueRequired\":true,\"valueName\":\"search_term_string\"}}],\"inLanguage\":\"de\"},{\"@type\":\"Person\",\"@id\":\"https:\/\/parosrentcar.com\/de\/#\/schema\/person\/01be574152483576849c772faae24294\",\"name\":\"admin\",\"image\":{\"@type\":\"ImageObject\",\"inLanguage\":\"de\",\"@id\":\"https:\/\/parosrentcar.com\/de\/#\/schema\/person\/image\/\",\"url\":\"https:\/\/secure.gravatar.com\/avatar\/e8373ef91d847108770c709f685a900c4549230f96552692edf55206b4e6cdac?s=96&d=mm&r=g\",\"contentUrl\":\"https:\/\/secure.gravatar.com\/avatar\/e8373ef91d847108770c709f685a900c4549230f96552692edf55206b4e6cdac?s=96&d=mm&r=g\",\"caption\":\"admin\"},\"url\":\"https:\/\/parosrentcar.com\/de\/author\/admin\/\"}]}<\/script>\n<!-- \/ Yoast SEO plugin. -->","yoast_head_json":{"title":"Fahrrad zu vermieten in Paros","description":"Wir haben GT und Merida Fahrr\u00e4der zur Vermietung in Paros. Vermieten Sie ein Fahrrad und kombinieren Sport und Transport.","robots":{"index":"index","follow":"follow","max-snippet":"max-snippet:-1","max-image-preview":"max-image-preview:large","max-video-preview":"max-video-preview:-1"},"canonical":"https:\/\/parosrentcar.com\/de\/fahrrad-zu-vermieten-in-paros\/","og_locale":"de_DE","og_type":"article","og_title":"Fahrrad zu vermieten in Paros","og_description":"Wir haben GT und Merida Fahrr\u00e4der zur Vermietung in Paros. Vermieten Sie ein Fahrrad und kombinieren Sport und Transport.","og_url":"https:\/\/parosrentcar.com\/de\/fahrrad-zu-vermieten-in-paros\/","og_site_name":"\u039cietwagen in Paros Griechenland | Autovermietung in Paros Griechenland","article_publisher":"https:\/\/www.facebook.com\/paroscarrental","article_published_time":"2015-12-20T07:20:16+00:00","article_modified_time":"2016-01-16T16:40:19+00:00","author":"admin","twitter_card":"summary_large_image","twitter_creator":"@parosrentcar","twitter_site":"@parosrentcar","twitter_misc":{"Verfasst von":"admin"},"schema":{"@context":"https:\/\/schema.org","@graph":[{"@type":"Article","@id":"https:\/\/parosrentcar.com\/de\/fahrrad-zu-vermieten-in-paros\/#article","isPartOf":{"@id":"https:\/\/parosrentcar.com\/de\/fahrrad-zu-vermieten-in-paros\/"},"author":{"name":"admin","@id":"https:\/\/parosrentcar.com\/de\/#\/schema\/person\/01be574152483576849c772faae24294"},"headline":"Fahrrad zu vermieten in Paros","datePublished":"2015-12-20T07:20:16+00:00","dateModified":"2016-01-16T16:40:19+00:00","mainEntityOfPage":{"@id":"https:\/\/parosrentcar.com\/de\/fahrrad-zu-vermieten-in-paros\/"},"wordCount":88,"commentCount":0,"keywords":["Paros Fahrr\u00e4der","Paros Fahrr\u00e4der zu vermieten","Paros Fahrr\u00e4der zur Vermietung"],"articleSection":["Paros Fahrr\u00e4der","Paros Fahrr\u00e4der zu vermieten","Paros Fahrr\u00e4der zur Vermietung"],"inLanguage":"de","potentialAction":[{"@type":"CommentAction","name":"Comment","target":["https:\/\/parosrentcar.com\/de\/fahrrad-zu-vermieten-in-paros\/#respond"]}]},{"@type":"WebPage","@id":"https:\/\/parosrentcar.com\/de\/fahrrad-zu-vermieten-in-paros\/","url":"https:\/\/parosrentcar.com\/de\/fahrrad-zu-vermieten-in-paros\/","name":"Fahrrad zu vermieten in Paros","isPartOf":{"@id":"https:\/\/parosrentcar.com\/de\/#website"},"datePublished":"2015-12-20T07:20:16+00:00","dateModified":"2016-01-16T16:40:19+00:00","author":{"@id":"https:\/\/parosrentcar.com\/de\/#\/schema\/person\/01be574152483576849c772faae24294"},"description":"Wir haben GT und Merida Fahrr\u00e4der zur Vermietung in Paros. Vermieten Sie ein Fahrrad und kombinieren Sport und Transport.","breadcrumb":{"@id":"https:\/\/parosrentcar.com\/de\/fahrrad-zu-vermieten-in-paros\/#breadcrumb"},"inLanguage":"de","potentialAction":[{"@type":"ReadAction","target":["https:\/\/parosrentcar.com\/de\/fahrrad-zu-vermieten-in-paros\/"]}]},{"@type":"BreadcrumbList","@id":"https:\/\/parosrentcar.com\/de\/fahrrad-zu-vermieten-in-paros\/#breadcrumb","itemListElement":[{"@type":"ListItem","position":1,"name":"Home","item":"https:\/\/parosrentcar.com\/de\/"},{"@type":"ListItem","position":2,"name":"Fahrrad zu vermieten in Paros"}]},{"@type":"WebSite","@id":"https:\/\/parosrentcar.com\/de\/#website","url":"https:\/\/parosrentcar.com\/de\/","name":"\u039cietwagen in Paros Griechenland | Autovermietung in Paros Griechenland","description":"\u039cietwagen in Paros Griechenland","potentialAction":[{"@type":"SearchAction","target":{"@type":"EntryPoint","urlTemplate":"https:\/\/parosrentcar.com\/de\/?s={search_term_string}"},"query-input":{"@type":"PropertyValueSpecification","valueRequired":true,"valueName":"search_term_string"}}],"inLanguage":"de"},{"@type":"Person","@id":"https:\/\/parosrentcar.com\/de\/#\/schema\/person\/01be574152483576849c772faae24294","name":"admin","image":{"@type":"ImageObject","inLanguage":"de","@id":"https:\/\/parosrentcar.com\/de\/#\/schema\/person\/image\/","url":"https:\/\/secure.gravatar.com\/avatar\/e8373ef91d847108770c709f685a900c4549230f96552692edf55206b4e6cdac?s=96&d=mm&r=g","contentUrl":"https:\/\/secure.gravatar.com\/avatar\/e8373ef91d847108770c709f685a900c4549230f96552692edf55206b4e6cdac?s=96&d=mm&r=g","caption":"admin"},"url":"https:\/\/parosrentcar.com\/de\/author\/admin\/"}]}},"_links":{"self":[{"href":"https:\/\/parosrentcar.com\/de\/wp-json\/wp\/v2\/posts\/2173","targetHints":{"allow":["GET"]}}],"collection":[{"href":"https:\/\/parosrentcar.com\/de\/wp-json\/wp\/v2\/posts"}],"about":[{"href":"https:\/\/parosrentcar.com\/de\/wp-json\/wp\/v2\/types\/post"}],"author":[{"embeddable":true,"href":"https:\/\/parosrentcar.com\/de\/wp-json\/wp\/v2\/users\/1"}],"replies":[{"embeddable":true,"href":"https:\/\/parosrentcar.com\/de\/wp-json\/wp\/v2\/comments?post=2173"}],"version-history":[{"count":2,"href":"https:\/\/parosrentcar.com\/de\/wp-json\/wp\/v2\/posts\/2173\/revisions"}],"predecessor-version":[{"id":2216,"href":"https:\/\/parosrentcar.com\/de\/wp-json\/wp\/v2\/posts\/2173\/revisions\/2216"}],"wp:attachment":[{"href":"https:\/\/parosrentcar.com\/de\/wp-json\/wp\/v2\/media?parent=2173"}],"wp:term":[{"taxonomy":"category","embeddable":true,"href":"https:\/\/parosrentcar.com\/de\/wp-json\/wp\/v2\/categories?post=2173"},{"taxonomy":"post_tag","embeddable":true,"href":"https:\/\/parosrentcar.com\/de\/wp-json\/wp\/v2\/tags?post=2173"}],"curies":[{"name":"wp","href":"https:\/\/api.w.org\/{rel}","templated":true}]}}