{"id":2065,"date":"2015-09-22T18:16:35","date_gmt":"2015-09-22T18:16:35","guid":{"rendered":"http:\/\/parosrentcar.com\/de\/?p=2065"},"modified":"2015-09-22T18:16:35","modified_gmt":"2015-09-22T18:16:35","slug":"quad-atv-zu-vermieten-in-paros","status":"publish","type":"post","link":"https:\/\/parosrentcar.com\/de\/quad-atv-zu-vermieten-in-paros\/","title":{"rendered":"Quad \u2013 Atv zu vermieten  in Paros"},"content":{"rendered":"<p>Wir verf\u00fcgen \u00fcber eine gro\u00dfe Vielfalt von \u00a0neuen Quads &#8211; Atv\u00a0 zu vermieten\u00a0 in Paros, immer in den besten Preisen !<\/p>\n<p>Die gro\u00dfe Vielfalt von\u00a0 Quads, die wir haben, kann jeden Geschmack und Wunsch befriedigen. Transportieren Sie leicht und entdecken Sie \u00a0die Sehensw\u00fcrdigkeiten und die Str\u00e4nden von Paros mit einem vermieteten Quad.<\/p>\n<p>Gro\u00dfe Vielfalt von Quads -\u0391tv:<\/p>\n<ul>\n<li>Quad : Kymco MXU 80cc<\/li>\n<li>Quad: Kymco MXU 150 cc<\/li>\n<li>Quad : Kymco MXU \u2013R 300cc<\/li>\n<li>Quad : Gamax 250cc<\/li>\n<\/ul>\n<p>F\u00fcr Online \u2013 Buchungen w\u00e4hlen Sie das Quad, das Ihnen am besten gef\u00e4llt und f\u00fcllen Sie das Formular mit Ihren Daten aus.<\/p>\n<p>Unsere \u00a0Preisen sind ohne geheime Belastungen und enthalten: 16 % Mehrwertsteuer- unbegrenzte Kilometer \u2013 Versicherung gegen Dritte- kostenloser Helm!<\/p>\n","protected":false},"excerpt":{"rendered":"<p>Wir verf\u00fcgen \u00fcber eine gro\u00dfe Vielfalt von \u00a0neuen Quads &#8211; Atv\u00a0 zu vermieten\u00a0 in Paros, immer in den besten Preisen ! Die gro\u00dfe Vielfalt von\u00a0 Quads, die wir haben, kann jeden Geschmack und Wunsch befriedigen. Transportieren Sie leicht und entdecken Sie \u00a0die Sehensw\u00fcrdigkeiten und die Str\u00e4nden von Paros mit einem vermieteten Quad. Gro\u00dfe Vielfalt von Quads -\u0391tv: Quad : Kymco MXU 80cc Quad: Kymco MXU 150 cc Quad : Kymco MXU \u2013R 300cc Quad : Gamax 250cc F\u00fcr Online \u2013 Buchungen w\u00e4hlen Sie das Quad, das Ihnen am besten gef\u00e4llt und f\u00fcllen Sie das Formular mit Ihren Daten aus. Unsere \u00a0Preisen sind ohne geheime Belastungen und enthalten: 16 % Mehrwertsteuer- [&hellip;]<\/p>\n","protected":false},"author":1,"featured_media":0,"comment_status":"open","ping_status":"open","sticky":false,"template":"","format":"standard","meta":{"footnotes":""},"categories":[25,22,23,24],"tags":[29,26,27,28],"class_list":["post-2065","post","type-post","status-publish","format-standard","hentry","category-paros-atv","category-paros-quad","category-paros-quad-zu-vermieten","category-paros-quad-zur-vermietung","tag-paros-atv","tag-paros-quad","tag-paros-quad-zu-vermieten","tag-paros-quad-zur-vermietung"],"yoast_head":"<!-- This site is optimized with the Yoast SEO plugin v27.1.1 - https:\/\/yoast.com\/product\/yoast-seo-wordpress\/ -->\n<title>Quad \u2013 Atv zu vermieten in Paros<\/title>\n<meta name=\"description\" content=\"Wir verf\u00fcgen \u00fcber eine gro\u00dfe Vielfalt von Quad zu vermieten in Paros f\u00fcr leichte Transporte \u00fcberall auf der ganzen Insel!\" \/>\n<meta name=\"robots\" content=\"index, follow, max-snippet:-1, max-image-preview:large, max-video-preview:-1\" \/>\n<link rel=\"canonical\" href=\"https:\/\/parosrentcar.com\/de\/quad-atv-zu-vermieten-in-paros\/\" \/>\n<meta property=\"og:locale\" content=\"de_DE\" \/>\n<meta property=\"og:type\" content=\"article\" \/>\n<meta property=\"og:title\" content=\"Quad \u2013 Atv zu vermieten in Paros\" \/>\n<meta property=\"og:description\" content=\"Wir verf\u00fcgen \u00fcber eine gro\u00dfe Vielfalt von Quad zu vermieten in Paros f\u00fcr leichte Transporte \u00fcberall auf der ganzen Insel!\" \/>\n<meta property=\"og:url\" content=\"https:\/\/parosrentcar.com\/de\/quad-atv-zu-vermieten-in-paros\/\" \/>\n<meta property=\"og:site_name\" content=\"\u039cietwagen in Paros Griechenland | Autovermietung in Paros Griechenland\" \/>\n<meta property=\"article:publisher\" content=\"https:\/\/www.facebook.com\/paroscarrental\" \/>\n<meta property=\"article:published_time\" content=\"2015-09-22T18:16:35+00:00\" \/>\n<meta name=\"author\" content=\"admin\" \/>\n<meta name=\"twitter:card\" content=\"summary_large_image\" \/>\n<meta name=\"twitter:creator\" content=\"@parosrentcar\" \/>\n<meta name=\"twitter:site\" content=\"@parosrentcar\" \/>\n<meta name=\"twitter:label1\" content=\"Verfasst von\" \/>\n\t<meta name=\"twitter:data1\" content=\"admin\" \/>\n\t<meta name=\"twitter:label2\" content=\"Gesch\u00e4tzte Lesezeit\" \/>\n\t<meta name=\"twitter:data2\" content=\"1\u00a0Minute\" \/>\n<script type=\"application\/ld+json\" class=\"yoast-schema-graph\">{\"@context\":\"https:\/\/schema.org\",\"@graph\":[{\"@type\":\"Article\",\"@id\":\"https:\/\/parosrentcar.com\/de\/quad-atv-zu-vermieten-in-paros\/#article\",\"isPartOf\":{\"@id\":\"https:\/\/parosrentcar.com\/de\/quad-atv-zu-vermieten-in-paros\/\"},\"author\":{\"name\":\"admin\",\"@id\":\"https:\/\/parosrentcar.com\/de\/#\/schema\/person\/01be574152483576849c772faae24294\"},\"headline\":\"Quad \u2013 Atv zu vermieten in Paros\",\"datePublished\":\"2015-09-22T18:16:35+00:00\",\"mainEntityOfPage\":{\"@id\":\"https:\/\/parosrentcar.com\/de\/quad-atv-zu-vermieten-in-paros\/\"},\"wordCount\":126,\"commentCount\":0,\"keywords\":[\"Paros atv\",\"Paros Quad\",\"Paros Quad zu vermieten\",\"Paros Quad zur Vermietung\"],\"articleSection\":[\"Paros atv\",\"Paros Quad\",\"Paros Quad zu vermieten\",\"Paros Quad zur Vermietung\"],\"inLanguage\":\"de\",\"potentialAction\":[{\"@type\":\"CommentAction\",\"name\":\"Comment\",\"target\":[\"https:\/\/parosrentcar.com\/de\/quad-atv-zu-vermieten-in-paros\/#respond\"]}]},{\"@type\":\"WebPage\",\"@id\":\"https:\/\/parosrentcar.com\/de\/quad-atv-zu-vermieten-in-paros\/\",\"url\":\"https:\/\/parosrentcar.com\/de\/quad-atv-zu-vermieten-in-paros\/\",\"name\":\"Quad \u2013 Atv zu vermieten in Paros\",\"isPartOf\":{\"@id\":\"https:\/\/parosrentcar.com\/de\/#website\"},\"datePublished\":\"2015-09-22T18:16:35+00:00\",\"author\":{\"@id\":\"https:\/\/parosrentcar.com\/de\/#\/schema\/person\/01be574152483576849c772faae24294\"},\"description\":\"Wir verf\u00fcgen \u00fcber eine gro\u00dfe Vielfalt von Quad zu vermieten in Paros f\u00fcr leichte Transporte \u00fcberall auf der ganzen Insel!\",\"breadcrumb\":{\"@id\":\"https:\/\/parosrentcar.com\/de\/quad-atv-zu-vermieten-in-paros\/#breadcrumb\"},\"inLanguage\":\"de\",\"potentialAction\":[{\"@type\":\"ReadAction\",\"target\":[\"https:\/\/parosrentcar.com\/de\/quad-atv-zu-vermieten-in-paros\/\"]}]},{\"@type\":\"BreadcrumbList\",\"@id\":\"https:\/\/parosrentcar.com\/de\/quad-atv-zu-vermieten-in-paros\/#breadcrumb\",\"itemListElement\":[{\"@type\":\"ListItem\",\"position\":1,\"name\":\"Home\",\"item\":\"https:\/\/parosrentcar.com\/de\/\"},{\"@type\":\"ListItem\",\"position\":2,\"name\":\"Quad \u2013 Atv zu vermieten in Paros\"}]},{\"@type\":\"WebSite\",\"@id\":\"https:\/\/parosrentcar.com\/de\/#website\",\"url\":\"https:\/\/parosrentcar.com\/de\/\",\"name\":\"\u039cietwagen in Paros Griechenland | Autovermietung in Paros Griechenland\",\"description\":\"\u039cietwagen in Paros Griechenland\",\"potentialAction\":[{\"@type\":\"SearchAction\",\"target\":{\"@type\":\"EntryPoint\",\"urlTemplate\":\"https:\/\/parosrentcar.com\/de\/?s={search_term_string}\"},\"query-input\":{\"@type\":\"PropertyValueSpecification\",\"valueRequired\":true,\"valueName\":\"search_term_string\"}}],\"inLanguage\":\"de\"},{\"@type\":\"Person\",\"@id\":\"https:\/\/parosrentcar.com\/de\/#\/schema\/person\/01be574152483576849c772faae24294\",\"name\":\"admin\",\"image\":{\"@type\":\"ImageObject\",\"inLanguage\":\"de\",\"@id\":\"https:\/\/parosrentcar.com\/de\/#\/schema\/person\/image\/\",\"url\":\"https:\/\/secure.gravatar.com\/avatar\/e8373ef91d847108770c709f685a900c4549230f96552692edf55206b4e6cdac?s=96&d=mm&r=g\",\"contentUrl\":\"https:\/\/secure.gravatar.com\/avatar\/e8373ef91d847108770c709f685a900c4549230f96552692edf55206b4e6cdac?s=96&d=mm&r=g\",\"caption\":\"admin\"},\"url\":\"https:\/\/parosrentcar.com\/de\/author\/admin\/\"}]}<\/script>\n<!-- \/ Yoast SEO plugin. -->","yoast_head_json":{"title":"Quad \u2013 Atv zu vermieten in Paros","description":"Wir verf\u00fcgen \u00fcber eine gro\u00dfe Vielfalt von Quad zu vermieten in Paros f\u00fcr leichte Transporte \u00fcberall auf der ganzen Insel!","robots":{"index":"index","follow":"follow","max-snippet":"max-snippet:-1","max-image-preview":"max-image-preview:large","max-video-preview":"max-video-preview:-1"},"canonical":"https:\/\/parosrentcar.com\/de\/quad-atv-zu-vermieten-in-paros\/","og_locale":"de_DE","og_type":"article","og_title":"Quad \u2013 Atv zu vermieten in Paros","og_description":"Wir verf\u00fcgen \u00fcber eine gro\u00dfe Vielfalt von Quad zu vermieten in Paros f\u00fcr leichte Transporte \u00fcberall auf der ganzen Insel!","og_url":"https:\/\/parosrentcar.com\/de\/quad-atv-zu-vermieten-in-paros\/","og_site_name":"\u039cietwagen in Paros Griechenland | Autovermietung in Paros Griechenland","article_publisher":"https:\/\/www.facebook.com\/paroscarrental","article_published_time":"2015-09-22T18:16:35+00:00","author":"admin","twitter_card":"summary_large_image","twitter_creator":"@parosrentcar","twitter_site":"@parosrentcar","twitter_misc":{"Verfasst von":"admin","Gesch\u00e4tzte Lesezeit":"1\u00a0Minute"},"schema":{"@context":"https:\/\/schema.org","@graph":[{"@type":"Article","@id":"https:\/\/parosrentcar.com\/de\/quad-atv-zu-vermieten-in-paros\/#article","isPartOf":{"@id":"https:\/\/parosrentcar.com\/de\/quad-atv-zu-vermieten-in-paros\/"},"author":{"name":"admin","@id":"https:\/\/parosrentcar.com\/de\/#\/schema\/person\/01be574152483576849c772faae24294"},"headline":"Quad \u2013 Atv zu vermieten in Paros","datePublished":"2015-09-22T18:16:35+00:00","mainEntityOfPage":{"@id":"https:\/\/parosrentcar.com\/de\/quad-atv-zu-vermieten-in-paros\/"},"wordCount":126,"commentCount":0,"keywords":["Paros atv","Paros Quad","Paros Quad zu vermieten","Paros Quad zur Vermietung"],"articleSection":["Paros atv","Paros Quad","Paros Quad zu vermieten","Paros Quad zur Vermietung"],"inLanguage":"de","potentialAction":[{"@type":"CommentAction","name":"Comment","target":["https:\/\/parosrentcar.com\/de\/quad-atv-zu-vermieten-in-paros\/#respond"]}]},{"@type":"WebPage","@id":"https:\/\/parosrentcar.com\/de\/quad-atv-zu-vermieten-in-paros\/","url":"https:\/\/parosrentcar.com\/de\/quad-atv-zu-vermieten-in-paros\/","name":"Quad \u2013 Atv zu vermieten in Paros","isPartOf":{"@id":"https:\/\/parosrentcar.com\/de\/#website"},"datePublished":"2015-09-22T18:16:35+00:00","author":{"@id":"https:\/\/parosrentcar.com\/de\/#\/schema\/person\/01be574152483576849c772faae24294"},"description":"Wir verf\u00fcgen \u00fcber eine gro\u00dfe Vielfalt von Quad zu vermieten in Paros f\u00fcr leichte Transporte \u00fcberall auf der ganzen Insel!","breadcrumb":{"@id":"https:\/\/parosrentcar.com\/de\/quad-atv-zu-vermieten-in-paros\/#breadcrumb"},"inLanguage":"de","potentialAction":[{"@type":"ReadAction","target":["https:\/\/parosrentcar.com\/de\/quad-atv-zu-vermieten-in-paros\/"]}]},{"@type":"BreadcrumbList","@id":"https:\/\/parosrentcar.com\/de\/quad-atv-zu-vermieten-in-paros\/#breadcrumb","itemListElement":[{"@type":"ListItem","position":1,"name":"Home","item":"https:\/\/parosrentcar.com\/de\/"},{"@type":"ListItem","position":2,"name":"Quad \u2013 Atv zu vermieten in Paros"}]},{"@type":"WebSite","@id":"https:\/\/parosrentcar.com\/de\/#website","url":"https:\/\/parosrentcar.com\/de\/","name":"\u039cietwagen in Paros Griechenland | Autovermietung in Paros Griechenland","description":"\u039cietwagen in Paros Griechenland","potentialAction":[{"@type":"SearchAction","target":{"@type":"EntryPoint","urlTemplate":"https:\/\/parosrentcar.com\/de\/?s={search_term_string}"},"query-input":{"@type":"PropertyValueSpecification","valueRequired":true,"valueName":"search_term_string"}}],"inLanguage":"de"},{"@type":"Person","@id":"https:\/\/parosrentcar.com\/de\/#\/schema\/person\/01be574152483576849c772faae24294","name":"admin","image":{"@type":"ImageObject","inLanguage":"de","@id":"https:\/\/parosrentcar.com\/de\/#\/schema\/person\/image\/","url":"https:\/\/secure.gravatar.com\/avatar\/e8373ef91d847108770c709f685a900c4549230f96552692edf55206b4e6cdac?s=96&d=mm&r=g","contentUrl":"https:\/\/secure.gravatar.com\/avatar\/e8373ef91d847108770c709f685a900c4549230f96552692edf55206b4e6cdac?s=96&d=mm&r=g","caption":"admin"},"url":"https:\/\/parosrentcar.com\/de\/author\/admin\/"}]}},"_links":{"self":[{"href":"https:\/\/parosrentcar.com\/de\/wp-json\/wp\/v2\/posts\/2065","targetHints":{"allow":["GET"]}}],"collection":[{"href":"https:\/\/parosrentcar.com\/de\/wp-json\/wp\/v2\/posts"}],"about":[{"href":"https:\/\/parosrentcar.com\/de\/wp-json\/wp\/v2\/types\/post"}],"author":[{"embeddable":true,"href":"https:\/\/parosrentcar.com\/de\/wp-json\/wp\/v2\/users\/1"}],"replies":[{"embeddable":true,"href":"https:\/\/parosrentcar.com\/de\/wp-json\/wp\/v2\/comments?post=2065"}],"version-history":[{"count":1,"href":"https:\/\/parosrentcar.com\/de\/wp-json\/wp\/v2\/posts\/2065\/revisions"}],"predecessor-version":[{"id":2067,"href":"https:\/\/parosrentcar.com\/de\/wp-json\/wp\/v2\/posts\/2065\/revisions\/2067"}],"wp:attachment":[{"href":"https:\/\/parosrentcar.com\/de\/wp-json\/wp\/v2\/media?parent=2065"}],"wp:term":[{"taxonomy":"category","embeddable":true,"href":"https:\/\/parosrentcar.com\/de\/wp-json\/wp\/v2\/categories?post=2065"},{"taxonomy":"post_tag","embeddable":true,"href":"https:\/\/parosrentcar.com\/de\/wp-json\/wp\/v2\/tags?post=2065"}],"curies":[{"name":"wp","href":"https:\/\/api.w.org\/{rel}","templated":true}]}}